{"id":210624,"date":"2015-03-19T00:09:33","date_gmt":"2015-03-19T06:09:33","guid":{"rendered":"http:\/\/www.diarioimagen.net\/?p=210624"},"modified":"2015-03-19T05:59:49","modified_gmt":"2015-03-19T11:59:49","slug":"aumenta-consumo-de-drogas-entre-adolescentes-capitalinos","status":"publish","type":"post","link":"https:\/\/www.diarioimagen.net\/?p=210624","title":{"rendered":"Aumenta consumo de drogas entre adolescentes capitalinos"},"content":{"rendered":"<ul>\n<li><em><strong>Baja ingesta de alcohol, pero&#8230;<\/strong><\/em><\/li>\n<\/ul>\n<div id=\"attachment_165470\" style=\"width: 250px\" class=\"wp-caption alignleft\"><a href=\"http:\/\/www.diarioimagen.net\/wp-content\/uploads\/2014\/03\/DROGAS-portal.jpg\"><img loading=\"lazy\" decoding=\"async\" aria-describedby=\"caption-attachment-165470\" class=\"wp-image-165470 size-medium\" src=\"http:\/\/www.diarioimagen.net\/wp-content\/uploads\/2014\/03\/DROGAS-portal-240x135.jpg\" alt=\"Camacho Sol\u00eds sostuvo que podr\u00eda ser consecuencia de que hay familias que no se preocupan por el riesgo que tienen los j\u00f3venes al consumir tanto drogas legales como ilegales, o incluso que permiten que beban alcohol y tabaco a temprana edad.\" width=\"240\" height=\"135\" srcset=\"https:\/\/www.diarioimagen.net\/wp-content\/uploads\/2014\/03\/DROGAS-portal-240x135.jpg 240w, https:\/\/www.diarioimagen.net\/wp-content\/uploads\/2014\/03\/DROGAS-portal-420x236.jpg 420w, https:\/\/www.diarioimagen.net\/wp-content\/uploads\/2014\/03\/DROGAS-portal-235x132.jpg 235w, https:\/\/www.diarioimagen.net\/wp-content\/uploads\/2014\/03\/DROGAS-portal-202x114.jpg 202w, https:\/\/www.diarioimagen.net\/wp-content\/uploads\/2014\/03\/DROGAS-portal-350x196.jpg 350w, https:\/\/www.diarioimagen.net\/wp-content\/uploads\/2014\/03\/DROGAS-portal-220x123.jpg 220w, https:\/\/www.diarioimagen.net\/wp-content\/uploads\/2014\/03\/DROGAS-portal-237x132.jpg 237w, https:\/\/www.diarioimagen.net\/wp-content\/uploads\/2014\/03\/DROGAS-portal.jpg 480w\" sizes=\"auto, (max-width: 240px) 100vw, 240px\" \/><\/a><p id=\"caption-attachment-165470\" class=\"wp-caption-text\">Camacho Sol\u00eds sostuvo que podr\u00eda ser consecuencia de que hay familias que no se preocupan por el riesgo que tienen los j\u00f3venes al consumir tanto drogas legales como ilegales, o incluso que permiten que beban alcohol y tabaco a temprana edad.<\/p><\/div>\n<p>El consumo de alcohol y tabaco en los j\u00f3venes del Distrito Federal registr\u00f3 una reducci\u00f3n entre 2009 y 2012, en tanto que el de drogas il\u00edcitas tuvo aumentos importantes, revel\u00f3 el Instituto de Atenci\u00f3n y Prevenci\u00f3n de Adicciones (IAPA) de esta ciudad.<\/p>\n<p>El director general del organismo, Rafael Camacho Sol\u00eds, inform\u00f3 que, de acuerdo con las cifras m\u00e1s recientes, que comprenden entre 2009 y 2012, el consumo de alcohol y tabaco en estudiantes de secundaria y bachillerato se redujo en tres y en uno por ciento, respectivamente.<\/p>\n<p>En tanto, detall\u00f3, el de drogas il\u00edcitas como marihuana, metanfetaminas y coca\u00edna se increment\u00f3 de cuatro a 6.6 por ciento; de 0.7 a 1.3 por ciento y de 0.8 a 1.1 por ciento, respectivamente.<\/p>\n<p>En rueda de prensa en la que present\u00f3 el informe de labores 2014 del IAPA, Camacho Sol\u00eds subray\u00f3 que adem\u00e1s es preocupante la edad en la que los j\u00f3venes inician a ingerir bebidas alcoh\u00f3licas, tabaco y drogas; as\u00ed como las cifras relacionadas con las mujeres.<\/p>\n<p>Explic\u00f3 que en la poblaci\u00f3n adulta, por cada mujer que bebe alcohol se registra un promedio de 1.6 hombres que hacen lo mismo; mientras que en los j\u00f3venes, la incidencia es m\u00e1s en las chicas, al ubicarse en una proporci\u00f3n pareja con el sexo masculino.<\/p>\n<p>Expuso que la reducci\u00f3n del consumo de alcohol y tabaco en los adolescentes responda \u201cprobablemente\u201d a que exista m\u00e1s disponibilidad de drogas ilegales o a que los j\u00f3venes est\u00e9n \u201cconfundidos\u201d por la legalizaci\u00f3n del consumo de marihuana en Estados Unidos y piensen que \u201cno ha de ser tan mala\u201d.<\/p>\n<p>Camacho Sol\u00eds sostuvo que podr\u00eda ser consecuencia de que hay familias que no se preocupan por el riesgo que tienen los j\u00f3venes al consumir tanto drogas legales como ilegales, o incluso que permiten que beban alcohol y tabaco a temprana edad.<\/p>\n<p>El director general del IAPA destac\u00f3 que como parte del trabajo orientado al cuidado de la salud y al buen vivir de los habitantes de la ciudad de M\u00e9xico, m\u00e1s de 10 mil j\u00f3venes de secundaria y preparatoria han recibido informaci\u00f3n sobre los riesgos, da\u00f1os, mitos y realidades del consumo de sustancias psicoactivas.<\/p>\n<p>&nbsp;<\/p>\n","protected":false},"excerpt":{"rendered":"<p>El consumo de alcohol y tabaco en los j\u00f3venes del Distrito Federal registr\u00f3 una reducci\u00f3n entre 2009 y 2012, en tanto que el de drogas il\u00edcitas tuvo aumentos importantes, revel\u00f3 el Instituto de Atenci\u00f3n y Prevenci\u00f3n de Adicciones (IAPA) de esta ciudad.<\/p>\n","protected":false},"author":3,"featured_media":165470,"comment_status":"open","ping_status":"open","sticky":false,"template":"","format":"standard","meta":{"_monsterinsights_skip_tracking":false,"_monsterinsights_sitenote_active":false,"_monsterinsights_sitenote_note":"","_monsterinsights_sitenote_category":0,"footnotes":""},"categories":[6],"tags":[204,13450,265],"class_list":["post-210624","post","type-post","status-publish","format-standard","has-post-thumbnail","hentry","category-cd-de-mexico","tag-ciudad-de-mexico","tag-consumo","tag-drogas"],"_links":{"self":[{"href":"https:\/\/www.diarioimagen.net\/index.php?rest_route=\/wp\/v2\/posts\/210624","targetHints":{"allow":["GET"]}}],"collection":[{"href":"https:\/\/www.diarioimagen.net\/index.php?rest_route=\/wp\/v2\/posts"}],"about":[{"href":"https:\/\/www.diarioimagen.net\/index.php?rest_route=\/wp\/v2\/types\/post"}],"author":[{"embeddable":true,"href":"https:\/\/www.diarioimagen.net\/index.php?rest_route=\/wp\/v2\/users\/3"}],"replies":[{"embeddable":true,"href":"https:\/\/www.diarioimagen.net\/index.php?rest_route=%2Fwp%2Fv2%2Fcomments&post=210624"}],"version-history":[{"count":0,"href":"https:\/\/www.diarioimagen.net\/index.php?rest_route=\/wp\/v2\/posts\/210624\/revisions"}],"wp:featuredmedia":[{"embeddable":true,"href":"https:\/\/www.diarioimagen.net\/index.php?rest_route=\/wp\/v2\/media\/165470"}],"wp:attachment":[{"href":"https:\/\/www.diarioimagen.net\/index.php?rest_route=%2Fwp%2Fv2%2Fmedia&parent=210624"}],"wp:term":[{"taxonomy":"category","embeddable":true,"href":"https:\/\/www.diarioimagen.net\/index.php?rest_route=%2Fwp%2Fv2%2Fcategories&post=210624"},{"taxonomy":"post_tag","embeddable":true,"href":"https:\/\/www.diarioimagen.net\/index.php?rest_route=%2Fwp%2Fv2%2Ftags&post=210624"}],"curies":[{"name":"wp","href":"https:\/\/api.w.org\/{rel}","templated":true}]}}