{"id":210789,"date":"2015-03-20T00:09:59","date_gmt":"2015-03-20T06:09:59","guid":{"rendered":"http:\/\/www.diarioimagen.net\/?p=210789"},"modified":"2015-03-20T06:20:54","modified_gmt":"2015-03-20T12:20:54","slug":"pelicula-del-007-dejara-importante-derrama-economica-dice-sectur","status":"publish","type":"post","link":"https:\/\/www.diarioimagen.net\/?p=210789","title":{"rendered":"Pel\u00edcula del <em>007<\/em> dejar\u00e1 importante derrama econ\u00f3mica, dice Sectur"},"content":{"rendered":"<ul>\n<li><strong><em>Rechaza haber dado incentivo fiscal<\/em><\/strong><\/li>\n<\/ul>\n<div id=\"attachment_210872\" style=\"width: 250px\" class=\"wp-caption alignleft\"><a href=\"http:\/\/www.diarioimagen.net\/?attachment_id=210872\" rel=\"attachment wp-att-210872\"><img loading=\"lazy\" decoding=\"async\" aria-describedby=\"caption-attachment-210872\" class=\"size-medium wp-image-210872\" src=\"http:\/\/www.diarioimagen.net\/wp-content\/uploads\/2015\/03\/ruiz-massieu-2574-240x135.jpg\" alt=\"Claudia Ruiz Massieu inform\u00f3 que la filmaci\u00f3n de Spectre 007, dejar\u00e1 una derrama econ\u00f3mica importante a la ciudad de M\u00e9xico.\" width=\"240\" height=\"135\" srcset=\"https:\/\/www.diarioimagen.net\/wp-content\/uploads\/2015\/03\/ruiz-massieu-2574-240x135.jpg 240w, https:\/\/www.diarioimagen.net\/wp-content\/uploads\/2015\/03\/ruiz-massieu-2574-420x236.jpg 420w, https:\/\/www.diarioimagen.net\/wp-content\/uploads\/2015\/03\/ruiz-massieu-2574.jpg 480w, https:\/\/www.diarioimagen.net\/wp-content\/uploads\/2015\/03\/ruiz-massieu-2574-235x132.jpg 235w, https:\/\/www.diarioimagen.net\/wp-content\/uploads\/2015\/03\/ruiz-massieu-2574-202x114.jpg 202w, https:\/\/www.diarioimagen.net\/wp-content\/uploads\/2015\/03\/ruiz-massieu-2574-350x196.jpg 350w, https:\/\/www.diarioimagen.net\/wp-content\/uploads\/2015\/03\/ruiz-massieu-2574-220x123.jpg 220w, https:\/\/www.diarioimagen.net\/wp-content\/uploads\/2015\/03\/ruiz-massieu-2574-237x132.jpg 237w\" sizes=\"auto, (max-width: 240px) 100vw, 240px\" \/><\/a><p id=\"caption-attachment-210872\" class=\"wp-caption-text\">Claudia Ruiz Massieu inform\u00f3 que la filmaci\u00f3n de Spectre 007, dejar\u00e1 una derrama econ\u00f3mica importante a la ciudad de M\u00e9xico.<\/p><\/div>\n<p>La titular de la Secretar\u00eda de Turismo (Sectur), Claudia Ruiz Massieu, inform\u00f3 que la filmaci\u00f3n de <em>Spectre 007<\/em>, la nueva pel\u00edcula de James Bond, dejar\u00e1 una derrama econ\u00f3mica importante para la ciudad de M\u00e9xico.<\/p>\n<p>La funcionaria dej\u00f3 en claro que no se brind\u00f3 ning\u00fan tipo de incentivo fiscal para la realizaci\u00f3n de la pel\u00edcula, tampoco hubo ning\u00fan tipo de participaci\u00f3n en el gui\u00f3n.<\/p>\n<p>Luego de que ayer iniciaron los ensayos de un sobrevuelo con helic\u00f3ptero en el Centro Hist\u00f3rico como parte de la filmaci\u00f3n, dijo que tambi\u00e9n beneficiar\u00e1 la ocupaci\u00f3n hotelera y dem\u00e1s servicios del staf, adem\u00e1s de la generaci\u00f3n de trabajo para m\u00e1s de 2 mil 500 capitalinos.<\/p>\n<p>Durante el anuncio conjunto sobre la filmaci\u00f3n de la <em>saga 007<\/em>, el jefe de gobierno del Distrito Federal, Miguel \u00c1ngel Mancera, dijo que para la filmaci\u00f3n de la pel\u00edcula se cuenta con permisos del Instituto Nacional de Antropolog\u00eda e HistoriaI (INAH) y del Instituto Nacional de Bellas Artes (INBA).<\/p>\n<p>Ello, con el prop\u00f3sito de hacer uso de los espacios del Centro Hist\u00f3rico y agreg\u00f3 que se va a cuidar a los ciudadanos, los bienes de la capital y a los visitantes, para que todo salga bien.<\/p>\n<p>El jefe de gobierno capitalino, Miguel \u00c1ngel Mancera destac\u00f3 que es un motivo de orgullo que la producci\u00f3n de la pel\u00edcula se haya escogido a la ciudad de M\u00e9xico para las locaciones de<em> Spectre 007<\/em>, para lo cual se compiti\u00f3 con Singapur y Nueva York.<\/p>\n<p>Reconoci\u00f3 que tambi\u00e9n esa decisi\u00f3n es un reconocmiento a los buenos oficios y trabajo de la secretaria de Turismo, Claudia Ruiz Massieu.<\/p>\n<p>\u201cLa ciudad de M\u00e9xico va a aportar sus locaciones, la capital va a aportar la participaci\u00f3n de la gente que se sume a esta convocatoria que hicieron aproximadamente de 2 mil 500 extras para a filmaci\u00f3n\u201d.<\/p>\n<p>\u201cLa ciudad de M\u00e9xico va a aportar la log\u00edstica de reconducci\u00f3n de vialidades y obviamente de informaci\u00f3n a la ciudadan\u00eda\u201d.<\/p>\n<p>Antes, en entrevista Mancera Espinosa no descart\u00f3 que el actor principal de la pel\u00edcula, Daniel Craig, podr\u00eda ser nombrado hu\u00e9sped distinguido.<\/p>\n","protected":false},"excerpt":{"rendered":"<p>La titular de la Secretar\u00eda de Turismo (Sectur), Claudia Ruiz Massieu, inform\u00f3 que la filmaci\u00f3n de <em>Spectre 007<\/em>, la nueva pel\u00edcula de James Bond, dejar\u00e1 una derrama econ\u00f3mica importante para la ciudad de M\u00e9xico.<\/p>\n","protected":false},"author":3,"featured_media":210872,"comment_status":"open","ping_status":"open","sticky":false,"template":"","format":"standard","meta":{"_monsterinsights_skip_tracking":false,"_monsterinsights_sitenote_active":false,"_monsterinsights_sitenote_note":"","_monsterinsights_sitenote_category":0,"footnotes":""},"categories":[6],"tags":[204,2865],"class_list":["post-210789","post","type-post","status-publish","format-standard","has-post-thumbnail","hentry","category-cd-de-mexico","tag-ciudad-de-mexico","tag-sectur"],"_links":{"self":[{"href":"https:\/\/www.diarioimagen.net\/index.php?rest_route=\/wp\/v2\/posts\/210789","targetHints":{"allow":["GET"]}}],"collection":[{"href":"https:\/\/www.diarioimagen.net\/index.php?rest_route=\/wp\/v2\/posts"}],"about":[{"href":"https:\/\/www.diarioimagen.net\/index.php?rest_route=\/wp\/v2\/types\/post"}],"author":[{"embeddable":true,"href":"https:\/\/www.diarioimagen.net\/index.php?rest_route=\/wp\/v2\/users\/3"}],"replies":[{"embeddable":true,"href":"https:\/\/www.diarioimagen.net\/index.php?rest_route=%2Fwp%2Fv2%2Fcomments&post=210789"}],"version-history":[{"count":0,"href":"https:\/\/www.diarioimagen.net\/index.php?rest_route=\/wp\/v2\/posts\/210789\/revisions"}],"wp:featuredmedia":[{"embeddable":true,"href":"https:\/\/www.diarioimagen.net\/index.php?rest_route=\/wp\/v2\/media\/210872"}],"wp:attachment":[{"href":"https:\/\/www.diarioimagen.net\/index.php?rest_route=%2Fwp%2Fv2%2Fmedia&parent=210789"}],"wp:term":[{"taxonomy":"category","embeddable":true,"href":"https:\/\/www.diarioimagen.net\/index.php?rest_route=%2Fwp%2Fv2%2Fcategories&post=210789"},{"taxonomy":"post_tag","embeddable":true,"href":"https:\/\/www.diarioimagen.net\/index.php?rest_route=%2Fwp%2Fv2%2Ftags&post=210789"}],"curies":[{"name":"wp","href":"https:\/\/api.w.org\/{rel}","templated":true}]}}