{"id":210967,"date":"2015-03-23T00:09:15","date_gmt":"2015-03-23T06:09:15","guid":{"rendered":"http:\/\/www.diarioimagen.net\/?p=210967"},"modified":"2015-03-23T05:33:43","modified_gmt":"2015-03-23T11:33:43","slug":"huevo-tiene-un-impacto-marginal-en-la-inflacion","status":"publish","type":"post","link":"https:\/\/www.diarioimagen.net\/?p=210967","title":{"rendered":"Huevo tiene un impacto marginal en la inflaci\u00f3n"},"content":{"rendered":"<ul>\n<li><strong><em>Banxico<\/em><\/strong><\/li>\n<\/ul>\n<p>&nbsp;<\/p>\n<p>&nbsp;<\/p>\n<div id=\"attachment_211056\" style=\"width: 250px\" class=\"wp-caption alignleft\"><a href=\"http:\/\/www.diarioimagen.net\/?attachment_id=211056\" rel=\"attachment wp-att-211056\"><img loading=\"lazy\" decoding=\"async\" aria-describedby=\"caption-attachment-211056\" class=\"size-medium wp-image-211056\" src=\"http:\/\/www.diarioimagen.net\/wp-content\/uploads\/2015\/03\/mancera-2575-240x135.jpg\" alt=\"Mancera Espinosa dijo que de ser necesario saldr\u00edan directamente a las calles a ofrecer el huevo, pero hasta este momento no es necesario porque hay producto.\" width=\"240\" height=\"135\" srcset=\"https:\/\/www.diarioimagen.net\/wp-content\/uploads\/2015\/03\/mancera-2575-240x135.jpg 240w, https:\/\/www.diarioimagen.net\/wp-content\/uploads\/2015\/03\/mancera-2575-420x236.jpg 420w, https:\/\/www.diarioimagen.net\/wp-content\/uploads\/2015\/03\/mancera-2575.jpg 480w, https:\/\/www.diarioimagen.net\/wp-content\/uploads\/2015\/03\/mancera-2575-235x132.jpg 235w, https:\/\/www.diarioimagen.net\/wp-content\/uploads\/2015\/03\/mancera-2575-202x114.jpg 202w, https:\/\/www.diarioimagen.net\/wp-content\/uploads\/2015\/03\/mancera-2575-350x196.jpg 350w, https:\/\/www.diarioimagen.net\/wp-content\/uploads\/2015\/03\/mancera-2575-220x123.jpg 220w, https:\/\/www.diarioimagen.net\/wp-content\/uploads\/2015\/03\/mancera-2575-237x132.jpg 237w\" sizes=\"auto, (max-width: 240px) 100vw, 240px\" \/><\/a><p id=\"caption-attachment-211056\" class=\"wp-caption-text\">Mancera Espinosa dijo que de ser necesario saldr\u00edan directamente a las calles a ofrecer el huevo, pero hasta este momento no es necesario porque hay producto.<\/p><\/div>\n<p>El gobernador del Banco de M\u00e9xico, Agust\u00edn Carstens, asegur\u00f3 que el alza en el precio del huevo ha tenido un impacto marginal en la inflaci\u00f3n y se espera que ser\u00e1 transitoria,<\/p>\n<p>Reiter\u00f3 que las autoridades actuar\u00e1n para enfrentar la volatilidad de los mercados e incluso de manera m\u00e1s agresiva si es necesario.<\/p>\n<p>Por su parte, el jefe de gobierno del Distrito Federal, Miguel \u00c1ngel Mancera, asegur\u00f3 que en la capital no hay desa\u00adbasto de huevo, sino sobredemanda por la cuaresma.<\/p>\n<p>El mandatario local asegur\u00f3 que no se va a permitir especulaci\u00f3n en el precio del huevo, porque hay garant\u00eda de que existe producto en existencia.<\/p>\n<p>Inform\u00f3 que en la Central de Abasto el precio al menudeo es hasta de 32 pesos, mientras que al mayoreo alcanza los 29; es decir, 8 pesos menos que en las calles de la capital.<\/p>\n<p>\u201cLo que estamos mostrando aqu\u00ed no es una situaci\u00f3n alarmista, eso hay que dejarlo claro; los expertos nos han dicho que el alza en el precio del producto se debe principalmente a la temporada de Cuaresma, a la demanda del alimento. No quiere decir que haya desabasto, eso es muy importante tenerlo en contexto\u201d, dijo en el Banco de Alimentos de la Central de Abasto.<\/p>\n<p>Hizo una invitaci\u00f3n a los distribuidores finales de la ciudad para que compren este producto en la Central de Abasto con el fin de que no se incremente el precio.<\/p>\n<p>Esta medida es temporal mientras va disminuyendo la demanda por la temporada. \u201cTenemos una lista de las bodegas que tienen huevo en la Central de Abasto y les puedo dar seguridad que estamos partiendo de 30 a 32 pesos\u201d, detall\u00f3.<\/p>\n<p>Mancera Espinosa dijo que de ser necesario saldr\u00edan directamente a las calles a ofrecer el huevo, pero hasta este momento no es necesario porque hay producto.<\/p>\n<p>Dijo que la Secretar\u00eda de Desarrollo Econ\u00f3mico tiene la instrucci\u00f3n de informar a los distribuidores finales de estos precios para que \u201cellos sepan que aqu\u00ed hay garant\u00eda de que existe el producto y un precio sin especulaci\u00f3n\u201d<\/p>\n<p>De igual manera, dijo que el Banco de Alimentos cuenta ya con 105 toneladas de huevo para distribuir en comedores comunitarios y organizaciones civiles.<\/p>\n<p>&nbsp;<\/p>\n","protected":false},"excerpt":{"rendered":"<p>El gobernador del Banco de M\u00e9xico, Agust\u00edn Carstens, asegur\u00f3 que el alza en el precio del huevo ha tenido un impacto marginal en la inflaci\u00f3n y se espera que ser\u00e1 transitoria,<\/p>\n","protected":false},"author":3,"featured_media":211056,"comment_status":"open","ping_status":"open","sticky":false,"template":"","format":"standard","meta":{"_monsterinsights_skip_tracking":false,"_monsterinsights_sitenote_active":false,"_monsterinsights_sitenote_note":"","_monsterinsights_sitenote_category":0,"footnotes":""},"categories":[3],"tags":[1519,1213,43673],"class_list":["post-210967","post","type-post","status-publish","format-standard","has-post-thumbnail","hentry","category-nacional","tag-banxico","tag-huevo","tag-nacional"],"_links":{"self":[{"href":"https:\/\/www.diarioimagen.net\/index.php?rest_route=\/wp\/v2\/posts\/210967","targetHints":{"allow":["GET"]}}],"collection":[{"href":"https:\/\/www.diarioimagen.net\/index.php?rest_route=\/wp\/v2\/posts"}],"about":[{"href":"https:\/\/www.diarioimagen.net\/index.php?rest_route=\/wp\/v2\/types\/post"}],"author":[{"embeddable":true,"href":"https:\/\/www.diarioimagen.net\/index.php?rest_route=\/wp\/v2\/users\/3"}],"replies":[{"embeddable":true,"href":"https:\/\/www.diarioimagen.net\/index.php?rest_route=%2Fwp%2Fv2%2Fcomments&post=210967"}],"version-history":[{"count":0,"href":"https:\/\/www.diarioimagen.net\/index.php?rest_route=\/wp\/v2\/posts\/210967\/revisions"}],"wp:featuredmedia":[{"embeddable":true,"href":"https:\/\/www.diarioimagen.net\/index.php?rest_route=\/wp\/v2\/media\/211056"}],"wp:attachment":[{"href":"https:\/\/www.diarioimagen.net\/index.php?rest_route=%2Fwp%2Fv2%2Fmedia&parent=210967"}],"wp:term":[{"taxonomy":"category","embeddable":true,"href":"https:\/\/www.diarioimagen.net\/index.php?rest_route=%2Fwp%2Fv2%2Fcategories&post=210967"},{"taxonomy":"post_tag","embeddable":true,"href":"https:\/\/www.diarioimagen.net\/index.php?rest_route=%2Fwp%2Fv2%2Ftags&post=210967"}],"curies":[{"name":"wp","href":"https:\/\/api.w.org\/{rel}","templated":true}]}}