{"id":211549,"date":"2015-03-26T00:04:02","date_gmt":"2015-03-26T06:04:02","guid":{"rendered":"http:\/\/www.diarioimagen.net\/?p=211549"},"modified":"2015-03-27T08:02:14","modified_gmt":"2015-03-27T14:02:14","slug":"a-los-12-anos-los-menores-comienzan-a-ingerir-alcohol","status":"publish","type":"post","link":"https:\/\/www.diarioimagen.net\/?p=211549","title":{"rendered":"A los 12 a\u00f1os los menores comienzan a ingerir alcohol"},"content":{"rendered":"<ul>\n<li><strong><em>Avala Senado reformas contra alcoholismo juvenil<\/em><\/strong><\/li>\n<\/ul>\n<div id=\"attachment_211614\" style=\"width: 250px\" class=\"wp-caption alignleft\"><a href=\"http:\/\/www.diarioimagen.net\/?attachment_id=211614\" rel=\"attachment wp-att-211614\"><img loading=\"lazy\" decoding=\"async\" aria-describedby=\"caption-attachment-211614\" class=\"size-medium wp-image-211614\" src=\"http:\/\/www.diarioimagen.net\/wp-content\/uploads\/2015\/03\/reformas-alcohol-2578-240x135.jpg\" alt=\"El consumo de alcohol entre la poblaci\u00f3n de 12 a 17 a\u00f1os representan 4.9 millones de consumidores en el pa\u00eds.\" width=\"240\" height=\"135\" srcset=\"https:\/\/www.diarioimagen.net\/wp-content\/uploads\/2015\/03\/reformas-alcohol-2578-240x135.jpg 240w, https:\/\/www.diarioimagen.net\/wp-content\/uploads\/2015\/03\/reformas-alcohol-2578-420x236.jpg 420w, https:\/\/www.diarioimagen.net\/wp-content\/uploads\/2015\/03\/reformas-alcohol-2578.jpg 480w, https:\/\/www.diarioimagen.net\/wp-content\/uploads\/2015\/03\/reformas-alcohol-2578-235x132.jpg 235w, https:\/\/www.diarioimagen.net\/wp-content\/uploads\/2015\/03\/reformas-alcohol-2578-202x114.jpg 202w, https:\/\/www.diarioimagen.net\/wp-content\/uploads\/2015\/03\/reformas-alcohol-2578-350x196.jpg 350w, https:\/\/www.diarioimagen.net\/wp-content\/uploads\/2015\/03\/reformas-alcohol-2578-220x123.jpg 220w, https:\/\/www.diarioimagen.net\/wp-content\/uploads\/2015\/03\/reformas-alcohol-2578-237x132.jpg 237w\" sizes=\"auto, (max-width: 240px) 100vw, 240px\" \/><\/a><p id=\"caption-attachment-211614\" class=\"wp-caption-text\">El consumo de alcohol entre la poblaci\u00f3n de 12 a 17 a\u00f1os representan 4.9 millones de consumidores en el pa\u00eds.<\/p><\/div>\n<p>El Senado de la Rep\u00fablica aprob\u00f3 cambios a la Ley General de Salud en sus art\u00edculos 112, 185, 186 y 308, a fin de elaborar programas y acciones contra el alcoholismo y el abuso de bebidas alcoh\u00f3licas entre la poblaci\u00f3n juvenil y sus consecuencias.<\/p>\n<p>Durante la sesi\u00f3n ordinaria la presidenta de la Comisi\u00f3n de Salud, Maki Esther Ortiz Dom\u00ednguez, dijo que la edad promedio de inicio de ingesta alcoh\u00f3lica es de 12 a\u00f1os.<\/p>\n<p>Destac\u00f3 que esto no sucede en establecimientos mercantiles sino al interior de las familias, lo que resulta un problema de salud p\u00fablica que abarca 65 por ciento de la poblaci\u00f3n de entre 12 y 65 a\u00f1os.<\/p>\n<p>Las tendencias de consumo de alcohol entre la poblaci\u00f3n de 12 a 17 a\u00f1os son alarmantes, ya que representan 4.9 millones de consumidores, lo que equivale a 10.8 por ciento de hombres y 1.8 por ciento de mujeres. El consumo afecta a 4.1 por ciento de adolescentes y a 6.6 de adultos, indic\u00f3.<\/p>\n<p>La senadora del grupo arlamentario del Partido Acci\u00f3n Nacional, manifest\u00f3 que de todos los j\u00f3venes que comienzan a beber antes de los 15 a\u00f1os, casi la mitad se convierten en alcoh\u00f3licos.<\/p>\n<p>El secretario de la Comisi\u00f3n de Salud, senador Arqu\u00edmides Oramas Vargas, precis\u00f3 que el alcoholismo afecta la salud emocional y f\u00edsica, por lo que se deben establecer programas para prevenir y reducir el consumo de este tipo de bebidas.<\/p>\n<p>De acuerdo con la Encuesta Nacional de Adicciones 2011, beber alcohol ha aumentado entre mujeres, especialmente entre las adolescentes: la dependencia en hombres se duplic\u00f3 de 3.5 a 6.2 por ciento, y en las mujeres se triplic\u00f3 de 0.6 a dos por ciento, en el periodo de 2002 a 2011, se\u00f1ala el dictamen.<\/p>\n<p>Asimismo, Puebla, Tlaxcala, Morelos, Estado de M\u00e9xico, Hidalgo, Quer\u00e9taro y Guanajuato, son las entidades que en el \u00faltimo a\u00f1o presentaron mayor dependencia al alcohol y por encima del promedio nacional.<\/p>\n<p>En dichas regiones los j\u00f3venes son los m\u00e1s afectados y quienes se encuentran considerados dentro de 12.6 por ciento de hombres y mujeres que inician su adicci\u00f3n entre 16 y 19 a\u00f1os, de acuerdo con datos de la Encuesta Nacional de Adicciones 2011.<\/p>\n<p>El documento fue enviado a la C\u00e1mara de Diputados y ser\u00e1n la Secretar\u00eda de Salud, los gobiernos de las entidades federativas y el Consejo de Salubridad General, los encargados de la ejecuci\u00f3n de programas contra el alcoholismo y abuso de bebidas alcoh\u00f3licas.<\/p>\n<p>&nbsp;<\/p>\n","protected":false},"excerpt":{"rendered":"<p>El Senado de la Rep\u00fablica aprob\u00f3 cambios a la Ley General de Salud en sus art\u00edculos 112, 185, 186 y 308, a fin de elaborar programas y acciones contra el alcoholismo y el abuso de bebidas alcoh\u00f3licas entre la poblaci\u00f3n juvenil y sus consecuencias.<\/p>\n","protected":false},"author":3,"featured_media":211614,"comment_status":"open","ping_status":"open","sticky":false,"template":"","format":"standard","meta":{"_monsterinsights_skip_tracking":false,"_monsterinsights_sitenote_active":false,"_monsterinsights_sitenote_note":"","_monsterinsights_sitenote_category":0,"footnotes":""},"categories":[3],"tags":[5016,8203,43673,116],"class_list":["post-211549","post","type-post","status-publish","format-standard","has-post-thumbnail","hentry","category-nacional","tag-alcohol","tag-menores","tag-nacional","tag-senado-de-la-republica"],"_links":{"self":[{"href":"https:\/\/www.diarioimagen.net\/index.php?rest_route=\/wp\/v2\/posts\/211549","targetHints":{"allow":["GET"]}}],"collection":[{"href":"https:\/\/www.diarioimagen.net\/index.php?rest_route=\/wp\/v2\/posts"}],"about":[{"href":"https:\/\/www.diarioimagen.net\/index.php?rest_route=\/wp\/v2\/types\/post"}],"author":[{"embeddable":true,"href":"https:\/\/www.diarioimagen.net\/index.php?rest_route=\/wp\/v2\/users\/3"}],"replies":[{"embeddable":true,"href":"https:\/\/www.diarioimagen.net\/index.php?rest_route=%2Fwp%2Fv2%2Fcomments&post=211549"}],"version-history":[{"count":0,"href":"https:\/\/www.diarioimagen.net\/index.php?rest_route=\/wp\/v2\/posts\/211549\/revisions"}],"wp:featuredmedia":[{"embeddable":true,"href":"https:\/\/www.diarioimagen.net\/index.php?rest_route=\/wp\/v2\/media\/211614"}],"wp:attachment":[{"href":"https:\/\/www.diarioimagen.net\/index.php?rest_route=%2Fwp%2Fv2%2Fmedia&parent=211549"}],"wp:term":[{"taxonomy":"category","embeddable":true,"href":"https:\/\/www.diarioimagen.net\/index.php?rest_route=%2Fwp%2Fv2%2Fcategories&post=211549"},{"taxonomy":"post_tag","embeddable":true,"href":"https:\/\/www.diarioimagen.net\/index.php?rest_route=%2Fwp%2Fv2%2Ftags&post=211549"}],"curies":[{"name":"wp","href":"https:\/\/api.w.org\/{rel}","templated":true}]}}