{"id":211555,"date":"2015-03-26T00:03:48","date_gmt":"2015-03-26T06:03:48","guid":{"rendered":"http:\/\/www.diarioimagen.net\/?p=211555"},"modified":"2015-03-27T08:02:10","modified_gmt":"2015-03-27T14:02:10","slug":"ine-el-proceso-electoral-avanza-sin-contratiempos","status":"publish","type":"post","link":"https:\/\/www.diarioimagen.net\/?p=211555","title":{"rendered":"INE: el proceso electoral avanza sin contratiempos"},"content":{"rendered":"<ul>\n<li><strong><em>Se instalar\u00e1n las 152 mil casillas<\/em><\/strong><\/li>\n<\/ul>\n<div id=\"attachment_211606\" style=\"width: 250px\" class=\"wp-caption alignleft\"><a href=\"http:\/\/www.diarioimagen.net\/?attachment_id=211606\" rel=\"attachment wp-att-211606\"><img loading=\"lazy\" decoding=\"async\" aria-describedby=\"caption-attachment-211606\" class=\"size-medium wp-image-211606\" src=\"http:\/\/www.diarioimagen.net\/wp-content\/uploads\/2015\/03\/INE-2578-240x135.jpg\" alt=\"El presidente del INE, Lorenzo C\u00f3rdova, dijo que se est\u00e1n creando poco a poco las condiciones para que en todo el pa\u00eds se instalen las m\u00e1s de 152 mil casillas previstas para el 7 de junio.\" width=\"240\" height=\"135\" srcset=\"https:\/\/www.diarioimagen.net\/wp-content\/uploads\/2015\/03\/INE-2578-240x135.jpg 240w, https:\/\/www.diarioimagen.net\/wp-content\/uploads\/2015\/03\/INE-2578-420x236.jpg 420w, https:\/\/www.diarioimagen.net\/wp-content\/uploads\/2015\/03\/INE-2578.jpg 480w, https:\/\/www.diarioimagen.net\/wp-content\/uploads\/2015\/03\/INE-2578-235x132.jpg 235w, https:\/\/www.diarioimagen.net\/wp-content\/uploads\/2015\/03\/INE-2578-202x114.jpg 202w, https:\/\/www.diarioimagen.net\/wp-content\/uploads\/2015\/03\/INE-2578-350x196.jpg 350w, https:\/\/www.diarioimagen.net\/wp-content\/uploads\/2015\/03\/INE-2578-220x123.jpg 220w, https:\/\/www.diarioimagen.net\/wp-content\/uploads\/2015\/03\/INE-2578-237x132.jpg 237w\" sizes=\"auto, (max-width: 240px) 100vw, 240px\" \/><\/a><p id=\"caption-attachment-211606\" class=\"wp-caption-text\">El presidente del INE, Lorenzo C\u00f3rdova, dijo que se est\u00e1n creando poco a poco las condiciones para que en todo el pa\u00eds se instalen las m\u00e1s de 152 mil casillas previstas para el 7 de junio.<\/p><\/div>\n<p>El proceso electoral federal tiene un avance de 42 por ciento, sin contratiempos y por la ruta correcta en estados como Guerrero, Oaxaca y Michoac\u00e1n, informaron consejeros del Instituto Nacional Electoral (INE).<\/p>\n<p>A 73 d\u00edas de los comicios y a 10 del inicio de las campa\u00f1as electorales, el presidente del INE, Lorenzo C\u00f3rdova, dijo que se est\u00e1n creando poco a poco las condiciones para que en todo el pa\u00eds se instalen las m\u00e1s de 152 mil casillas previstas, dado que el proceso comicial \u201cavanza por la ruta correcta\u201d.<\/p>\n<p>Al recibir en sesi\u00f3n ordinaria el Quinto Informe del Plan y Calendario Integral del Proceso Electoral Federal 2014-2015, C\u00f3rdova Vianello record\u00f3 que la democracia es una construcci\u00f3n colectiva que requiere responsabilidad pol\u00edtica y compromisos con la legalidad.<\/p>\n<p>\u201cDados los resultados podemos asegurar que estamos en la ruta correcta para que \u2018la prueba del \u00e1cido\u2019 del sistema nacional de elecciones sea, al d\u00eda siguiente de la jornada electoral, una prueba superada. El proceso, insisto, avanza d\u00eda a d\u00eda\u201d, expres\u00f3.<\/p>\n<p>El consejero presidente del INE resalt\u00f3 que con imparcialidad, di\u00e1logo y responsabilidad la autoridad electoral superar\u00e1 los obst\u00e1culos que pudiera enfrentar durante la organizaci\u00f3n de los comicios de este a\u00f1o.<\/p>\n<p>A su vez, el consejero Ciro Murayama detall\u00f3 que de los m\u00e1s de 10.5 millones de mexicanos insaculados para participar como funcionarios de casilla, se han visitado en su domicilio a 95.66 por ciento, notificado al 42 por ciento y capacitado al 23 por ciento.<\/p>\n<p>Refiri\u00f3 que en estados como Guerrero, donde se requerir\u00e1n 44 mil 900 ciudadanos, hasta ahora se cuenta con 80 mil 932 personas aptas, es decir que ya fueron notificados, cumplen con los requisitos de ley y ya tomaron la primera capacitaci\u00f3n. Esto representa casi el doble de los ciudadanos que se requerir\u00e1 en esa entidad.<\/p>\n<p>En tanto, en Oaxaca, donde se requerir\u00e1n 36 mil 589 ciudadanos, ya se cuenta como aptos a 87 mil 906, mientras que en Michoac\u00e1n se requerir\u00e1n 53 mil 469 y han sido capacitados y certificados como aptos 111 mil ciudadanos.<\/p>\n<p>Por lo anterior, el consejero electoral refiri\u00f3 que las sesiones de los consejos distritales y locales avanzan en todo el pa\u00eds, \u201cse han celebrado 3 mil 55 sesiones, 91 de ellas en Guerrero; 107 en Oaxaca y 120 en Michoac\u00e1n.<\/p>\n<p>\u201cEste informe nos permite comprobar que pese a las dificultades del entorno, la tarea sustantiva de organizar las elecciones para garantizar que cada ciudadano pueda ejercer su derecho al sufragio el pr\u00f3ximo 7 de junio, est\u00e1 avanzando\u201d, resalt\u00f3 Murayama Rend\u00f3n. Adem\u00e1s, se ha cumplido con 253 actividades de las 603 programadas, es decir, el 42 por ciento del trabajo del proceso electoral, entre el 13 de febrero y el 12 de marzo.<\/p>\n","protected":false},"excerpt":{"rendered":"<p>El proceso electoral federal tiene un avance de 42 por ciento, sin contratiempos y por la ruta correcta en estados como Guerrero, Oaxaca y Michoac\u00e1n, informaron consejeros del Instituto Nacional Electoral (INE).<\/p>\n","protected":false},"author":3,"featured_media":211606,"comment_status":"open","ping_status":"open","sticky":false,"template":"","format":"standard","meta":{"_monsterinsights_skip_tracking":false,"_monsterinsights_sitenote_active":false,"_monsterinsights_sitenote_note":"","_monsterinsights_sitenote_category":0,"footnotes":""},"categories":[3],"tags":[29347,4590],"class_list":["post-211555","post","type-post","status-publish","format-standard","has-post-thumbnail","hentry","category-nacional","tag-ine","tag-proceso"],"_links":{"self":[{"href":"https:\/\/www.diarioimagen.net\/index.php?rest_route=\/wp\/v2\/posts\/211555","targetHints":{"allow":["GET"]}}],"collection":[{"href":"https:\/\/www.diarioimagen.net\/index.php?rest_route=\/wp\/v2\/posts"}],"about":[{"href":"https:\/\/www.diarioimagen.net\/index.php?rest_route=\/wp\/v2\/types\/post"}],"author":[{"embeddable":true,"href":"https:\/\/www.diarioimagen.net\/index.php?rest_route=\/wp\/v2\/users\/3"}],"replies":[{"embeddable":true,"href":"https:\/\/www.diarioimagen.net\/index.php?rest_route=%2Fwp%2Fv2%2Fcomments&post=211555"}],"version-history":[{"count":0,"href":"https:\/\/www.diarioimagen.net\/index.php?rest_route=\/wp\/v2\/posts\/211555\/revisions"}],"wp:featuredmedia":[{"embeddable":true,"href":"https:\/\/www.diarioimagen.net\/index.php?rest_route=\/wp\/v2\/media\/211606"}],"wp:attachment":[{"href":"https:\/\/www.diarioimagen.net\/index.php?rest_route=%2Fwp%2Fv2%2Fmedia&parent=211555"}],"wp:term":[{"taxonomy":"category","embeddable":true,"href":"https:\/\/www.diarioimagen.net\/index.php?rest_route=%2Fwp%2Fv2%2Fcategories&post=211555"},{"taxonomy":"post_tag","embeddable":true,"href":"https:\/\/www.diarioimagen.net\/index.php?rest_route=%2Fwp%2Fv2%2Ftags&post=211555"}],"curies":[{"name":"wp","href":"https:\/\/api.w.org\/{rel}","templated":true}]}}