{"id":211715,"date":"2015-03-27T00:09:26","date_gmt":"2015-03-27T06:09:26","guid":{"rendered":"http:\/\/www.diarioimagen.net\/?p=211715"},"modified":"2015-03-27T06:41:53","modified_gmt":"2015-03-27T12:41:53","slug":"promete-procurador-esclarecer-caso-de-l-12","status":"publish","type":"post","link":"https:\/\/www.diarioimagen.net\/?p=211715","title":{"rendered":"Promete procurador esclarecer caso de L-12"},"content":{"rendered":"<ul>\n<li><strong><em>A un a\u00f1o de su cierre\u00a0<\/em><\/strong><\/li>\n<\/ul>\n<div id=\"attachment_211793\" style=\"width: 250px\" class=\"wp-caption alignleft\"><a href=\"http:\/\/www.diarioimagen.net\/?attachment_id=211793\" rel=\"attachment wp-att-211793\"><img loading=\"lazy\" decoding=\"async\" aria-describedby=\"caption-attachment-211793\" class=\"size-medium wp-image-211793\" src=\"http:\/\/www.diarioimagen.net\/wp-content\/uploads\/2015\/03\/rodolfo-garza-2579-240x135.jpg\" alt=\"El procurador, Rodolfo R\u00edos Garza, inform\u00f3 que en el momento oportuno dar\u00e1 a conocer el trabajo de su dependencia sobre la L\u00ednea Dorada.\" width=\"240\" height=\"135\" srcset=\"https:\/\/www.diarioimagen.net\/wp-content\/uploads\/2015\/03\/rodolfo-garza-2579-240x135.jpg 240w, https:\/\/www.diarioimagen.net\/wp-content\/uploads\/2015\/03\/rodolfo-garza-2579-420x236.jpg 420w, https:\/\/www.diarioimagen.net\/wp-content\/uploads\/2015\/03\/rodolfo-garza-2579.jpg 480w, https:\/\/www.diarioimagen.net\/wp-content\/uploads\/2015\/03\/rodolfo-garza-2579-235x132.jpg 235w, https:\/\/www.diarioimagen.net\/wp-content\/uploads\/2015\/03\/rodolfo-garza-2579-202x114.jpg 202w, https:\/\/www.diarioimagen.net\/wp-content\/uploads\/2015\/03\/rodolfo-garza-2579-350x196.jpg 350w, https:\/\/www.diarioimagen.net\/wp-content\/uploads\/2015\/03\/rodolfo-garza-2579-220x123.jpg 220w, https:\/\/www.diarioimagen.net\/wp-content\/uploads\/2015\/03\/rodolfo-garza-2579-237x132.jpg 237w\" sizes=\"auto, (max-width: 240px) 100vw, 240px\" \/><\/a><p id=\"caption-attachment-211793\" class=\"wp-caption-text\">El procurador, Rodolfo R\u00edos Garza, inform\u00f3 que en el momento oportuno dar\u00e1 a conocer el trabajo de su dependencia sobre la L\u00ednea Dorada.<\/p><\/div>\n<p>Rodolfo R\u00edos Garza, titular de la Procuradur\u00eda General de Justicia del Distrito Federal (PGJDF) se comprometi\u00f3 ayer a esclarecer las responsabilidades por las fallas en la L\u00ednea 12 del Metro que tienen en suspensi\u00f3n el tramo elevado.responsables de fallas en L\u00ednea 12.<\/p>\n<p>En su comparecencia en la Asamblea Legislativa del Distrito Federal (ALDF) el funcionario capitalino fue cuestionado por el diputado Jorge Gavi\u00f1o, presidente de la comisi\u00f3n investigadora de la L\u00ednea 12 del Sistema de Transporte Colectivo (STC) Metro, sobre la falta de resultados en las investigaciones, as\u00ed como la identificaci\u00f3n de responsables, esto a un a\u00f1o de su cierre parcial.<\/p>\n<p>R\u00edos Garza se\u00f1al\u00f3 que existen 12 averiguaciones previas conforme a las irregularidades en las contrataciones, adjudicaciones de la misma obra; as\u00ed 37 presuntos responsables.<\/p>\n<p>El procurador capitalino enfatiz\u00f3 en que se han desahogado 144 diligencias de investigaci\u00f3n y ocho inspecciones ministeriales con peritos en contabilidad e ingenier\u00eda.<\/p>\n","protected":false},"excerpt":{"rendered":"<p>Rodolfo R\u00edos Garza, titular de la Procuradur\u00eda General de Justicia del Distrito Federal (PGJDF) se comprometi\u00f3 ayer a esclarecer las responsabilidades por las fallas en la L\u00ednea 12 del Metro que tienen en suspensi\u00f3n el tramo elevado.responsables de fallas en L\u00ednea 12.<\/p>\n","protected":false},"author":3,"featured_media":211793,"comment_status":"open","ping_status":"open","sticky":false,"template":"","format":"standard","meta":{"_monsterinsights_skip_tracking":false,"_monsterinsights_sitenote_active":false,"_monsterinsights_sitenote_note":"","_monsterinsights_sitenote_category":0,"footnotes":""},"categories":[6],"tags":[204,8433,43673,323,27893,26845],"class_list":["post-211715","post","type-post","status-publish","format-standard","has-post-thumbnail","hentry","category-cd-de-mexico","tag-ciudad-de-mexico","tag-linea-12","tag-nacional","tag-pgjdf","tag-procuraduria-general-de-justicia-del-distrito-federal","tag-rodolfo-rios-garza"],"_links":{"self":[{"href":"https:\/\/www.diarioimagen.net\/index.php?rest_route=\/wp\/v2\/posts\/211715","targetHints":{"allow":["GET"]}}],"collection":[{"href":"https:\/\/www.diarioimagen.net\/index.php?rest_route=\/wp\/v2\/posts"}],"about":[{"href":"https:\/\/www.diarioimagen.net\/index.php?rest_route=\/wp\/v2\/types\/post"}],"author":[{"embeddable":true,"href":"https:\/\/www.diarioimagen.net\/index.php?rest_route=\/wp\/v2\/users\/3"}],"replies":[{"embeddable":true,"href":"https:\/\/www.diarioimagen.net\/index.php?rest_route=%2Fwp%2Fv2%2Fcomments&post=211715"}],"version-history":[{"count":0,"href":"https:\/\/www.diarioimagen.net\/index.php?rest_route=\/wp\/v2\/posts\/211715\/revisions"}],"wp:featuredmedia":[{"embeddable":true,"href":"https:\/\/www.diarioimagen.net\/index.php?rest_route=\/wp\/v2\/media\/211793"}],"wp:attachment":[{"href":"https:\/\/www.diarioimagen.net\/index.php?rest_route=%2Fwp%2Fv2%2Fmedia&parent=211715"}],"wp:term":[{"taxonomy":"category","embeddable":true,"href":"https:\/\/www.diarioimagen.net\/index.php?rest_route=%2Fwp%2Fv2%2Fcategories&post=211715"},{"taxonomy":"post_tag","embeddable":true,"href":"https:\/\/www.diarioimagen.net\/index.php?rest_route=%2Fwp%2Fv2%2Ftags&post=211715"}],"curies":[{"name":"wp","href":"https:\/\/api.w.org\/{rel}","templated":true}]}}