{"id":211724,"date":"2015-03-27T00:01:16","date_gmt":"2015-03-27T06:01:16","guid":{"rendered":"http:\/\/www.diarioimagen.net\/?p=211724"},"modified":"2015-03-27T06:58:49","modified_gmt":"2015-03-27T12:58:49","slug":"abre-aeromexico-el-espacio-aereo-y-terrestre-de-medellin-a-mayor-numero-de-visitantes-mexicanos-en-colombia","status":"publish","type":"post","link":"https:\/\/www.diarioimagen.net\/?p=211724","title":{"rendered":"Abre AeroM\u00e9xico el espacio a\u00e9reo y terrestre de Medell\u00edn a mayor n\u00famero de visitantes mexicanos en Colombia"},"content":{"rendered":"<h2>De cinco estrellas<\/h2>\n<h5>Victoria Gonz\u00e1lez Prado<\/h5>\n<p>&nbsp;<\/p>\n<ul>\n<li><strong><em>La balanza comercial favorece a M\u00e9xico; el reto es equilibrarla, declar\u00f3 An\u00edbal Gaviria Correa, alcalde de Medell\u00edn<\/em><\/strong><\/li>\n<\/ul>\n<p>&nbsp;<\/p>\n<div id=\"attachment_211812\" style=\"width: 430px\" class=\"wp-caption aligncenter\"><a href=\"http:\/\/www.diarioimagen.net\/?attachment_id=211812\" rel=\"attachment wp-att-211812\"><img loading=\"lazy\" decoding=\"async\" aria-describedby=\"caption-attachment-211812\" class=\"size-large wp-image-211812\" src=\"http:\/\/www.diarioimagen.net\/wp-content\/uploads\/2015\/03\/turismo-2579-420x171.jpg\" alt=\"Bienvenida al llegar a Medell\u00edn.\" width=\"420\" height=\"171\" srcset=\"https:\/\/www.diarioimagen.net\/wp-content\/uploads\/2015\/03\/turismo-2579-420x171.jpg 420w, https:\/\/www.diarioimagen.net\/wp-content\/uploads\/2015\/03\/turismo-2579-240x98.jpg 240w, https:\/\/www.diarioimagen.net\/wp-content\/uploads\/2015\/03\/turismo-2579.jpg 700w\" sizes=\"auto, (max-width: 420px) 100vw, 420px\" \/><\/a><p id=\"caption-attachment-211812\" class=\"wp-caption-text\">Bienvenida al llegar a Medell\u00edn.<\/p><\/div>\n<p><strong>Medell\u00edn, Colombia<\/strong>.- En punto de las 00:35 horas sali\u00f3 de la Terminal 2 del Aeropuerto Internacional de la Ciudad de M\u00e9xico el Boeing 737, vuelo 798, rumbo a Medell\u00edn, Colombia. El avi\u00f3n, con capacidad para 124 personas, inicia operaciones con cuatro vuelos a la semana.<\/p>\n<p>A las 05:50 horas, tras tres horas 50 minutos de vuelo, el aparato fue recibido por dos pipas que lo bautizaron a su paso rumbo a la puerta de desembarque.<\/p>\n<p>A bordo iban empresarios mexicanos, y entre ellos <strong>Arnulfo Valdivia<\/strong>, embajador de M\u00e9xico en Colombia; <strong>Enrique Stellabatti<\/strong>, vicepresidente de Turismo de ProColombia; <strong>Freddy Jaramillo<\/strong>, gerente del Aeropuerto Internacional de Medell\u00edn Jos\u00e9 Mar\u00eda C\u00f3rdova; <strong>Omar Macedo<\/strong>, director del Consejo de Promoci\u00f3n Tur\u00edstica de M\u00e9xico (CPTM), en Colombia; <strong>Norberto Amador<\/strong>, representante de ProM\u00e9xico en Colombia, y <strong>Giselle Friederichsen<\/strong>, gerente de Comunicaci\u00f3n Corporativa y Relaciones P\u00fablicas de AeroM\u00e9xico.<\/p>\n<p>La recepci\u00f3n oficial fue en la alcald\u00eda de esta ciudad, donde el edil <strong>An\u00edbal Gaviria Correa<\/strong> dio la bienvenida al nuevo vuelo y asegur\u00f3 que con las cuatro frecuencias iniciales se consolidar\u00e1 Medell\u00edn y complementar\u00e1n las frecuencias que AeroM\u00e9xico ya tiene a Bogot\u00e1.<\/p>\n<p>Record\u00f3 que \u201choy la balanza comercial favorece a M\u00e9xico (\u2026). El reto ser\u00e1 equilibrarla. Son 7 mil millones de d\u00f3lares los que lo convierten en importante socio comercial para Colombia\u201d.<\/p>\n<p>Es importante se\u00f1alar que con la operaci\u00f3n de AeroM\u00e9xico en esta nueva ruta, se incrementar\u00e1n las 108 frecuencias de vuelos internacionales para Medell\u00edn y se busca continuar con el aumento de extranjeros hacia la ciudad.<\/p>\n<p>El informe de ProColombia acerca del comportamiento de la conectividad a\u00e9rea internacional en Colombia, report\u00f3 una cifra de 158,425 visitantes extranjeros en 2014, 4 por ciento m\u00e1s que en 2013.<\/p>\n<p>\u201cPara Medell\u00edn es importante la llegada de la aerol\u00ednea, ya que M\u00e9xico es uno de los principales destinos emisores de viajeros, que llegan por motivo de turismo de reuniones o por los atractivos de cultura y naturaleza\u201d, afirm\u00f3 <strong>Gaviria Correa<\/strong>.<\/p>\n<p>Quienes viajan de Medell\u00edn a la ciudad de M\u00e9xico podr\u00e1n conectar con 45 destinos, como Acapulco, Canc\u00fan, Guadalajara y Puerto Vallarta; 15 en Estados Unidos, entre ellos Dallas, Los \u00c1ngeles y Las Vegas; en Europa con Madrid y Lisboa y Toronto de Canad\u00e1.<\/p>\n<p>El crecimiento econ\u00f3mico de Medell\u00edn, su fortaleza en los sectores de energ\u00eda, salud, tecnolog\u00edas de la informaci\u00f3n y las comunicaciones, construcci\u00f3n, textil\/confecci\u00f3n y turismo; los atractivos de cultura y naturaleza como ferias y fiestas, fueron entre otros, aspectos clave para que AeroM\u00e9xico decidiera iniciar operaciones entre ambas ciudades.<\/p>\n<p>Los directivos de la aerol\u00ednea externaron su benepl\u00e1cito por sumar el destino n\u00famero 15 en Latinoam\u00e9rica, e incorporar a Medell\u00edn como segundo destino en Colombia.<\/p>\n<p>Hoy en d\u00eda unos 328 mil colombianos visitan M\u00e9xico (principalmente la capital del pa\u00eds y Canc\u00fan), y con la apertura de esta ruta se espera para finales de este a\u00f1o, sean 400 mil, afirm\u00f3 <strong>Omar Macedo<\/strong>, director del Consejo de Promoci\u00f3n Tur\u00edstica de M\u00e9xico (CPTM) para Colombia.<\/p>\n<p>Con esta ruta, AeroM\u00e9xico ofrecer\u00e1 18 vuelos semanales a Colombia, transportar\u00e1 a cerca de 5 mil pasajeros semanales entre ambos pa\u00edses.<\/p>\n<p>Por su parte, el vicealcalde de Medell\u00edn, <strong>Luis Felipe Hoyos<\/strong>, indic\u00f3 que \u201ces un orgullo afianzar los lazos culturales, sociales y principalmente comerciales, entre las dos naciones, adem\u00e1s de hacer crecer las ventas hacia M\u00e9xico\u201d.<\/p>\n<p>Afirm\u00f3 que con este nuevo vuelo se incrementar\u00e1 el n\u00famero de visitantes vinculados a congresos y convenciones, y de hombres de negocios entre empresas mexicanas y colombianas y el turismo en general.<\/p>\n<p>El diplom\u00e1tico dijo tambi\u00e9n que Sura, empresa con matriz en Medell\u00edn, es una de las compa\u00f1\u00edas m\u00e1s grandes de M\u00e9xico. Nutresa, tambi\u00e9n con matriz en Medell\u00edn, hizo una alianza con la mexicana Alsea para abrir tiendas de Starbo en varias ciudades de Colombia.<\/p>\n<p>Asimismo, la empresa textil Leonisa, de prendas \u00edntimas femeninas, ya est\u00e1 en el mercado mexicano, agreg\u00f3, y record\u00f3 que a Medell\u00edn llegan delegaciones de M\u00e9xico que buscan conocer su experiencia en movilidad y cultura ciudadana.<\/p>\n<p>Las operaciones de M\u00e9xico a Medell\u00edn empiezan con cuatro vuelos semanales y en junio habr\u00e1 uno diario. Operar\u00e1n equipos <em>Boeing 737,<\/em> con capacidad para 124 pasajeros, 12 de ellos en Clase Premier.<\/p>\n<p>Medell\u00edn es considerada la segunda ciudad m\u00e1s importante de Colombia, y uno de los mejores lugares para vivir en Am\u00e9rica Latina. Es reconocida por su industria agr\u00edcola, textil, de servicios p\u00fablicos y agroindustria y destaca por su producci\u00f3n de flores. Durante el 2013 creci\u00f3 4.4 por ciento en relaci\u00f3n con el 2.4 por ciento que mostr\u00f3 la regi\u00f3n.<\/p>\n<p>En 2013 recibi\u00f3 m\u00e1s de 187 mil turistas extranjeros y fue galardonada como la urbe m\u00e1s innovadora del mundo, seg\u00fan el <em>Wall Street Journal<\/em>. Ha sido sede de importantes eventos como el Foro Urbano Mundial de Naciones Unidas y en 2015 recibir\u00e1 la Asamblea General de la Organizaci\u00f3n Mundial de Turismo.<\/p>\n<p><strong>Enrique Stellabatti<\/strong>, de ProColombia, asegur\u00f3 que M\u00e9xico es un mercado estrat\u00e9gico para su pa\u00eds por el elevado flujo de turistas que llegan desde suelo azteca. A su vez, Colombia ha lanzado una ofensiva para promover en el mercado mexicano sus diferentes destinos tur\u00edsticos como Cartagena, Medell\u00edn, Cali y Barranquilla.<\/p>\n<p>En la reuni\u00f3n tambi\u00e9n estuvieron <strong>Esperanza T<\/strong>\u00e9<strong>llez<\/strong>, gerente comercial de AeroM\u00e9xico en Colombia; <strong>Luis Felipe Hoyos<\/strong>, vicealcalde de Desarrollo Econ\u00f3mico; <strong>Ana Mar\u00eda Botero<\/strong>, directora ejecutiva de la agencia de Cooperaci\u00f3n en Inversi\u00f3n de Medell\u00edn y el \u00c1rea Metropolitana, y <strong>V\u00edctor Zapata<\/strong>, director de Turismo de reuniones del Bur\u00f3 de Medell\u00edn.<\/p>\n<p>Por lo que a la ciudad se refiere, Medell\u00edn, con m\u00e1s de 2.2 millones de habitantes, es la capital del Departamento de Antioquia. Ciudad tricentenaria, ubicada entre monta\u00f1as, es el n\u00facleo del \u00e1rea metropolitana del Valle de Aburr\u00e1, integrado por nueve municipios conurbados.<\/p>\n<p>Es la \u00fanica en Colombia con dos aeropuertos comerciales: el \u201cOlaya Herrera\u201d es regional en la propia ciudad, con rutas de medio alcance fuera de Antioquia y todas las rutas interiores del departamento; el \u201cJos\u00e9 Mar\u00eda C\u00f3rdova\u201d, para los destinos locales y algunos del exterior; situado en el Valle de Rionegro, a una hora de Medell\u00edn.<\/p>\n<p><em><i><a href=\"mailto:victoriagprado@gmail.com\" target=\"_blank\">victoriagprado@gmail.com<\/a><\/i><\/em><\/p>\n","protected":false},"excerpt":{"rendered":"<p>En punto de las 00:35 horas sali\u00f3 de la Terminal 2 del Aeropuerto Internacional de la Ciudad de M\u00e9xico el Boeing 737, vuelo 798, rumbo a Medell\u00edn, Colombia. El avi\u00f3n, con capacidad para 124 personas, inicia operaciones con cuatro vuelos a la semana.<\/p>\n","protected":false},"author":3,"featured_media":211812,"comment_status":"open","ping_status":"open","sticky":false,"template":"","format":"standard","meta":{"_monsterinsights_skip_tracking":false,"_monsterinsights_sitenote_active":false,"_monsterinsights_sitenote_note":"","_monsterinsights_sitenote_category":0,"footnotes":""},"categories":[11],"tags":[1197,107,7379,43681,106],"class_list":["post-211724","post","type-post","status-publish","format-standard","has-post-thumbnail","hentry","category-turismo","tag-colombia","tag-de-cinco-estrellas","tag-medellin","tag-turismo","tag-victoria-gonzalez-prado"],"_links":{"self":[{"href":"https:\/\/www.diarioimagen.net\/index.php?rest_route=\/wp\/v2\/posts\/211724","targetHints":{"allow":["GET"]}}],"collection":[{"href":"https:\/\/www.diarioimagen.net\/index.php?rest_route=\/wp\/v2\/posts"}],"about":[{"href":"https:\/\/www.diarioimagen.net\/index.php?rest_route=\/wp\/v2\/types\/post"}],"author":[{"embeddable":true,"href":"https:\/\/www.diarioimagen.net\/index.php?rest_route=\/wp\/v2\/users\/3"}],"replies":[{"embeddable":true,"href":"https:\/\/www.diarioimagen.net\/index.php?rest_route=%2Fwp%2Fv2%2Fcomments&post=211724"}],"version-history":[{"count":0,"href":"https:\/\/www.diarioimagen.net\/index.php?rest_route=\/wp\/v2\/posts\/211724\/revisions"}],"wp:featuredmedia":[{"embeddable":true,"href":"https:\/\/www.diarioimagen.net\/index.php?rest_route=\/wp\/v2\/media\/211812"}],"wp:attachment":[{"href":"https:\/\/www.diarioimagen.net\/index.php?rest_route=%2Fwp%2Fv2%2Fmedia&parent=211724"}],"wp:term":[{"taxonomy":"category","embeddable":true,"href":"https:\/\/www.diarioimagen.net\/index.php?rest_route=%2Fwp%2Fv2%2Fcategories&post=211724"},{"taxonomy":"post_tag","embeddable":true,"href":"https:\/\/www.diarioimagen.net\/index.php?rest_route=%2Fwp%2Fv2%2Ftags&post=211724"}],"curies":[{"name":"wp","href":"https:\/\/api.w.org\/{rel}","templated":true}]}}