{"id":211864,"date":"2015-03-30T00:04:29","date_gmt":"2015-03-30T06:04:29","guid":{"rendered":"http:\/\/www.diarioimagen.net\/?p=211864"},"modified":"2015-03-31T07:02:51","modified_gmt":"2015-03-31T13:02:51","slug":"el-tsjdf-presenta-estudio-sobre-delito-de-discriminacion","status":"publish","type":"post","link":"https:\/\/www.diarioimagen.net\/?p=211864","title":{"rendered":"El TSJDF presenta estudio sobre delito de discriminaci\u00f3n"},"content":{"rendered":"<ul>\n<li><strong><em>Obra de Mauro Vargas Ur\u00edas y Ren\u00e9 L\u00f3pez P\u00e9rez<\/em><\/strong><\/li>\n<\/ul>\n<div id=\"attachment_211963\" style=\"width: 250px\" class=\"wp-caption alignleft\"><a href=\"http:\/\/www.diarioimagen.net\/?attachment_id=211963\" rel=\"attachment wp-att-211963\"><img loading=\"lazy\" decoding=\"async\" aria-describedby=\"caption-attachment-211963\" class=\"size-medium wp-image-211963\" src=\"http:\/\/www.diarioimagen.net\/wp-content\/uploads\/2015\/03\/tribunal-2580-240x135.jpg\" alt=\"Sandra Luz D\u00edaz Ortiz, consejera de la Judicatura del Distrito Federal, moder\u00f3 la presentaci\u00f3n en el TSJDF.\" width=\"240\" height=\"135\" srcset=\"https:\/\/www.diarioimagen.net\/wp-content\/uploads\/2015\/03\/tribunal-2580-240x135.jpg 240w, https:\/\/www.diarioimagen.net\/wp-content\/uploads\/2015\/03\/tribunal-2580-420x236.jpg 420w, https:\/\/www.diarioimagen.net\/wp-content\/uploads\/2015\/03\/tribunal-2580.jpg 480w, https:\/\/www.diarioimagen.net\/wp-content\/uploads\/2015\/03\/tribunal-2580-235x132.jpg 235w, https:\/\/www.diarioimagen.net\/wp-content\/uploads\/2015\/03\/tribunal-2580-202x114.jpg 202w, https:\/\/www.diarioimagen.net\/wp-content\/uploads\/2015\/03\/tribunal-2580-350x196.jpg 350w, https:\/\/www.diarioimagen.net\/wp-content\/uploads\/2015\/03\/tribunal-2580-220x123.jpg 220w, https:\/\/www.diarioimagen.net\/wp-content\/uploads\/2015\/03\/tribunal-2580-237x132.jpg 237w\" sizes=\"auto, (max-width: 240px) 100vw, 240px\" \/><\/a><p id=\"caption-attachment-211963\" class=\"wp-caption-text\">Sandra Luz D\u00edaz Ortiz, consejera de la Judicatura del Distrito Federal, moder\u00f3 la presentaci\u00f3n en el TSJDF.<\/p><\/div>\n<p>En el Tribunal Superior de Justicia del Distrito Federal (TSJDF) se present\u00f3 el libro <em>Los retos de lo inasible<\/em>. La discriminaci\u00f3n como delito penal: an\u00e1lisis y propuestas, obra en la que se plantea por qu\u00e9 no abundan las sentencias que castiguen este il\u00edcito y en el que se se\u00f1ala la complicaci\u00f3n que enfrentan ministerios p\u00fablicos y jueces para hacerlo punible.<\/p>\n<p>De Mauro Vargas Ur\u00edas y Ren\u00e9 L\u00f3pez P\u00e9rez, directivos de la asociaci\u00f3n civil G\u00e9nero y Desarrollo (Gendes), la obra advierte la necesidad de establecer un protocolo de actuaci\u00f3n para ministerios p\u00fablicos e impartidores de justicia, que marque las directrices que lleven hacia una m\u00e1s eficiente procuraci\u00f3n de justicia en este delito.<\/p>\n<p>En el auditorio Benito Ju\u00e1rez del TSJDF, la consejera de la Judicatura del Distrito Federal, Sandra Luz D\u00edaz Ortiz, moder\u00f3 la sesi\u00f3n, durante la que se se\u00f1al\u00f3 que de 31 mil 979 quejas registradas calificadas como presuntamente violatorias de derechos humanos, s\u00f3lo 410 resultaron calificadas como presuntamente violatorias del derecho a la igualdad y la no discriminaci\u00f3n, lo que representa tan s\u00f3lo el 1.28 por ciento.<\/p>\n<p>El juez del TSJDF, Mart\u00edn R\u00edos Castro, plante\u00f3 que el art\u00edculo que hace punible la discriminaci\u00f3n en el Distrito Federal resulta poco claro -el 206 del C\u00f3digo Penal del Distrito Federal. Es un art\u00edculo ambiguo, subjetivo y que hace dif\u00edcil su comprobaci\u00f3n, advirti\u00f3, por lo que las sentencias terminan castigando otros delitos, tales como lesiones o abuso de autoridad.<\/p>\n<p>A su vez, Hegel Cort\u00e9s Miranda, secretario de Desarrollo Rural y Equidad para las Comunidades del Gobierno del Distrito Federal, consider\u00f3 que en el tema de la discriminaci\u00f3n hay avances en la capital del pa\u00eds, y record\u00f3 la resoluci\u00f3n del caso de una menor de edad discriminada por su origen \u00e9tnico en una secundaria, a manos de un compa\u00f1ero.<\/p>\n<p>La investigadora de Gendes, Nayeli Ortiz Quintero, record\u00f3 los objetivos de la obra <em>Los retos de lo inasible<\/em>. La discriminaci\u00f3n como delito penal: an\u00e1lisis y propuestas: ser un espacio en el que se indagan las razones de la falta de sentencias que castiguen la discriminaci\u00f3n, plantear propuestas de soluci\u00f3n y constituirse como material de consulta para organizaciones y grupos que trabajan a favor de los grupos m\u00e1s vulnerables ante este delito.<\/p>\n<p>Seg\u00fan el Consejo para Prevenir y Eliminar la Discriminaci\u00f3n de la Ciudad de M\u00e9xico, se record\u00f3 durante la presentaci\u00f3n, en el Distrito Federal los grupos que m\u00e1s padecen este delito son los discapacitados, la comunidad l\u00e9sbico, gay, transexual, travesti, transg\u00e9nero e intersexual y los migrantes.<\/p>\n<p>En tanto, la catedr\u00e1tica de la Universidad Aut\u00f3noma Metropolitana Azcapotzalco, Marta Torres Falc\u00f3n, subray\u00f3 que el problema de la discriminaci\u00f3n es un fen\u00f3meno real, que no invent\u00f3 alg\u00fan activista trasnochado.<\/p>\n","protected":false},"excerpt":{"rendered":"<p>En el Tribunal Superior de Justicia del Distrito Federal (TSJDF) se present\u00f3 el libro Los retos de lo inasible. La discriminaci\u00f3n como delito penal: an\u00e1lisis y propuestas, obra en la que se plantea por qu\u00e9 no abundan las sentencias que castiguen este il\u00edcito y en el que se se\u00f1ala la complicaci\u00f3n que enfrentan ministerios p\u00fablicos y jueces para hacerlo punible.<\/p>\n","protected":false},"author":3,"featured_media":211963,"comment_status":"open","ping_status":"open","sticky":false,"template":"","format":"standard","meta":{"_monsterinsights_skip_tracking":false,"_monsterinsights_sitenote_active":false,"_monsterinsights_sitenote_note":"","_monsterinsights_sitenote_category":0,"footnotes":""},"categories":[6],"tags":[204,24241,14771,862],"class_list":["post-211864","post","type-post","status-publish","format-standard","has-post-thumbnail","hentry","category-cd-de-mexico","tag-ciudad-de-mexico","tag-delito","tag-discriminacion","tag-tsjdf"],"_links":{"self":[{"href":"https:\/\/www.diarioimagen.net\/index.php?rest_route=\/wp\/v2\/posts\/211864","targetHints":{"allow":["GET"]}}],"collection":[{"href":"https:\/\/www.diarioimagen.net\/index.php?rest_route=\/wp\/v2\/posts"}],"about":[{"href":"https:\/\/www.diarioimagen.net\/index.php?rest_route=\/wp\/v2\/types\/post"}],"author":[{"embeddable":true,"href":"https:\/\/www.diarioimagen.net\/index.php?rest_route=\/wp\/v2\/users\/3"}],"replies":[{"embeddable":true,"href":"https:\/\/www.diarioimagen.net\/index.php?rest_route=%2Fwp%2Fv2%2Fcomments&post=211864"}],"version-history":[{"count":0,"href":"https:\/\/www.diarioimagen.net\/index.php?rest_route=\/wp\/v2\/posts\/211864\/revisions"}],"wp:featuredmedia":[{"embeddable":true,"href":"https:\/\/www.diarioimagen.net\/index.php?rest_route=\/wp\/v2\/media\/211963"}],"wp:attachment":[{"href":"https:\/\/www.diarioimagen.net\/index.php?rest_route=%2Fwp%2Fv2%2Fmedia&parent=211864"}],"wp:term":[{"taxonomy":"category","embeddable":true,"href":"https:\/\/www.diarioimagen.net\/index.php?rest_route=%2Fwp%2Fv2%2Fcategories&post=211864"},{"taxonomy":"post_tag","embeddable":true,"href":"https:\/\/www.diarioimagen.net\/index.php?rest_route=%2Fwp%2Fv2%2Ftags&post=211864"}],"curies":[{"name":"wp","href":"https:\/\/api.w.org\/{rel}","templated":true}]}}