{"id":211874,"date":"2015-03-30T00:06:28","date_gmt":"2015-03-30T06:06:28","guid":{"rendered":"http:\/\/www.diarioimagen.net\/?p=211874"},"modified":"2015-03-31T07:02:40","modified_gmt":"2015-03-31T13:02:40","slug":"se-destinan-mas-de-115-mdp-para-pago-por-servicios-ambientales-eav","status":"publish","type":"post","link":"https:\/\/www.diarioimagen.net\/?p=211874","title":{"rendered":"Se destinan m\u00e1s de 115 mdp para pago por servicios ambientales: EAV"},"content":{"rendered":"<ul>\n<li><strong><em>Proteger\u00e1n 76 mil 600 hect\u00e1reas de bosques mexiquenses<\/em><\/strong><\/li>\n<\/ul>\n<h6>Redacci\u00f3n<\/h6>\n<h6><\/h6>\n<div id=\"attachment_211960\" style=\"width: 250px\" class=\"wp-caption alignleft\"><a href=\"http:\/\/www.diarioimagen.net\/?attachment_id=211960\" rel=\"attachment wp-att-211960\"><img loading=\"lazy\" decoding=\"async\" aria-describedby=\"caption-attachment-211960\" class=\"size-medium wp-image-211960\" src=\"http:\/\/www.diarioimagen.net\/wp-content\/uploads\/2015\/03\/eruviel-2580-240x135.jpg\" alt=\"Eruviel \u00c1vila Villegas entreg\u00f3 cheques a m\u00e1s de mil productores forestales, durante la inauguraci\u00f3n de los Centros de Capacitaci\u00f3n y Operaci\u00f3n de Incendios Forestales, donde reconoci\u00f3 la labor de los cuidadores de bosques.\" width=\"240\" height=\"135\" srcset=\"https:\/\/www.diarioimagen.net\/wp-content\/uploads\/2015\/03\/eruviel-2580-240x135.jpg 240w, https:\/\/www.diarioimagen.net\/wp-content\/uploads\/2015\/03\/eruviel-2580-420x236.jpg 420w, https:\/\/www.diarioimagen.net\/wp-content\/uploads\/2015\/03\/eruviel-2580.jpg 480w, https:\/\/www.diarioimagen.net\/wp-content\/uploads\/2015\/03\/eruviel-2580-235x132.jpg 235w, https:\/\/www.diarioimagen.net\/wp-content\/uploads\/2015\/03\/eruviel-2580-202x114.jpg 202w, https:\/\/www.diarioimagen.net\/wp-content\/uploads\/2015\/03\/eruviel-2580-350x196.jpg 350w, https:\/\/www.diarioimagen.net\/wp-content\/uploads\/2015\/03\/eruviel-2580-220x123.jpg 220w, https:\/\/www.diarioimagen.net\/wp-content\/uploads\/2015\/03\/eruviel-2580-237x132.jpg 237w\" sizes=\"auto, (max-width: 240px) 100vw, 240px\" \/><\/a><p id=\"caption-attachment-211960\" class=\"wp-caption-text\">Eruviel \u00c1vila Villegas entreg\u00f3 cheques a m\u00e1s de mil productores forestales, durante la inauguraci\u00f3n de los Centros de Capacitaci\u00f3n y Operaci\u00f3n de Incendios Forestales, donde reconoci\u00f3 la labor de los cuidadores de bosques.<\/p><\/div>\n<p>Con la finalidad de proteger m\u00e1s de 76 mil 600 hect\u00e1reas de bosques mexiquenses, este a\u00f1o se destinan 115 millones de pesos en el Programa de Pago de Servicios Ambientales, inform\u00f3 el gobernador Eruviel \u00c1vila Villegas, durante la entrega de cheques a mil productores forestales bajo este esquema.<\/p>\n<p>\u201cMe da mucho gusto estar con ustedes entregando estos apoyos de este programa que efectivamente es \u00fanico, el de apoyos por Servicios Ambientales Hidrol\u00f3gicos 2015.<\/p>\n<p>Les apoyamos con mil 500 pesos por hect\u00e1rea y en este a\u00f1o, efectivamente, estamos entregando 115 millones de pesos para que nos ayuden a proteger m\u00e1s de 76 mil 600 hect\u00e1reas de bosque, distribuidas en diferentes regiones del Estado de M\u00e9xico\u201d, precis\u00f3.<\/p>\n<p>En el marco de la inauguraci\u00f3n de los Centros de Capacitaci\u00f3n y Operaci\u00f3n de Incendios Forestales, que est\u00e1n localizados en Donato Guerra y Texcoco, reconoci\u00f3 la labor que los cuidadores de bosques hacen a favor del medio ambiente y destac\u00f3 que la preservaci\u00f3n de estas \u00e1reas es de suma importancia, ya que 25 por ciento de la flora y la fauna del pa\u00eds se encuentran en el Estado de M\u00e9xico, por lo que garantiz\u00f3 que su administraci\u00f3n redoblar\u00e1 el esfuerzo para fomentar la preservaci\u00f3n de los recursos naturales.<\/p>\n<p>La construcci\u00f3n y equipamiento de estos centros requiri\u00f3 una inversi\u00f3n de 12 millones de pesos; est\u00e1n hechos de madera antifuego, cuentan con dormitorios, regaderas, auditorio, oficinas administrativas, cocina semi-industrial y comedor. En la temporada de lluvias fungir\u00e1n como \u00e1reas de adiestramiento y durante la \u00e9poca de estiaje se convertir\u00e1n en sedes de operaci\u00f3n regional, donde se coordinar\u00e1n las brigadas de los tres niveles de gobierno, encargadas de sofocar incendios forestales.<\/p>\n<p>Por su parte, Jorge Rescala P\u00e9rez, director general de la Comisi\u00f3n Nacional Forestal (Conafor), reconoci\u00f3 al Estado de M\u00e9xico por ser la \u00fanica entidad en el pa\u00eds que lleva a cabo un programa de este tipo, y subray\u00f3 la habilitaci\u00f3n de los Centros de Capacitaci\u00f3n y Operaci\u00f3n de Incendios Forestales de Donato Guerra y Texcoco, ya que permitir\u00e1n mejorar la capacitaci\u00f3n de brigadistas, as\u00ed como las estrategias para el combate de incendios en las regiones del Valle de M\u00e9xico y del Valle de Toluca.<\/p>\n<p>En su intervenci\u00f3n, el secretario estatal del Medio Ambiente, Miguel \u00c1ngel Contreras Nieto, se\u00f1al\u00f3 que el cuidado y la preservaci\u00f3n de los bosques es una responsabilidad compartida entre la sociedad y las autoridades, de tal forma que el gobierno estatal lleva a cabo el programa Pago por Servicios Ambientales, mediante el que se entregan mil 500 pesos anuales por cada hect\u00e1rea forestal protegida.<\/p>\n<p>En el plantel del Colegio de Estudios Cient\u00edficos y Tecnol\u00f3gicos del Estado de\u00a0 M\u00e9xico (Cecytem) de Donato Guerra, ante m\u00e1s de 5 mil productores, ejidatarios y brigadistas de Probosque y de Conafor, el secretario precis\u00f3 que este programa inici\u00f3 en el a\u00f1o 2007 y, a la fecha, la federaci\u00f3n y el gobierno del estado han destinado 275.5 millones de pesos para su operaci\u00f3n, cifra que ha crecido paulatinamente ya que en un principio se destinaron 25 millones de pesos, y este a\u00f1o la inversi\u00f3n alcanz\u00f3 los 115 millones de pesos, permitiendo pasar de una cobertura de 16 mil 900 hect\u00e1reas protegidas a 76 mil.<\/p>\n","protected":false},"excerpt":{"rendered":"<p>Con la finalidad de proteger m\u00e1s de 76 mil 600 hect\u00e1reas de bosques mexiquenses, este a\u00f1o se destinan 115 millones de pesos en el Programa de Pago de Servicios Ambientales, inform\u00f3 el gobernador Eruviel \u00c1vila Villegas, durante la entrega de cheques a mil productores forestales bajo este esquema.<\/p>\n","protected":false},"author":3,"featured_media":211960,"comment_status":"open","ping_status":"open","sticky":false,"template":"","format":"standard","meta":{"_monsterinsights_skip_tracking":false,"_monsterinsights_sitenote_active":false,"_monsterinsights_sitenote_note":"","_monsterinsights_sitenote_category":0,"footnotes":""},"categories":[17,5],"tags":[20049,5828,43675],"class_list":["post-211874","post","type-post","status-publish","format-standard","has-post-thumbnail","hentry","category-especiales","category-estado-de-mexico","tag-eav","tag-eruviel-avila-villegas","tag-estado-de-mexico"],"_links":{"self":[{"href":"https:\/\/www.diarioimagen.net\/index.php?rest_route=\/wp\/v2\/posts\/211874","targetHints":{"allow":["GET"]}}],"collection":[{"href":"https:\/\/www.diarioimagen.net\/index.php?rest_route=\/wp\/v2\/posts"}],"about":[{"href":"https:\/\/www.diarioimagen.net\/index.php?rest_route=\/wp\/v2\/types\/post"}],"author":[{"embeddable":true,"href":"https:\/\/www.diarioimagen.net\/index.php?rest_route=\/wp\/v2\/users\/3"}],"replies":[{"embeddable":true,"href":"https:\/\/www.diarioimagen.net\/index.php?rest_route=%2Fwp%2Fv2%2Fcomments&post=211874"}],"version-history":[{"count":0,"href":"https:\/\/www.diarioimagen.net\/index.php?rest_route=\/wp\/v2\/posts\/211874\/revisions"}],"wp:featuredmedia":[{"embeddable":true,"href":"https:\/\/www.diarioimagen.net\/index.php?rest_route=\/wp\/v2\/media\/211960"}],"wp:attachment":[{"href":"https:\/\/www.diarioimagen.net\/index.php?rest_route=%2Fwp%2Fv2%2Fmedia&parent=211874"}],"wp:term":[{"taxonomy":"category","embeddable":true,"href":"https:\/\/www.diarioimagen.net\/index.php?rest_route=%2Fwp%2Fv2%2Fcategories&post=211874"},{"taxonomy":"post_tag","embeddable":true,"href":"https:\/\/www.diarioimagen.net\/index.php?rest_route=%2Fwp%2Fv2%2Ftags&post=211874"}],"curies":[{"name":"wp","href":"https:\/\/api.w.org\/{rel}","templated":true}]}}