{"id":211947,"date":"2015-03-30T00:01:58","date_gmt":"2015-03-30T06:01:58","guid":{"rendered":"http:\/\/www.diarioimagen.net\/?p=211947"},"modified":"2015-03-30T05:18:08","modified_gmt":"2015-03-30T11:18:08","slug":"dallasfortworth-y-san-luis-potosi-conectados-hace-10-anos-por-american-airlines","status":"publish","type":"post","link":"https:\/\/www.diarioimagen.net\/?p=211947","title":{"rendered":"Dallas\/FortWorth y San Luis Potos\u00ed, conectados hace 10 a\u00f1os por <em>American Airlines<\/em>"},"content":{"rendered":"<h2>De cinco estrellas<\/h2>\n<h5>Victoria Gonz\u00e1lez Prado<\/h5>\n<p>&nbsp;<\/p>\n<ul>\n<li><em><strong>San Miguel de Allende, Guanajuato, recibir\u00e1 a KULTUR 2015, del 15 al 17 de abril pr\u00f3ximo<\/strong><\/em><\/li>\n<li><em><strong>Jos\u00e9 Meza ha sido denominado <\/strong><\/em><strong>signature chef<\/strong><em><strong> del Restaurante AAA Cinco Diamantes, Carolina<\/strong><\/em><\/li>\n<li><em><strong>Compatible con los sistemas operativos Android, iOS y Windows, Volaris lanza nueva aplicaci\u00f3n m\u00f3vil<\/strong><\/em><\/li>\n<\/ul>\n<div id=\"attachment_212002\" style=\"width: 250px\" class=\"wp-caption alignleft\"><a href=\"http:\/\/www.diarioimagen.net\/?attachment_id=212002\" rel=\"attachment wp-att-212002\"><img loading=\"lazy\" decoding=\"async\" aria-describedby=\"caption-attachment-212002\" class=\"size-medium wp-image-212002\" src=\"http:\/\/www.diarioimagen.net\/wp-content\/uploads\/2015\/03\/turismo-2580-240x135.jpg\" alt=\"Celebra 10 a\u00f1os de volar entre San Luis Potos\u00ed y Dallas\/FortWorth.\" width=\"240\" height=\"135\" srcset=\"https:\/\/www.diarioimagen.net\/wp-content\/uploads\/2015\/03\/turismo-2580-240x135.jpg 240w, https:\/\/www.diarioimagen.net\/wp-content\/uploads\/2015\/03\/turismo-2580-420x236.jpg 420w, https:\/\/www.diarioimagen.net\/wp-content\/uploads\/2015\/03\/turismo-2580.jpg 480w, https:\/\/www.diarioimagen.net\/wp-content\/uploads\/2015\/03\/turismo-2580-235x132.jpg 235w, https:\/\/www.diarioimagen.net\/wp-content\/uploads\/2015\/03\/turismo-2580-202x114.jpg 202w, https:\/\/www.diarioimagen.net\/wp-content\/uploads\/2015\/03\/turismo-2580-350x196.jpg 350w, https:\/\/www.diarioimagen.net\/wp-content\/uploads\/2015\/03\/turismo-2580-220x123.jpg 220w, https:\/\/www.diarioimagen.net\/wp-content\/uploads\/2015\/03\/turismo-2580-237x132.jpg 237w\" sizes=\"auto, (max-width: 240px) 100vw, 240px\" \/><\/a><p id=\"caption-attachment-212002\" class=\"wp-caption-text\">Celebra 10 a\u00f1os de volar entre San Luis Potos\u00ed y Dallas\/FortWorth.<\/p><\/div>\n<p>Reflejo de su compromiso con M\u00e9xico y sus pasajeros, <em>American Airlines<\/em> celebra 10 a\u00f1os de conectar a las ciudades de San Luis Potos\u00ed (SLP) y Dallas\/Fort Worth (DFW) con el resto del mundo.<\/p>\n<p>Desde el inicio de operaciones en 2005, la ruta que conecta al Aeropuerto Internacional Ponciano Arriaga en San Luis Potos\u00ed y al Aeropuerto Internacional de Dallas\/Fort Worth, la aerol\u00ednea ha mantenido dos frecuencias diarias para atender a los viajeros nacionales e internacionales.<\/p>\n<p><strong>Tony Guti\u00e9rrez<\/strong>, directora general de <em>American Airlines<\/em> M\u00e9xico, coment\u00f3: \u201cEs un orgullo para nosotros celebrar 10 a\u00f1os de servicio en la regi\u00f3n, ya que esta ruta constituye un punto central de conexi\u00f3n no s\u00f3lo para quienes viajan por negocios o placer, sino tambi\u00e9n para los sectores comerciales del centro de la Rep\u00fablica Mexicana, lo cual tambi\u00e9n nos ha permitido contribuir a fortalecer la actividad econ\u00f3mica del estado\u201d.<\/p>\n<p>Como parte de la celebraci\u00f3n y ante las autoridades aeroportuarias y encabezado por directivos de la aerol\u00ednea: <strong>Vicky Uzal<\/strong>, directora Comercial; <strong>Roberto Arreola<\/strong>, gerente de Operaciones Regionales; <strong>Rodrigo Garc\u00eda de Le\u00f3n<\/strong>, gerente de Aeropuerto del Baj\u00edo; <strong>Jorge Contreras<\/strong> y <strong>Jorge Uzeta<\/strong>, ambos gerentes de Cuentas en M\u00e9xico para la regi\u00f3n, se entregaron reconocimientos a las principales agencias de viajes destacadas por su trayectoria, solidez y lealtad con la aerol\u00ednea durante estos 10 a\u00f1os. Las agencias son: Viajes La Tuna, Din\u00e1mica Viajes y Hoteles y Servicios.<\/p>\n<p>A 72 a\u00f1os de su llegada a M\u00e9xico, para <em>American Airlines,<\/em> el pa\u00eds contin\u00faa siendo el segundo destino internacional en t\u00e9rminos de vuelos y destinos despu\u00e9s de Estados Unidos.<\/p>\n<p>\u2730\u2730\u2730\u2730\u2730\u00a0Guanajuato est\u00e1 listo para ser por tercer a\u00f1o consecutivo la sede de KULTUR 2015, foro de gran importancia en el mundo del turismo cultural, que se realizar\u00e1 en San Miguel de Allende del 15 al 17 de abril.<\/p>\n<p>As\u00ed lo asegur\u00f3 el secretario de Turismo, <strong>Fernando Olivera Rocha<\/strong> durante la presentaci\u00f3n del evento, donde tambi\u00e9n estuvo acompa\u00f1ado por <strong>Fernando Mart\u00ed<\/strong>, director de KULTUR.<\/p>\n<p>En este sentido, <strong>Olivera Rocha<\/strong> declar\u00f3 que Guanajuato es el Destino Cultural de M\u00e9xico y en los \u00faltimos dos a\u00f1os \u201clo demostramos, por ello no podr\u00eda existir otro lugar para albergar por tercer a\u00f1o seguido, la edici\u00f3n 2015 de KULTUR, este foro que re\u00fane a las m\u00e1s destacadas personalidades del mundo de la cultura\u201d.<\/p>\n<p>Explic\u00f3 que este es un foro especializado por lo que se estima la asistencia de 750 participantes, que discutir\u00e1n sobre los diferentes segmentos del turismo cultural as\u00ed como sus tendencias y sus oportunidades, se estima que dejar\u00e1 una derrama econ\u00f3mica de 3 millones de pesos.<\/p>\n<p>Reiter\u00f3 que del 15 al 17 de abril, San Miguel de Allende recibir\u00e1 a los asistentes a este foro, que tiene un nutrido programa de actividades, las cuales adelant\u00f3 ser\u00e1n todo un \u00e9xito.<\/p>\n<p>Se contempla: Turismo religioso, cinematograf\u00eda, moda dentro de la cultura, sociedad y turismo, entre otros.<\/p>\n<p>Los ponentes confirmados son, <strong>Eduardo Barroso<\/strong>, quien fuera subsecretario de Operaci\u00f3n Tur\u00edstica de la Secretar\u00eda de Turismo; \u00d3scar Espinosa Villa<strong>rreal<\/strong>, ex secretario de Turismo; <strong>Alfredo P\u00e9rez Salinas,<\/strong> ex presidente del Consejo Regulador del Mezcal.<\/p>\n<p><strong>Olivera Rocha<\/strong> se\u00f1al\u00f3 que en esta ocasi\u00f3n, durante la jornada tambi\u00e9n se abordar\u00e1n temas como: Pueblos M\u00e1gicos, la creaci\u00f3n y aprovechamiento de los recursos tur\u00edsticos de los destinos, y muy especialmente se tocar\u00e1 el tema de la gastronom\u00eda, que llegar\u00e1 a complementar esta experiencia de participaci\u00f3n.<\/p>\n<p>\u2730\u2730\u2730\u2730\u2730\u00a0<strong>Jos\u00e9 Meza<\/strong> ha sido denominado <em>signature chef<\/em> del Restaurante AAA Cinco Diamantes, Carolina. Bajo su direcci\u00f3n, el prestigiado restaurante revela un nuevo concepto que promete reflejar la rica herencia culinaria y las tradiciones de la gastronom\u00eda mexicana con platillos que reinventan la cocina mexicana contempor\u00e1nea.<\/p>\n<p><strong>Carl Emberson<\/strong>, gerente general de <em>The St. Regis Punta Mita Resort, <\/em>dijo<em>:<\/em> \u201cestamos seguros que el talento y experiencia del chef <strong>Meza<\/strong>, as\u00ed como su distinto estilo culinario que fusiona la cocina <em>avant-garde<\/em> y tradicional mexicana, rebasar\u00e1 los l\u00edmites de la excelencia, creando una inolvidable experiencia epic\u00farea, dando un motivo m\u00e1s a nuestros hu\u00e9spedes para visitar el hotel\u201d.<\/p>\n<p>Involucrado en la herencia de nuestro pa\u00eds, el chef <strong>Meza<\/strong> tiene una gran pasi\u00f3n por los ingredientes tradicionales mexicanos, creando conexiones \u00edntimas con el mar, la tierra y la naturaleza que le rodea. Con una filosof\u00eda culinaria que honra su identidad y cultura, est\u00e1 dedicado a usar ingredientes nativos de M\u00e9xico y siempre en busca de los ingredientes m\u00e1s frescos de los productores locales. Los ingredientes tradicionales son la base de sus innovadoras recetas, que expresan el orgullo por la gastronom\u00eda mexicana, llev\u00e1ndola a nuevos horizontes<\/p>\n<p><em>\u201c<\/em>Es un honor ser nombrado <em>signature chef<\/em> de Carolina, uno de los restaurantes m\u00e1s prestigiosos de M\u00e9xico e integrarme a una familia de profesionales talentosos y comprometidos en ofrecer experiencias culinarias memorables para cada uno de nuestros hu\u00e9spedes\u201d, indica el chef.<\/p>\n<p><strong>Jos\u00e9 Meza<\/strong>\u00a0descubri\u00f3 una pasi\u00f3n por la cocina cuando crec\u00eda en su natal ciudad de M\u00e9xico, pasando sus domingos en la cocina de sus familiares. Su carrera empez\u00f3 cuando ten\u00eda 17 a\u00f1os, trabajando en destacados restaurantes dentro de la industria hotelera en M\u00e9xico. Despu\u00e9s de obtener su t\u00edtulo en Gastronom\u00eda en el CESSA de San \u00c1ngel, la carrera del chef continu\u00f3 bajo el tutelaje de algunos de los chefs con Estrellas Michelin m\u00e1s reconocidos a nivel mundial. Entre ellos, <strong>Martin Berasategui, Bart de Pooyer<\/strong>, y<strong> Rene Redzepi <\/strong>del\u00a0<em>Noma<\/em>\u00a0en Copenhague, restaurante considerado como el n\u00famero uno en el mundo por la prestigiosa lista de Los Mejores Restaurantes de San Pellegrino. Despu\u00e9s, regres\u00f3 a la ciudad de M\u00e9xico, donde form\u00f3 parte en la cocina de chef <strong>Enrique Olvera,<\/strong> en Pujol, el restaurante n\u00famero uno del pa\u00eds, seg\u00fan la misma mencionada. Ah\u00ed descubri\u00f3 y desarroll\u00f3 su amor por los ingredientes y t\u00e9cnicas tradicionales mexicanas, un amor que crece d\u00eda con d\u00eda. A la edad de 24 a\u00f1os, su talento le llev\u00f3 a liderar la cocina del cuidado proyecto de <strong>Olvera<\/strong>, Moxi, en San Miguel de Allende.<\/p>\n<p>\u2730\u2730\u2730\u2730\u2730\u00a0Compatible con los sistemas operativos <em>Android, IOS<\/em> y <em>Windows,<\/em> Volaris lanza nueva aplicaci\u00f3n m\u00f3vil y brinda m\u00e1s beneficios de compra a sus clientes desde cualquier dispositivo m\u00f3vil, mejorando as\u00ed su experiencia de viaje.<\/p>\n<p>Por medio de esta aplicaci\u00f3n, pueden comprar boletos, documentarse y tambi\u00e9n adquirir los servicios adicionales que requieran pagando s\u00f3lo por lo que necesitan gracias al esquema \u201cT\u00fa Decides\u201d, con la confianza y garant\u00eda de que las transacciones monetarias realizadas cumplen con los est\u00e1ndares m\u00e1s altos de seguridad a nivel internacional.<\/p>\n<p><strong>Carlos Alfredo Iraheta Borgo<\/strong>, gerente de Desarrollo de Producto e Ingreso de Volaris, explic\u00f3 que\u00a0el desarrollo de esta nueva aplicaci\u00f3n se hizo a partir de un estudio que tuvo una duraci\u00f3n de un a\u00f1o, para as\u00ed crear un producto m\u00e1s adecuado y sencillo, lo que result\u00f3 en\u00a0una aplicaci\u00f3n muy amigable e intuitiva que tiene como objetivo que todos los usuarios puedan\u00a0navegar f\u00e1cilmente en ella y disfrutar de sus beneficios.<\/p>\n<p>\u201cEn\u00a0Volaris,\u00a0lo m\u00e1s importante es escuchar a nuestros clientes, es por esto que somos la primera aerol\u00ednea en elaborar una aplicaci\u00f3n a partir de un an\u00e1lisis espec\u00edfico de sus necesidades. Gracias a todos los beneficios que ofrece nuestra aplicaci\u00f3n m\u00f3vil, sabemos que se convertir\u00e1 en una herramienta ideal para crear experiencias de viaje integrales: desde el proceso de compra, hasta la llegada a su destino,\u201d coment\u00f3 el gerente.<\/p>\n<p>Por su parte, <strong>Enrique Beltranena<\/strong>, director general de\u00a0la aerol\u00ednea, se mostr\u00f3 muy entusiasmado con el lanzamiento de esta nueva aplicaci\u00f3n, comentando que la compa\u00f1\u00eda se distingue por aplicar tecnolog\u00eda de punta en sus actividades diarias.<\/p>\n<p><em><i><a href=\"mailto:victoriagprado@gmail.com\" target=\"_blank\">victoriagprado@gmail.com<\/a><\/i><\/em><\/p>\n","protected":false},"excerpt":{"rendered":"<p>Reflejo de su compromiso con M\u00e9xico y sus pasajeros, <em>American Airlines<\/em> celebra 10 a\u00f1os de conectar a las ciudades de San Luis Potos\u00ed (SLP) y Dallas\/Fort Worth (DFW) con el resto del mundo.<\/p>\n","protected":false},"author":3,"featured_media":212002,"comment_status":"open","ping_status":"open","sticky":false,"template":"","format":"standard","meta":{"_monsterinsights_skip_tracking":false,"_monsterinsights_sitenote_active":false,"_monsterinsights_sitenote_note":"","_monsterinsights_sitenote_category":0,"footnotes":""},"categories":[11],"tags":[107,43681,106],"class_list":["post-211947","post","type-post","status-publish","format-standard","has-post-thumbnail","hentry","category-turismo","tag-de-cinco-estrellas","tag-turismo","tag-victoria-gonzalez-prado"],"_links":{"self":[{"href":"https:\/\/www.diarioimagen.net\/index.php?rest_route=\/wp\/v2\/posts\/211947","targetHints":{"allow":["GET"]}}],"collection":[{"href":"https:\/\/www.diarioimagen.net\/index.php?rest_route=\/wp\/v2\/posts"}],"about":[{"href":"https:\/\/www.diarioimagen.net\/index.php?rest_route=\/wp\/v2\/types\/post"}],"author":[{"embeddable":true,"href":"https:\/\/www.diarioimagen.net\/index.php?rest_route=\/wp\/v2\/users\/3"}],"replies":[{"embeddable":true,"href":"https:\/\/www.diarioimagen.net\/index.php?rest_route=%2Fwp%2Fv2%2Fcomments&post=211947"}],"version-history":[{"count":0,"href":"https:\/\/www.diarioimagen.net\/index.php?rest_route=\/wp\/v2\/posts\/211947\/revisions"}],"wp:featuredmedia":[{"embeddable":true,"href":"https:\/\/www.diarioimagen.net\/index.php?rest_route=\/wp\/v2\/media\/212002"}],"wp:attachment":[{"href":"https:\/\/www.diarioimagen.net\/index.php?rest_route=%2Fwp%2Fv2%2Fmedia&parent=211947"}],"wp:term":[{"taxonomy":"category","embeddable":true,"href":"https:\/\/www.diarioimagen.net\/index.php?rest_route=%2Fwp%2Fv2%2Fcategories&post=211947"},{"taxonomy":"post_tag","embeddable":true,"href":"https:\/\/www.diarioimagen.net\/index.php?rest_route=%2Fwp%2Fv2%2Ftags&post=211947"}],"curies":[{"name":"wp","href":"https:\/\/api.w.org\/{rel}","templated":true}]}}