{"id":212077,"date":"2015-03-31T00:08:42","date_gmt":"2015-03-31T06:08:42","guid":{"rendered":"http:\/\/www.diarioimagen.net\/?p=212077"},"modified":"2015-03-31T06:12:41","modified_gmt":"2015-03-31T12:12:41","slug":"trasnacional","status":"publish","type":"post","link":"https:\/\/www.diarioimagen.net\/?p=212077","title":{"rendered":"Trasnacional"},"content":{"rendered":"<h2>\u00cdndice pol\u00edtico<\/h2>\n<h5>Francisco Rodr\u00edguez<\/h5>\n<p>&nbsp;<\/p>\n<div id=\"attachment_212157\" style=\"width: 250px\" class=\"wp-caption alignleft\"><a href=\"http:\/\/www.diarioimagen.net\/?attachment_id=212157\" rel=\"attachment wp-att-212157\"><img loading=\"lazy\" decoding=\"async\" aria-describedby=\"caption-attachment-212157\" class=\"size-medium wp-image-212157\" src=\"http:\/\/www.diarioimagen.net\/wp-content\/uploads\/2015\/03\/cuentos-RAMON-2581-240x149.jpg\" alt=\"Cuentos... | Ram\u00f3n\" width=\"240\" height=\"149\" srcset=\"https:\/\/www.diarioimagen.net\/wp-content\/uploads\/2015\/03\/cuentos-RAMON-2581-240x149.jpg 240w, https:\/\/www.diarioimagen.net\/wp-content\/uploads\/2015\/03\/cuentos-RAMON-2581-420x260.jpg 420w, https:\/\/www.diarioimagen.net\/wp-content\/uploads\/2015\/03\/cuentos-RAMON-2581.jpg 1200w\" sizes=\"auto, (max-width: 240px) 100vw, 240px\" \/><\/a><p id=\"caption-attachment-212157\" class=\"wp-caption-text\">Cuentos&#8230; | Ram\u00f3n<\/p><\/div>\n<p>En este espacio se ha denunciado a Walmart, no s\u00f3lo por sus relaciones con funcionarios, no pocas entidades federativas e innumerables ayuntamientos \u2014ahora motivo de esc\u00e1ndalo\u2014, por el trato que da a sus trabajadores, a los que eufem\u00edsticamente llama \u201casociados\u201d para regatearles prestaciones y derechos.<\/p>\n<p>Emplea Walmart su calidad de primera empleadora del pa\u00eds para pagar menos impuestos que el resto de los contribuyentes y paga magros salarios a sus miles de empleados. Sus cabilderos consiguieron \u201cpasar\u201d una iniciativa de ley que convirti\u00f3 a sus cajas registradoras en sucursales bancarias.<\/p>\n<p>Pero, \u00bfqu\u00e9 hay detr\u00e1s de los supuestos \u201cprecios bajos, siempre\u201d que ofrece la primera cadena de supermercados? La ya referida explotaci\u00f3n de sus trabajadores, a quienes, para no crear v\u00ednculos laborales, llama \u201casociados\u201d.<\/p>\n<p>Walmart sorte\u00f3 \u2014gracias a la administraci\u00f3n calderonista\u2014, las denuncias de quienes laboran en su organizaci\u00f3n.<\/p>\n<p>Tambi\u00e9n los leg\u00edtimos intentos que \u00e9stos vienen desplegando para crear un gremio sindical. Y sobre todo, los efectos del \u201cboicot\u201d que una franja de consumidores decret\u00f3 en su contra, por su abierta intromisi\u00f3n en los comicios a favor del entonces candidato del PAN.<\/p>\n<p>Los mensajes han sido claros: No hubo reparto de utilidades, dizque por la inversi\u00f3n en la apertura de nuevos negocios. \u201cH\u00e1ganle como quieran\u201d, dijo en ese tiempo a los trabajadores un ejecutivo de la trasnacional.<\/p>\n<p>Pero tambi\u00e9n, sospecho, ha habido mensajes subliminales \u201cinyectados\u201d a los cerebros de sus empleados, en los cuales se estar\u00eda amenazando a quienes, en sus palabras, \u201cson revoltosos\u201d o \u201cno quieren a la empresa\u201d, como si una relaci\u00f3n laboral se basara en el cari\u00f1o y no en el respeto a los m\u00ednimos derechos de quienes alquilan su fuerza de trabajo.<\/p>\n<p>Hace tiempo, Walmart puso en marcha un \u201cprograma de capacitaci\u00f3n\u201d que consiste en la aprobaci\u00f3n de tres m\u00f3dulos que corren en programas cibern\u00e9ticos. La mec\u00e1nica llama mucho la atenci\u00f3n. Porque, en un cuarto oscuro, donde la \u00fanica iluminaci\u00f3n proviene del monitor de una PC, el trabajador es sometido a una serie de indicaciones durante un par de horas. No sale de esa habitaci\u00f3n hasta que haya aprobado los referidos m\u00f3dulos.<\/p>\n<p>Pueden pasar m\u00e1s de dos horas. Todo ello, es una verdadera tortura, que deja secuelas durante un buen lapso: cefaleas, adormecimiento de extremidades, n\u00e1useas\u2026<\/p>\n<p>Con raz\u00f3n, no pocos son quienes sospechan que en realidad son sometidos a una especie de \u201clavado de cerebro\u201d, con im\u00e1genes cuya duraci\u00f3n en el monitor puede ser de milisegundos y a\u00fan con el llamado \u201creverse subliminal speech\u201d, con el que se transmiten \u00f3rdenes al subconsciente.<\/p>\n<p>Tal es, en efecto, un mensaje subliminal: un est\u00edmulo que dise\u00f1ado para programar la mente humana a trav\u00e9s de la percepci\u00f3n no consciente.<\/p>\n<p>Y usted sabe que, en lenguaje llano, la mente tiene una suerte de dos niveles: el consciente y el inconsciente. Que la conciencia es capaz de analizar palabras, conceptos, colores, sabores, olores, etc., mientras que la subconsciencia es como una memoria que almacena informaci\u00f3n sin que nos demos cuenta.<\/p>\n<p><em><a href=\"http:\/\/www.indicepolitico.com\" target=\"_blank\">www.indicepolitico.com<\/a><\/em><br \/>\n<em><a href=\"mailto:pacorodriguez@journalist.com\" target=\"_blank\">pacorodriguez@journalist.com<\/a><\/em><\/p>\n","protected":false},"excerpt":{"rendered":"<p><span style=\"color: #005497;\"><strong>Francisco Rodr\u00edguez<\/strong><\/span><br \/>\n<br \/>\nEn este espacio se ha denunciado a Walmart, no s\u00f3lo por sus relaciones con funcionarios, no pocas entidades federativas e innumerables ayuntamientos \u2014ahora motivo de esc\u00e1ndalo\u2014, por el trato que da a sus trabajadores, a los que eufem\u00edsticamente llama \u201casociados\u201d para regatearles prestaciones y derechos.<\/p>\n","protected":false},"author":3,"featured_media":212157,"comment_status":"open","ping_status":"open","sticky":false,"template":"","format":"standard","meta":{"_monsterinsights_skip_tracking":false,"_monsterinsights_sitenote_active":false,"_monsterinsights_sitenote_note":"","_monsterinsights_sitenote_category":0,"footnotes":""},"categories":[549],"tags":[43689,550,43674],"class_list":["post-212077","post","type-post","status-publish","format-standard","has-post-thumbnail","hentry","category-francisco-rodriguez","tag-francisco-rodriguez","tag-indice-politico","tag-opinion"],"_links":{"self":[{"href":"https:\/\/www.diarioimagen.net\/index.php?rest_route=\/wp\/v2\/posts\/212077","targetHints":{"allow":["GET"]}}],"collection":[{"href":"https:\/\/www.diarioimagen.net\/index.php?rest_route=\/wp\/v2\/posts"}],"about":[{"href":"https:\/\/www.diarioimagen.net\/index.php?rest_route=\/wp\/v2\/types\/post"}],"author":[{"embeddable":true,"href":"https:\/\/www.diarioimagen.net\/index.php?rest_route=\/wp\/v2\/users\/3"}],"replies":[{"embeddable":true,"href":"https:\/\/www.diarioimagen.net\/index.php?rest_route=%2Fwp%2Fv2%2Fcomments&post=212077"}],"version-history":[{"count":0,"href":"https:\/\/www.diarioimagen.net\/index.php?rest_route=\/wp\/v2\/posts\/212077\/revisions"}],"wp:featuredmedia":[{"embeddable":true,"href":"https:\/\/www.diarioimagen.net\/index.php?rest_route=\/wp\/v2\/media\/212157"}],"wp:attachment":[{"href":"https:\/\/www.diarioimagen.net\/index.php?rest_route=%2Fwp%2Fv2%2Fmedia&parent=212077"}],"wp:term":[{"taxonomy":"category","embeddable":true,"href":"https:\/\/www.diarioimagen.net\/index.php?rest_route=%2Fwp%2Fv2%2Fcategories&post=212077"},{"taxonomy":"post_tag","embeddable":true,"href":"https:\/\/www.diarioimagen.net\/index.php?rest_route=%2Fwp%2Fv2%2Ftags&post=212077"}],"curies":[{"name":"wp","href":"https:\/\/api.w.org\/{rel}","templated":true}]}}