{"id":212208,"date":"2015-04-01T00:01:23","date_gmt":"2015-04-01T06:01:23","guid":{"rendered":"http:\/\/www.diarioimagen.net\/?p=212208"},"modified":"2015-04-07T05:14:26","modified_gmt":"2015-04-07T10:14:26","slug":"lena-culmina-exitosa-gira-por-sudamerica-junto-a-joss-stone","status":"publish","type":"post","link":"https:\/\/www.diarioimagen.net\/?p=212208","title":{"rendered":"Lena culmina exitosa gira por Sudam\u00e9rica junto a Joss Stone"},"content":{"rendered":"<ul>\n<li><strong><em>Su pr\u00f3ximo concierto ser\u00e1 el viernes 3 de abril en Miami<\/em><\/strong><\/li>\n<\/ul>\n<div id=\"attachment_212209\" style=\"width: 250px\" class=\"wp-caption alignleft\"><img loading=\"lazy\" decoding=\"async\" aria-describedby=\"caption-attachment-212209\" class=\"size-medium wp-image-212209\" src=\"http:\/\/www.diarioimagen.net\/wp-content\/uploads\/2015\/03\/lena-PORTAL-240x135.jpg\" alt=\"\u201cQu\u00e9 emoci\u00f3n tan grande volver a Chile y Argentina de la mano de una gran artista a la cual admiro tanto como Joss Stone y cantar en escenarios tan emblem\u00e1ticos como Luna Park Stadium\u201d, expres\u00f3 Lena. \" width=\"240\" height=\"135\" srcset=\"https:\/\/www.diarioimagen.net\/wp-content\/uploads\/2015\/03\/lena-PORTAL-240x135.jpg 240w, https:\/\/www.diarioimagen.net\/wp-content\/uploads\/2015\/03\/lena-PORTAL-420x236.jpg 420w, https:\/\/www.diarioimagen.net\/wp-content\/uploads\/2015\/03\/lena-PORTAL.jpg 480w, https:\/\/www.diarioimagen.net\/wp-content\/uploads\/2015\/03\/lena-PORTAL-235x132.jpg 235w, https:\/\/www.diarioimagen.net\/wp-content\/uploads\/2015\/03\/lena-PORTAL-202x114.jpg 202w, https:\/\/www.diarioimagen.net\/wp-content\/uploads\/2015\/03\/lena-PORTAL-350x196.jpg 350w, https:\/\/www.diarioimagen.net\/wp-content\/uploads\/2015\/03\/lena-PORTAL-220x123.jpg 220w, https:\/\/www.diarioimagen.net\/wp-content\/uploads\/2015\/03\/lena-PORTAL-237x132.jpg 237w\" sizes=\"auto, (max-width: 240px) 100vw, 240px\" \/><p id=\"caption-attachment-212209\" class=\"wp-caption-text\">\u201cQu\u00e9 emoci\u00f3n tan grande volver a Chile y Argentina de la mano de una gran artista a la cual admiro tanto como Joss Stone y cantar en escenarios tan emblem\u00e1ticos como Luna Park Stadium\u201d, expres\u00f3 Lena.<\/p><\/div>\n<p>La cantante y compositora cubana Lena, ganadora del Grammy Latino, cautiv\u00f3 al p\u00fablico sudamericano con su Opening Act en el marco de\u00a0 la exitosa gira Total World Tour de la int\u00e9rprete inglesa de soul Joss Stone.<\/p>\n<p>Santiago de Chile, Sao Paulo, Brasilia, Recife, y Buenos Aires fueron algunas de las ciudades que recorri\u00f3 la aclamada Lena.<\/p>\n<p>Tras cuatro a\u00f1os lejos de los escenarios de Chile, el Teatro Caupolic\u00e1n de Santiago fue el primer escenario que recibi\u00f3 a la galardonada Lena, en el que acompa\u00f1\u00f3 en el acto de apertura a Joss Stone al igual que en el Stadium Luna Park de Argentina, luego abri\u00f3 el escenario en Brasil con tres fechas, Sao Paulo en el Citibank Hall, Brasilia en el escenario del Net Live y para cerrar en Brasil en el Chevrolet Hall de la ciudad de Recife.<\/p>\n<p>Por su parte Lena ofreci\u00f3 un concierto privado en Buenos Aires en el legendario escenario del Velma Caf\u00e9 Palermo, acompa\u00f1ada de los dos grandes m\u00fasicos Jos\u00e9 Armado Gola en el bajo y Jonathan Joseph en la bater\u00eda donde deleit\u00f3 a los presentes con Tu coraz\u00f3n, Que ser\u00eda de m\u00ed y Puedo jurarlo adem\u00e1s de su nuevo sencillo \u201cSi ya no tengo tu coraz\u00f3n\u201d.\u00a0 Por \u00faltimo cerr\u00f3 su gira en la apertura de Joss Stone en Santa Cruz de la Sierra, Bolivia en el Hard Rock Caf\u00e9.<\/p>\n<p>En una entrevista concedida al regreso de la gira por Sudam\u00e9rica Lena acot\u00f3, \u201cqu\u00e9 emoci\u00f3n tan grande volver a Chile y Argentina de la mano de una gran artista a la cual admiro tanto como Joss Stone y cantar en escenarios tan emblem\u00e1ticos como Luna Park Stadium donde much\u00edsimos de los artistas que admiro han tocado antes\u201d, adem\u00e1s agradeci\u00f3 a Joss por su amistad y su arte.<\/p>\n<p>En el mismo sentido Lena dijo, \u201che vuelto a Miami renovada al recibir tanto cari\u00f1o del p\u00fablico Chileno, Argentino, Brasile\u00f1o y Boliviano\u00bb anunci\u00f3 su pr\u00f3ximo show el viernes 3 de abril, en la ciudad del sol, Miami, en el m\u00edtico escenario del club Hoy como Ayer,\u00a0 en el que estar\u00e1 interpretando nuevamente su sencillo Si ya no tengo tu coraz\u00f3n que forma parte de su nuevo disco que estar\u00e1 lanzando a mediados de 2015.<\/p>\n","protected":false},"excerpt":{"rendered":"<p>La cantante y compositora cubana Lena, ganadora del Grammy Latino, cautiv\u00f3 al p\u00fablico sudamericano con su Opening Act en el marco de  la exitosa gira Total World Tour de la int\u00e9rprete inglesa de soul Joss Stone.<\/p>\n","protected":false},"author":5,"featured_media":212209,"comment_status":"open","ping_status":"open","sticky":false,"template":"","format":"standard","meta":{"_monsterinsights_skip_tracking":false,"_monsterinsights_sitenote_active":false,"_monsterinsights_sitenote_note":"","_monsterinsights_sitenote_category":0,"footnotes":""},"categories":[17,12],"tags":[22198],"class_list":["post-212208","post","type-post","status-publish","format-standard","has-post-thumbnail","hentry","category-especiales","category-espectaculos","tag-joss-stone"],"_links":{"self":[{"href":"https:\/\/www.diarioimagen.net\/index.php?rest_route=\/wp\/v2\/posts\/212208","targetHints":{"allow":["GET"]}}],"collection":[{"href":"https:\/\/www.diarioimagen.net\/index.php?rest_route=\/wp\/v2\/posts"}],"about":[{"href":"https:\/\/www.diarioimagen.net\/index.php?rest_route=\/wp\/v2\/types\/post"}],"author":[{"embeddable":true,"href":"https:\/\/www.diarioimagen.net\/index.php?rest_route=\/wp\/v2\/users\/5"}],"replies":[{"embeddable":true,"href":"https:\/\/www.diarioimagen.net\/index.php?rest_route=%2Fwp%2Fv2%2Fcomments&post=212208"}],"version-history":[{"count":0,"href":"https:\/\/www.diarioimagen.net\/index.php?rest_route=\/wp\/v2\/posts\/212208\/revisions"}],"wp:featuredmedia":[{"embeddable":true,"href":"https:\/\/www.diarioimagen.net\/index.php?rest_route=\/wp\/v2\/media\/212209"}],"wp:attachment":[{"href":"https:\/\/www.diarioimagen.net\/index.php?rest_route=%2Fwp%2Fv2%2Fmedia&parent=212208"}],"wp:term":[{"taxonomy":"category","embeddable":true,"href":"https:\/\/www.diarioimagen.net\/index.php?rest_route=%2Fwp%2Fv2%2Fcategories&post=212208"},{"taxonomy":"post_tag","embeddable":true,"href":"https:\/\/www.diarioimagen.net\/index.php?rest_route=%2Fwp%2Fv2%2Ftags&post=212208"}],"curies":[{"name":"wp","href":"https:\/\/api.w.org\/{rel}","templated":true}]}}