{"id":212241,"date":"2015-04-01T00:06:55","date_gmt":"2015-04-01T06:06:55","guid":{"rendered":"http:\/\/www.diarioimagen.net\/?p=212241"},"modified":"2015-04-07T05:14:49","modified_gmt":"2015-04-07T10:14:49","slug":"ahorran-mexiquenses-10-mil-mdp-por-subsidio-del-pago-de-tenencia","status":"publish","type":"post","link":"https:\/\/www.diarioimagen.net\/?p=212241","title":{"rendered":"Ahorran mexiquenses 10 mil mdp por subsidio del pago de tenencia"},"content":{"rendered":"<ul>\n<li><strong><em>Medida adoptada desde el 2012<\/em><\/strong><\/li>\n<\/ul>\n<h6>Redacci\u00f3n<\/h6>\n<p>&nbsp;<\/p>\n<div id=\"attachment_212309\" style=\"width: 250px\" class=\"wp-caption alignleft\"><a href=\"http:\/\/www.diarioimagen.net\/?attachment_id=212309\" rel=\"attachment wp-att-212309\"><img loading=\"lazy\" decoding=\"async\" aria-describedby=\"caption-attachment-212309\" class=\"size-medium wp-image-212309\" src=\"http:\/\/www.diarioimagen.net\/wp-content\/uploads\/2015\/04\/arco-2582-240x135.jpg\" alt=\"El gobernador distribuy\u00f3 materiales did\u00e1cticos, vales de zapatos, paquetes alimenticios, focos ahorradores de energ\u00eda, vales para ex\u00e1menes m\u00e9dicos, tarjetas La Efectiva,  entre otros.\" width=\"240\" height=\"135\" srcset=\"https:\/\/www.diarioimagen.net\/wp-content\/uploads\/2015\/04\/arco-2582-240x135.jpg 240w, https:\/\/www.diarioimagen.net\/wp-content\/uploads\/2015\/04\/arco-2582-420x236.jpg 420w, https:\/\/www.diarioimagen.net\/wp-content\/uploads\/2015\/04\/arco-2582.jpg 480w, https:\/\/www.diarioimagen.net\/wp-content\/uploads\/2015\/04\/arco-2582-235x132.jpg 235w, https:\/\/www.diarioimagen.net\/wp-content\/uploads\/2015\/04\/arco-2582-202x114.jpg 202w, https:\/\/www.diarioimagen.net\/wp-content\/uploads\/2015\/04\/arco-2582-350x196.jpg 350w, https:\/\/www.diarioimagen.net\/wp-content\/uploads\/2015\/04\/arco-2582-220x123.jpg 220w, https:\/\/www.diarioimagen.net\/wp-content\/uploads\/2015\/04\/arco-2582-237x132.jpg 237w\" sizes=\"auto, (max-width: 240px) 100vw, 240px\" \/><\/a><p id=\"caption-attachment-212309\" class=\"wp-caption-text\">El gobernador distribuy\u00f3 materiales did\u00e1cticos, vales de zapatos, paquetes alimenticios, focos ahorradores de energ\u00eda, vales para ex\u00e1menes m\u00e9dicos, tarjetas La Efectiva, entre otros.<\/p><\/div>\n<p>El gobernador Eruviel \u00c1vila Villegas inform\u00f3 que el plazo para pagar refrendo de placas y acceder al subsidio de 100 por ciento en el pago del impuesto sobre la tenencia, se ampl\u00eda hasta el 15 de abril, adem\u00e1s record\u00f3 que en el Estado de M\u00e9xico desde 2012 se subsidia el pago de este gravamen a los due\u00f1os de autom\u00f3viles particulares con valor menor a 350 mil pesos, acci\u00f3n que dijo, ha permitido que los conductores tengan un ahorro de 10 mil millones de pesos.<\/p>\n<p>\u201cD\u00e9jenme decirles, amigas, amigos, que producto de este programa que impuls\u00e9, que este compromiso que hice, en los a\u00f1os que lleva vigente el programa en 2012, 2013, 2014 y hoy 2015, le hemos ahorrado a los conductores, a los propietarios de veh\u00edculos que pagaban tenencia, le hemos ahorrado m\u00e1s de 10 mil millones de pesos, son 10 mil millones de pesos que hoy ya no pagan los conductores de estos veh\u00edculos\u201d, asever\u00f3.<\/p>\n<p>Eruviel \u00c1vila se\u00f1al\u00f3 que los mexiquenses beneficiados con el subsidio de 100 por ciento en el pago del impuesto sobre la tenencia, representan casi 90 por ciento de los due\u00f1os de los autom\u00f3viles, y manifest\u00f3 que ampliar el plazo para el pago de refrendo de placas es con la finalidad de ser solidarios con aquellos que quiz\u00e1 por alg\u00fan motivo ajeno a ellos retrasaron su pago.<\/p>\n<p>Para mayores informes sobre el pago de refrendo de placas vehiculares y el impuesto sobre tenencia est\u00e1n disponibles los tel\u00e9fonos 01 800 715 43 50 y 722 2 26 17 51.<\/p>\n<p>Lo anterior, durante la entrega de est\u00edmulos a promotoras del programa de educaci\u00f3n inicial no escolarizada, quienes atienden a 44 mil 284 ni\u00f1os de cero a tres a\u00f1os once meses de edad, que viven en mil 747 comunidades marginales de 112 municipios.<\/p>\n<p>&nbsp;<\/p>\n","protected":false},"excerpt":{"rendered":"<p>El gobernador Eruviel \u00c1vila Villegas inform\u00f3 que el plazo para pagar refrendo de placas y acceder al subsidio de 100 por ciento en el pago del impuesto sobre la tenencia, se ampl\u00eda hasta el 15 de abril, adem\u00e1s record\u00f3 que en el Estado de M\u00e9xico desde 2012 se subsidia el pago de este gravamen a los due\u00f1os de autom\u00f3viles particulares con valor menor a 350 mil pesos, acci\u00f3n que dijo, ha permitido que los conductores tengan un ahorro de 10 mil millones de pesos.<\/p>\n","protected":false},"author":3,"featured_media":212309,"comment_status":"open","ping_status":"open","sticky":false,"template":"","format":"standard","meta":{"_monsterinsights_skip_tracking":false,"_monsterinsights_sitenote_active":false,"_monsterinsights_sitenote_note":"","_monsterinsights_sitenote_category":0,"footnotes":""},"categories":[5],"tags":[5828,43675,18874,69],"class_list":["post-212241","post","type-post","status-publish","format-standard","has-post-thumbnail","hentry","category-estado-de-mexico","tag-eruviel-avila-villegas","tag-estado-de-mexico","tag-pago","tag-tenencia"],"_links":{"self":[{"href":"https:\/\/www.diarioimagen.net\/index.php?rest_route=\/wp\/v2\/posts\/212241","targetHints":{"allow":["GET"]}}],"collection":[{"href":"https:\/\/www.diarioimagen.net\/index.php?rest_route=\/wp\/v2\/posts"}],"about":[{"href":"https:\/\/www.diarioimagen.net\/index.php?rest_route=\/wp\/v2\/types\/post"}],"author":[{"embeddable":true,"href":"https:\/\/www.diarioimagen.net\/index.php?rest_route=\/wp\/v2\/users\/3"}],"replies":[{"embeddable":true,"href":"https:\/\/www.diarioimagen.net\/index.php?rest_route=%2Fwp%2Fv2%2Fcomments&post=212241"}],"version-history":[{"count":0,"href":"https:\/\/www.diarioimagen.net\/index.php?rest_route=\/wp\/v2\/posts\/212241\/revisions"}],"wp:featuredmedia":[{"embeddable":true,"href":"https:\/\/www.diarioimagen.net\/index.php?rest_route=\/wp\/v2\/media\/212309"}],"wp:attachment":[{"href":"https:\/\/www.diarioimagen.net\/index.php?rest_route=%2Fwp%2Fv2%2Fmedia&parent=212241"}],"wp:term":[{"taxonomy":"category","embeddable":true,"href":"https:\/\/www.diarioimagen.net\/index.php?rest_route=%2Fwp%2Fv2%2Fcategories&post=212241"},{"taxonomy":"post_tag","embeddable":true,"href":"https:\/\/www.diarioimagen.net\/index.php?rest_route=%2Fwp%2Fv2%2Ftags&post=212241"}],"curies":[{"name":"wp","href":"https:\/\/api.w.org\/{rel}","templated":true}]}}