{"id":212443,"date":"2015-04-06T00:01:14","date_gmt":"2015-04-06T05:01:14","guid":{"rendered":"http:\/\/www.diarioimagen.net\/?p=212443"},"modified":"2015-04-06T05:03:23","modified_gmt":"2015-04-06T10:03:23","slug":"republica-dominicana-es-un-destino-integral-donde-se-unen-la-cultura-el-ocio-la-diversion-las-compras-y-las-grandes-experiencias","status":"publish","type":"post","link":"https:\/\/www.diarioimagen.net\/?p=212443","title":{"rendered":"Rep\u00fablica Dominicana es un destino integral, donde se unen la cultura, el ocio, la diversi\u00f3n, las compras y las grandes experiencias"},"content":{"rendered":"<h2>De cinco estrellas<\/h2>\n<h5>Victoria Gonz\u00e1lez Prado<\/h5>\n<p>&nbsp;<\/p>\n<ul>\n<li><em><strong>En el inicio de la temporada vacacional de Semana Santa, la Terminal de Autobuses de Oriente de Puebla registr\u00f3 m\u00e1s de 200 corridas extras<\/strong><\/em><\/li>\n<li><em><strong>La actividad tur\u00edstica de la ciudad de M\u00e9xico en el primer bimestre del 2015, super\u00f3 los resultados obtenidos en el mismo periodo del a\u00f1o pasado<\/strong><\/em><\/li>\n<\/ul>\n<div id=\"attachment_212444\" style=\"width: 250px\" class=\"wp-caption alignleft\"><a href=\"http:\/\/www.diarioimagen.net\/?attachment_id=212444\" rel=\"attachment wp-att-212444\"><img loading=\"lazy\" decoding=\"async\" aria-describedby=\"caption-attachment-212444\" class=\"wp-image-212444 size-medium\" src=\"http:\/\/www.diarioimagen.net\/wp-content\/uploads\/2015\/04\/turismo2583-240x135.jpg\" alt=\"Montserrat Despradel y Maribel Villalona.\" width=\"240\" height=\"135\" srcset=\"https:\/\/www.diarioimagen.net\/wp-content\/uploads\/2015\/04\/turismo2583-240x135.jpg 240w, https:\/\/www.diarioimagen.net\/wp-content\/uploads\/2015\/04\/turismo2583-420x236.jpg 420w, https:\/\/www.diarioimagen.net\/wp-content\/uploads\/2015\/04\/turismo2583.jpg 480w, https:\/\/www.diarioimagen.net\/wp-content\/uploads\/2015\/04\/turismo2583-235x132.jpg 235w, https:\/\/www.diarioimagen.net\/wp-content\/uploads\/2015\/04\/turismo2583-202x114.jpg 202w, https:\/\/www.diarioimagen.net\/wp-content\/uploads\/2015\/04\/turismo2583-350x196.jpg 350w, https:\/\/www.diarioimagen.net\/wp-content\/uploads\/2015\/04\/turismo2583-220x123.jpg 220w, https:\/\/www.diarioimagen.net\/wp-content\/uploads\/2015\/04\/turismo2583-237x132.jpg 237w\" sizes=\"auto, (max-width: 240px) 100vw, 240px\" \/><\/a><p id=\"caption-attachment-212444\" class=\"wp-caption-text\">Montserrat Despradel y Maribel Villalona. \/ Foto: Jaime A. Arroyo Ol\u00edn.<\/p><\/div>\n<p><b>Montserrat Despradel<\/b>, representante del Ministerio de Turismo de la Rep\u00fablica Dominicana (MITUR), en M\u00e9xico, y <b>Maribel Villalona<\/b>, directora general del proyecto de Fomento al Desarrollo d la Ciudad Colonial, presidieron la reuni\u00f3n en la que presentaron a Rep\u00fablica Dominicana como un destino integral.<\/p>\n<p>Como invitada especial acudi\u00f3 la c\u00f3nsul de Rep\u00fablica Dominicana en M\u00e9xico, <b>Eneida L\u00f3pez de Contreras<\/b>. Tambi\u00e9n estuvieron <b>Deyanira Pappaterra<\/b>, directora adjunta de Negocios Corporativos del Banco de Reservas; <b>S\u00f3crates McKinney<\/b>, director de Dominicana Moda, plataforma oficial de moda de la Rep\u00fablica Dominicana; <b>Francisco Cu\u00e9llar<\/b> y <b>Sim\u00f3n Riad<\/b> del Grupo Aerodom; <b>Acacia Peralta<\/b>, representante del Ministerio de Asuntos Exteriores; <b>Briseida Olivero<\/b> del Cl\u00faster Tur\u00edstico de Santo Domingo; <b>Manuel Serrano<\/b> de Hoteles <i>Princess<\/i> y <b>C\u00e9sar Gonz\u00e1lez,<\/b> de Otium.<\/p>\n<p>No falt\u00f3 la presencia de <b>Mauro Arredondo<\/b>, gerente general en M\u00e9xico de <i>Copa Airlines<\/i>, aerol\u00ednea que vuela desde la ciudad de M\u00e9xico, seis d\u00edas de la semana a Panam\u00e1 y desde ah\u00ed a Santo Domingo, Punta Cana y a Santiago de los Caballeros todos los d\u00edas; <b>Judith Palleiro<\/b>, directora general de la naviera <i>Pullmantur<\/i> en M\u00e9xico y representantes de la Operadora Tur\u00edstica <i>Mega Travel<\/i><\/p>\n<p>La representante de MITUR en M\u00e9xico asegur\u00f3 que la Rep\u00fablica Dominicana es un destino completo para el viajero mexicano, ya que \u201ces un pa\u00eds donde se unen la cultura, el ocio, la diversi\u00f3n, las compras y las grandes experiencias. Buscamos, la llegada de nuevos pasajeros e inversionistas mexicanos al pa\u00eds\u201d.<\/p>\n<p>\u201cRep\u00fablica Dominicana no s\u00f3lo tiene playas. Es un destino con cultura, ocio, diversi\u00f3n, compras y artesan\u00edas. Nuestra m\u00fasica -el merengue y la bachata-, \u00e9sta \u00faltima considerada el bolero del Caribe, forma parte de la experiencia de viaje que promovemos. Adem\u00e1s, como parte de los proyectos de crecimiento tenemos una terminal de cruceros en Puerto Plata, que recibir\u00e1 grandes nav\u00edos de todo el mundo. Buscamos estar a la vanguardia\u201d.<\/p>\n<p>En su oportunidad, <b>Maribel Villalona<\/b>, asegur\u00f3 que la renovaci\u00f3n y revitalizaci\u00f3n de la Zona Colonial dominicana contribuir\u00e1 al fortalecimiento de la oferta tur\u00edstica de Santo Domingo Capital. \u201cEstamos seguros que el turismo ser\u00e1 la v\u00eda para sostener la conservaci\u00f3n y puesta en valor de nuestro patrimonio cultural\u201d.<\/p>\n<p>\u201cMantenemos nuestra riqueza cultural, y este es uno de los objetivos del proyecto de Fomento y Desarrollo de la Ciudad Colonial que se lleva actualmente a cabo en Santo Domingo. Es un proyecto integral muy completo porque toca todas las aristas. M\u00e1s all\u00e1 de la renovaci\u00f3n urbana, tiene un componente muy fuerte social, cultural y de fortalecimiento de la oferta tur\u00edstica\u201d, destac\u00f3 <b>Maribel<\/b>.<\/p>\n<p>Asimismo, indic\u00f3 que se trata es de poner valor al patrimonio y de que el turismo sea la v\u00eda para sostener a su conservaci\u00f3n. \u201cDesde hace dos a\u00f1os, la ciudad est\u00e1 en una etapa de remozamiento, junto con 14 instituciones de car\u00e1cter p\u00fablico y privado para concretar acciones como la reforma de las calles\u201d.<\/p>\n<p>\u201cLa reforma urbana estar\u00e1 lista en este a\u00f1o pero continuamos inmediatamente con las ruinas de San Francisco, que se convertir\u00e1 en un lugar que podr\u00eda tener alcance \u2018casi\u2019 de Centro de Convenciones, el proyecto se pens\u00f3 para el 2016\u201d.<\/p>\n<p>De esta forma, las facilidades para viajar a la isla, como son los cinco aeropuertos disponibles, se proyecta un crecimiento en el turismo que el a\u00f1o pasado alcanz\u00f3 los 5 millones de visitantes.<\/p>\n<p>Durante la presentaci\u00f3n hubo una exquisita degustaci\u00f3n de platillos t\u00edpicos, una interesante muestra artesanal con piezas elaboradas por <b>Yazm<\/b>\u00ed<b>n Guerrero<\/b> y <b>Dominique Calder\u00f3n<\/b>, y la actuaci\u00f3n de la revista musical <i>Bravissimo<\/i> de <i>Ocean World, <\/i>quienes nos dieron una muestra de los bailes y la contagiosa y alegre m\u00fasica \u00a0 tradicional de la isla.<\/p>\n<p>Al concluir la reuni\u00f3n se rif\u00f3 entre los concurrentes un crucero para dos personas con la naviera <i>Pullmantur <\/i>en Caribe Tropical<i> <\/i>saliendo de Santo Domingo y recorriendo: La Romana, St. Marteen, Guadalupe, Martinica e Isla Martinica.<\/p>\n<p>\u2730\u2730\u2730\u2730\u2730\u00a0La actividad tur\u00edstica de la ciudad de M\u00e9xico durante el primer bimestre del 2015 super\u00f3 los resultados obtenidos en el mismo periodo del a\u00f1o pasado en las variables de ocupaci\u00f3n hotelera, llegada de turistas internacionales hospedados en hoteles, derrama econ\u00f3mica, arribo de turistas extranjeros al AICM y empleo, inform\u00f3 el secretario de Turismo del Distrito Federal, <b>Miguel Torruco Marqu\u00e9s<\/b>.<\/p>\n<p>El funcionario mencion\u00f3 que 440 mil 810 turistas internacionales alojados en hoteles llegaron a la capital del pa\u00eds, cifra r\u00e9cord de los \u00faltimos ocho a\u00f1os, y 12% mayor que la registrada en el mismo periodo del a\u00f1o anterior. Este segmento represent\u00f3 el 22% del total de turistas que arribaron a la ciudad. Tambi\u00e9n se\u00f1al\u00f3 que los turistas nacionales alcanzaron un volumen de un mill\u00f3n 553 mil, representando el 78% del mercado.<\/p>\n<p>Detall\u00f3 que el total de turistas nacionales e internacionales hospedados en hoteles fue de un mill\u00f3n 994 mil, lo que significa 1.7% por arriba de los resultados obtenidos en 2014, registrando una derrama econ\u00f3mica del orden de los 754 millones de d\u00f3lares, 5% m\u00e1s que en el periodo enero-febrero del a\u00f1o pasado y superior a la de los \u00faltimos nueve a\u00f1os.<\/p>\n<p>La ocupaci\u00f3n hotelera, dijo, alcanz\u00f3 el 66.6%, que comparado con el bimestre del a\u00f1o anterior tuvo un modesto incremento (0.1%), pero suficiente para ser el m\u00e1s alto desde el 2007.<\/p>\n<p><b>Torruco Marqu\u00e9s<\/b> destac\u00f3 que la llegada de turistas extranjeros al Aeropuerto Internacional de la Ciudad de M\u00e9xico, de acuerdo con el \u00faltimo dato reportado por Centro de Estudios Migratorios de la Unidad de Pol\u00edtica Migratoria de la Secretar\u00eda de Gobernaci\u00f3n, tambi\u00e9n fue la m\u00e1s alta desde el 2007, con\u00a0492 mil 854, logrando un incremento del 3.5%.<\/p>\n<p>En materia de empleo, se rebas\u00f3 el mill\u00f3n (311,850 directos+779,625 indirectos), cifra r\u00e9cord de los \u00faltimos ocho a\u00f1os y 4.8% mayor que la obtenida en el primer bimestre del 2014.<\/p>\n<p>Estos resultados, enfatiz\u00f3 el titular de la Sectur DF, son reflejo de las diversas acciones, estrategias y programas instrumentados por la Secretar\u00eda de Turismo a lo largo de la presente administraci\u00f3n. Estas alentadoras cifras, no hubieran sido posibles, sin la participaci\u00f3n de los empresarios del sector turismo, quienes son los protagonistas de la actividad tur\u00edstica de la capital de todos los mexicanos.<\/p>\n<p>\u2730\u2730\u2730\u2730\u2730 En el inicio de la temporada vacacional de Semana Santa, la Terminal de Autobuses de Oriente (ADO) de Puebla, ha registrado m\u00e1s de 200 corridas extras. Un aumento de m\u00e1s del\u00a020% de pasajeros, los destinos con mayor demanda son Tehuac\u00e1n, Veracruz, Coatzacoalcos, Villahermosa y Oaxaca.<\/p>\n<p><b>Luis Valdivia Figueroa<\/b>, gerente general de la Regi\u00f3n ADO Puebla, mencion\u00f3 que durante los per\u00edodos vacacionales siempre se ve un aumento en el n\u00famero de corridas.\u00a0\u201cCalculamos que durante la temporada estaremos transportando alrededor de 5 mil pasajeros adicionales, por lo que estamos listos para ofrecer el mejor servicio a todos los usuarios, a los que se van y a los que llegan\u201d,\u00a0coment\u00f3.<\/p>\n<p>Asimismo, <b>Valdivia<\/b> mencion\u00f3 que durante la temporada vacacional , del 27 de marzo al 13 de abril, se ofrecer\u00e1n descuentos para maestros y estudiantes conforme a lo establecido por la ley correspondiente del 25 y 50 por ciento respectivamente. Para viajar con estos descuentos, los pasajeros deber\u00e1n acreditarse mediante una credencial vigente de la instituci\u00f3n educativa a la que pertenecen o una constancia que deber\u00e1 contener el nombre y sello de la escuela, as\u00ed como el nombre y la fotograf\u00eda del titular.<\/p>\n<p>Adem\u00e1s se mantienen los descuentos para los ni\u00f1os y adultos mayores con credencial Inapam y los descuentos aplicables en algunos destinos por compra anticipada.<\/p>\n<p><em><i><a href=\"mailto:victoriagprado@gmail.com\" target=\"_blank\">victoriagprado@gmail.com<\/a><\/i><\/em><\/p>\n","protected":false},"excerpt":{"rendered":"<p>Montserrat Despradel, representante del Ministerio de Turismo de la Rep\u00fablica Dominicana (MITUR), en M\u00e9xico, y Maribel Villalona, directora general del proyecto de Fomento al Desarrollo d la Ciudad Colonial, presidieron la reuni\u00f3n en la que presentaron a Rep\u00fablica Dominicana como un destino integral.<\/p>\n","protected":false},"author":1,"featured_media":212444,"comment_status":"open","ping_status":"open","sticky":false,"template":"","format":"standard","meta":{"_monsterinsights_skip_tracking":false,"_monsterinsights_sitenote_active":false,"_monsterinsights_sitenote_note":"","_monsterinsights_sitenote_category":0,"footnotes":""},"categories":[11],"tags":[107,43681,106],"class_list":["post-212443","post","type-post","status-publish","format-standard","has-post-thumbnail","hentry","category-turismo","tag-de-cinco-estrellas","tag-turismo","tag-victoria-gonzalez-prado"],"_links":{"self":[{"href":"https:\/\/www.diarioimagen.net\/index.php?rest_route=\/wp\/v2\/posts\/212443","targetHints":{"allow":["GET"]}}],"collection":[{"href":"https:\/\/www.diarioimagen.net\/index.php?rest_route=\/wp\/v2\/posts"}],"about":[{"href":"https:\/\/www.diarioimagen.net\/index.php?rest_route=\/wp\/v2\/types\/post"}],"author":[{"embeddable":true,"href":"https:\/\/www.diarioimagen.net\/index.php?rest_route=\/wp\/v2\/users\/1"}],"replies":[{"embeddable":true,"href":"https:\/\/www.diarioimagen.net\/index.php?rest_route=%2Fwp%2Fv2%2Fcomments&post=212443"}],"version-history":[{"count":0,"href":"https:\/\/www.diarioimagen.net\/index.php?rest_route=\/wp\/v2\/posts\/212443\/revisions"}],"wp:featuredmedia":[{"embeddable":true,"href":"https:\/\/www.diarioimagen.net\/index.php?rest_route=\/wp\/v2\/media\/212444"}],"wp:attachment":[{"href":"https:\/\/www.diarioimagen.net\/index.php?rest_route=%2Fwp%2Fv2%2Fmedia&parent=212443"}],"wp:term":[{"taxonomy":"category","embeddable":true,"href":"https:\/\/www.diarioimagen.net\/index.php?rest_route=%2Fwp%2Fv2%2Fcategories&post=212443"},{"taxonomy":"post_tag","embeddable":true,"href":"https:\/\/www.diarioimagen.net\/index.php?rest_route=%2Fwp%2Fv2%2Ftags&post=212443"}],"curies":[{"name":"wp","href":"https:\/\/api.w.org\/{rel}","templated":true}]}}