{"id":212781,"date":"2015-04-08T00:09:37","date_gmt":"2015-04-08T05:09:37","guid":{"rendered":"http:\/\/www.diarioimagen.net\/?p=212781"},"modified":"2015-04-08T03:43:52","modified_gmt":"2015-04-08T08:43:52","slug":"controlan-incendio-en-central-de-abasto-de-iztapalapa-no-hay-lesionados","status":"publish","type":"post","link":"https:\/\/www.diarioimagen.net\/?p=212781","title":{"rendered":"Fuego arrasa con 4 naves de Ceda"},"content":{"rendered":"<ul>\n<li><strong><em>No hay lesionados<\/em><\/strong><\/li>\n<\/ul>\n<div id=\"attachment_212782\" style=\"width: 250px\" class=\"wp-caption alignleft\"><img loading=\"lazy\" decoding=\"async\" aria-describedby=\"caption-attachment-212782\" class=\"wp-image-212782 size-medium\" src=\"http:\/\/www.diarioimagen.net\/wp-content\/uploads\/2015\/04\/CEDA-PORTAL-240x135.jpg\" alt=\"El incendio en la Central de Abasto afect\u00f3 m\u00e1s de tres mil metros cuadrados y m\u00e1s de 100 locales deber\u00e1n cerrar.\" width=\"240\" height=\"135\" srcset=\"https:\/\/www.diarioimagen.net\/wp-content\/uploads\/2015\/04\/CEDA-PORTAL-240x135.jpg 240w, https:\/\/www.diarioimagen.net\/wp-content\/uploads\/2015\/04\/CEDA-PORTAL-420x236.jpg 420w, https:\/\/www.diarioimagen.net\/wp-content\/uploads\/2015\/04\/CEDA-PORTAL.jpg 480w, https:\/\/www.diarioimagen.net\/wp-content\/uploads\/2015\/04\/CEDA-PORTAL-235x132.jpg 235w, https:\/\/www.diarioimagen.net\/wp-content\/uploads\/2015\/04\/CEDA-PORTAL-202x114.jpg 202w, https:\/\/www.diarioimagen.net\/wp-content\/uploads\/2015\/04\/CEDA-PORTAL-350x196.jpg 350w, https:\/\/www.diarioimagen.net\/wp-content\/uploads\/2015\/04\/CEDA-PORTAL-220x123.jpg 220w, https:\/\/www.diarioimagen.net\/wp-content\/uploads\/2015\/04\/CEDA-PORTAL-237x132.jpg 237w\" sizes=\"auto, (max-width: 240px) 100vw, 240px\" \/><p id=\"caption-attachment-212782\" class=\"wp-caption-text\">El incendio en la Central de Abasto afect\u00f3 m\u00e1s de 3 mil metros cuadrados y m\u00e1s de 100 locales deber\u00e1n cerrar.<\/p><\/div>\n<p>El jefe de gobierno del Distrito Federal, Miguel \u00c1ngel Mancera, inform\u00f3 que m\u00e1s de 100 locales de las naves incendiadas la ma\u00f1ana de ayer en la Central de Abasto ser\u00e1n cerrados y los comerciantes reubicados.<\/p>\n<p>\u201cLos locales que van a tener que cerrar son arriba de 100 locales, los afectados son un n\u00famero mucho menor, pero no podemos dejar que funcionen, porque se va a arreglar la techumbre y eso por Protecci\u00f3n Civil, pues no se puede realizar as\u00ed.<\/p>\n<p>Los apoyos se van a determinar con la Secretar\u00eda de Trabajo y la Secretar\u00eda de Econom\u00eda. No es que se queden sin trabajo se van a reubicar, pero obviamente donde haya que realizar apoyos directos se har\u00e1n apoyos directos\u201d, dijo en conferencia.<\/p>\n<p>Inform\u00f3 que todo apunta a que un corto circuito podr\u00eda haber causado el incendio que se registr\u00f3 ayer en la Central de Abasto.<\/p>\n<p>En conferencia de prensa, el mandatario local sostuvo que a\u00fan se realizan las investigaciones pertinentes, pero hasta el momento se cree que \u201cun corto circuito en la zona donde se origin\u00f3 el incendio, donde se almacena unicel, esponja para los arreglos florales y pintura y esto es aparentemente\u201d.<\/p>\n<p>Al rededor de las 07:30 horas de ayer fue registrado un incendio en el \u00e1rea floral de la Central de Abasto, lo que de acuerdo con el jefe de gobierno, afect\u00f3 cerca de 3 mil metros cuadrados y no hubo personas heridas.<\/p>\n<p>Mancera destac\u00f3 que si la Central de Abasto no hubiera tenido la conexi\u00f3n de agua que tiene, hubiera sido mucho m\u00e1s complicado el trabajo del cuerpo de bomberos. El fuego fue combatido por bomberos de Iztapalapa y Coyoac\u00e1n.<\/p>\n","protected":false},"excerpt":{"rendered":"<p>El jefe de gobierno del Distrito Federal, Miguel \u00c1ngel Mancera, inform\u00f3 que m\u00e1s de 100 locales de las naves incendiadas la ma\u00f1ana de ayer en la Central de Abasto ser\u00e1n cerrados y los comerciantes reubicados.<\/p>\n","protected":false},"author":5,"featured_media":212782,"comment_status":"open","ping_status":"open","sticky":false,"template":"","format":"standard","meta":{"_monsterinsights_skip_tracking":false,"_monsterinsights_sitenote_active":false,"_monsterinsights_sitenote_note":"","_monsterinsights_sitenote_category":0,"footnotes":""},"categories":[6],"tags":[204,7196,8065,5314],"class_list":["post-212781","post","type-post","status-publish","format-standard","has-post-thumbnail","hentry","category-cd-de-mexico","tag-ciudad-de-mexico","tag-gobierno","tag-incendio","tag-miguel-angel-mancera-espinosa"],"_links":{"self":[{"href":"https:\/\/www.diarioimagen.net\/index.php?rest_route=\/wp\/v2\/posts\/212781","targetHints":{"allow":["GET"]}}],"collection":[{"href":"https:\/\/www.diarioimagen.net\/index.php?rest_route=\/wp\/v2\/posts"}],"about":[{"href":"https:\/\/www.diarioimagen.net\/index.php?rest_route=\/wp\/v2\/types\/post"}],"author":[{"embeddable":true,"href":"https:\/\/www.diarioimagen.net\/index.php?rest_route=\/wp\/v2\/users\/5"}],"replies":[{"embeddable":true,"href":"https:\/\/www.diarioimagen.net\/index.php?rest_route=%2Fwp%2Fv2%2Fcomments&post=212781"}],"version-history":[{"count":0,"href":"https:\/\/www.diarioimagen.net\/index.php?rest_route=\/wp\/v2\/posts\/212781\/revisions"}],"wp:featuredmedia":[{"embeddable":true,"href":"https:\/\/www.diarioimagen.net\/index.php?rest_route=\/wp\/v2\/media\/212782"}],"wp:attachment":[{"href":"https:\/\/www.diarioimagen.net\/index.php?rest_route=%2Fwp%2Fv2%2Fmedia&parent=212781"}],"wp:term":[{"taxonomy":"category","embeddable":true,"href":"https:\/\/www.diarioimagen.net\/index.php?rest_route=%2Fwp%2Fv2%2Fcategories&post=212781"},{"taxonomy":"post_tag","embeddable":true,"href":"https:\/\/www.diarioimagen.net\/index.php?rest_route=%2Fwp%2Fv2%2Ftags&post=212781"}],"curies":[{"name":"wp","href":"https:\/\/api.w.org\/{rel}","templated":true}]}}