{"id":212961,"date":"2015-04-08T23:59:36","date_gmt":"2015-04-09T04:59:36","guid":{"rendered":"http:\/\/www.diarioimagen.net\/?p=212961"},"modified":"2015-04-09T05:37:16","modified_gmt":"2015-04-09T10:37:16","slug":"incluye-eu-en-lista-negra-a-lideres-del-cartel-jalisco-nueva-generacion","status":"publish","type":"post","link":"https:\/\/www.diarioimagen.net\/?p=212961","title":{"rendered":"L\u00edderes del c\u00e1rtel Nueva Generaci\u00f3n, a lista negra"},"content":{"rendered":"<ul>\n<li><strong><em>EU ya les podr\u00e1 decomisar bienes<\/em><\/strong><\/li>\n<\/ul>\n<div id=\"attachment_212962\" style=\"width: 250px\" class=\"wp-caption alignleft\"><img loading=\"lazy\" decoding=\"async\" aria-describedby=\"caption-attachment-212962\" class=\"wp-image-212962 size-medium\" src=\"http:\/\/www.diarioimagen.net\/wp-content\/uploads\/2015\/04\/CARTEL-portal-240x135.jpg\" alt=\"El Departamento del Tesoro de EU indic\u00f3 que el c\u00e1rtel Nueva Generaci\u00f3n \u201cjuega un papel significativo en el tr\u00e1fico internacional de narc\u00f3ticos, conforme expanden sus operaciones.  \" width=\"240\" height=\"135\" srcset=\"https:\/\/www.diarioimagen.net\/wp-content\/uploads\/2015\/04\/CARTEL-portal-240x135.jpg 240w, https:\/\/www.diarioimagen.net\/wp-content\/uploads\/2015\/04\/CARTEL-portal-420x236.jpg 420w, https:\/\/www.diarioimagen.net\/wp-content\/uploads\/2015\/04\/CARTEL-portal.jpg 480w, https:\/\/www.diarioimagen.net\/wp-content\/uploads\/2015\/04\/CARTEL-portal-235x132.jpg 235w, https:\/\/www.diarioimagen.net\/wp-content\/uploads\/2015\/04\/CARTEL-portal-202x114.jpg 202w, https:\/\/www.diarioimagen.net\/wp-content\/uploads\/2015\/04\/CARTEL-portal-350x196.jpg 350w, https:\/\/www.diarioimagen.net\/wp-content\/uploads\/2015\/04\/CARTEL-portal-220x123.jpg 220w, https:\/\/www.diarioimagen.net\/wp-content\/uploads\/2015\/04\/CARTEL-portal-237x132.jpg 237w\" sizes=\"auto, (max-width: 240px) 100vw, 240px\" \/><p id=\"caption-attachment-212962\" class=\"wp-caption-text\">El Departamento del Tesoro de EU indic\u00f3 que el c\u00e1rtel Nueva Generaci\u00f3n juega un papel significativo en el tr\u00e1fico internacional de narc\u00f3ticos, conforme expanden sus operaciones.<\/p><\/div>\n<p>Autoridades de Estados Unidos incluy\u00f3 en su lista especial de l\u00edderes del narcotr\u00e1fico a la organizaci\u00f3n c\u00e1rtel Jalisco Nueva Generaci\u00f3n de M\u00e9xico, con lo cual podr\u00e1 llevar a cabo decomisos y aseguramiento de bienes que se encuentren bajo su jurisdicci\u00f3n.<\/p>\n<p>Junto con el c\u00e1rtel, la Oficina de Control de Activos Extranjeros (OFAC) del Departamento del Tesoro incluy\u00f3 en esta lista al grupo de <em>Los Cuinis<\/em>, que como el primero tuvo su origen en el C\u00e1rtel Milenio, desmantelado, tras la captura de su l\u00edder Armando Valencia Cornelio y de sus sucesores.<\/p>\n<p>La OFAC determin\u00f3 adem\u00e1s incorporar a la lista de \u201cnarcotraficantes especialmente designados\u201d a los mexicanos Nemesio Oseguera Cervantes, l\u00edder del c\u00e1rtel Jalisco Nueva Generaci\u00f3n y a Abigael Gonz\u00e1lez Valencia, jefe de <em>Los Cuinis<\/em>.<\/p>\n<p>La dependencia indic\u00f3 que estos c\u00e1rteles y sus l\u00edderes \u201cjuegan significativos papeles en el tr\u00e1fico internacional de narc\u00f3ticos\u201d, conforme han podido expandir sus operaciones en a\u00f1os recientes.<\/p>\n<p>\u201cAmbas aparecen ahora ubicadas entre las m\u00e1s poderosas organizaciones de tr\u00e1fico de drogas\u201d, dijo en un comunicado el director interino de la OFAC, John E. Smith.<\/p>\n","protected":false},"excerpt":{"rendered":"<p>Autoridades de Estados Unidos incluy\u00f3 en su lista especial de l\u00edderes del narcotr\u00e1fico a la organizaci\u00f3n c\u00e1rtel Jalisco Nueva Generaci\u00f3n de M\u00e9xico, con lo cual podr\u00e1 llevar a cabo decomisos y aseguramiento de bienes que se encuentren bajo su jurisdicci\u00f3n.<\/p>\n","protected":false},"author":5,"featured_media":212962,"comment_status":"open","ping_status":"open","sticky":false,"template":"","format":"standard","meta":{"_monsterinsights_skip_tracking":false,"_monsterinsights_sitenote_active":false,"_monsterinsights_sitenote_note":"","_monsterinsights_sitenote_category":0,"footnotes":""},"categories":[17,7],"tags":[],"class_list":["post-212961","post","type-post","status-publish","format-standard","has-post-thumbnail","hentry","category-especiales","category-seguridad"],"_links":{"self":[{"href":"https:\/\/www.diarioimagen.net\/index.php?rest_route=\/wp\/v2\/posts\/212961","targetHints":{"allow":["GET"]}}],"collection":[{"href":"https:\/\/www.diarioimagen.net\/index.php?rest_route=\/wp\/v2\/posts"}],"about":[{"href":"https:\/\/www.diarioimagen.net\/index.php?rest_route=\/wp\/v2\/types\/post"}],"author":[{"embeddable":true,"href":"https:\/\/www.diarioimagen.net\/index.php?rest_route=\/wp\/v2\/users\/5"}],"replies":[{"embeddable":true,"href":"https:\/\/www.diarioimagen.net\/index.php?rest_route=%2Fwp%2Fv2%2Fcomments&post=212961"}],"version-history":[{"count":0,"href":"https:\/\/www.diarioimagen.net\/index.php?rest_route=\/wp\/v2\/posts\/212961\/revisions"}],"wp:featuredmedia":[{"embeddable":true,"href":"https:\/\/www.diarioimagen.net\/index.php?rest_route=\/wp\/v2\/media\/212962"}],"wp:attachment":[{"href":"https:\/\/www.diarioimagen.net\/index.php?rest_route=%2Fwp%2Fv2%2Fmedia&parent=212961"}],"wp:term":[{"taxonomy":"category","embeddable":true,"href":"https:\/\/www.diarioimagen.net\/index.php?rest_route=%2Fwp%2Fv2%2Fcategories&post=212961"},{"taxonomy":"post_tag","embeddable":true,"href":"https:\/\/www.diarioimagen.net\/index.php?rest_route=%2Fwp%2Fv2%2Ftags&post=212961"}],"curies":[{"name":"wp","href":"https:\/\/api.w.org\/{rel}","templated":true}]}}