{"id":212995,"date":"2015-04-09T00:05:45","date_gmt":"2015-04-09T05:05:45","guid":{"rendered":"http:\/\/www.diarioimagen.net\/?p=212995"},"modified":"2015-04-09T04:31:39","modified_gmt":"2015-04-09T09:31:39","slug":"anhelo-tener-senos-falsos-sofia-vergara","status":"publish","type":"post","link":"https:\/\/www.diarioimagen.net\/?p=212995","title":{"rendered":"Anhelo tener senos falsos: Sof\u00eda Vergara"},"content":{"rendered":"<ul>\n<li><strong><em>Mis pechos son enormes; \u201ccomprar sostenes ha sido una pesadilla toda mi vida\u201d<\/em><\/strong><\/li>\n<\/ul>\n<div id=\"attachment_212996\" style=\"width: 250px\" class=\"wp-caption alignleft\"><img loading=\"lazy\" decoding=\"async\" aria-describedby=\"caption-attachment-212996\" class=\"wp-image-212996 size-medium\" src=\"http:\/\/www.diarioimagen.net\/wp-content\/uploads\/2015\/04\/sofia-vergara-portal-240x135.jpg\" alt=\"Sof\u00eda Vergara lleva tres a\u00f1os consecutivos siendo la actriz mejor pagada de la televisi\u00f3n estadounidense seg\u00fan la revista Forbes. \" width=\"240\" height=\"135\" srcset=\"https:\/\/www.diarioimagen.net\/wp-content\/uploads\/2015\/04\/sofia-vergara-portal-240x135.jpg 240w, https:\/\/www.diarioimagen.net\/wp-content\/uploads\/2015\/04\/sofia-vergara-portal-420x236.jpg 420w, https:\/\/www.diarioimagen.net\/wp-content\/uploads\/2015\/04\/sofia-vergara-portal.jpg 480w, https:\/\/www.diarioimagen.net\/wp-content\/uploads\/2015\/04\/sofia-vergara-portal-235x132.jpg 235w, https:\/\/www.diarioimagen.net\/wp-content\/uploads\/2015\/04\/sofia-vergara-portal-202x114.jpg 202w, https:\/\/www.diarioimagen.net\/wp-content\/uploads\/2015\/04\/sofia-vergara-portal-350x196.jpg 350w, https:\/\/www.diarioimagen.net\/wp-content\/uploads\/2015\/04\/sofia-vergara-portal-220x123.jpg 220w, https:\/\/www.diarioimagen.net\/wp-content\/uploads\/2015\/04\/sofia-vergara-portal-237x132.jpg 237w\" sizes=\"auto, (max-width: 240px) 100vw, 240px\" \/><p id=\"caption-attachment-212996\" class=\"wp-caption-text\">Sof\u00eda Vergara lleva tres a\u00f1os consecutivos siendo la actriz mejor pagada de la televisi\u00f3n estadounidense, seg\u00fan la revista Forbes.<\/p><\/div>\n<p>La actriz colombiana Sof\u00eda Vergara aparece en la portada de la edici\u00f3n de mayo de la revista <em>Vanity Fair<\/em>.<\/p>\n<p>\u201cCr\u00e9eme, desear\u00eda tener senos falsos. Me recuesto y \u00e9stos se van completamente hacia abajo. No es divertido\u201d, cont\u00f3 la colombiana en entrevista para la publicaci\u00f3n.<\/p>\n<p>Y es que el tama\u00f1o de sus senos incluso se ha convertido en un problema a la hora de comprar ropa interior.<\/p>\n<p>Lo anterior lo dio a conocer la actriz colombiana a la revista <em>Vanity Fair.<\/em><\/p>\n<p>\u201cMis senos son enormes. Comprar sostenes ha sido una pesadilla toda mi vida\u201d, record\u00f3.<\/p>\n<p>\u201cCuando me mud\u00e9 a Los \u00c1ngeles, encontr\u00e9 lugares como Frederick\u2019s, en Hollywood, donde hacen brassieres para strippers\u201d.<\/p>\n<p>Pero a pesar de su figura, la estrella de <em>Modern Family<\/em> cree que hay alguien a\u00fan m\u00e1s atractivo que ella: su prometido, Joe Manganiello.<\/p>\n<p>Record\u00f3 que el d\u00eda que mand\u00f3 el comunicado de prensa que anunciaba su rompimiento con Nick Loeb, Joe inmediatamente contact\u00f3 a Jesse Tyler Ferguson, coestrella en <em>Modern Family<\/em>, para pedirle el n\u00famero de la latina.<\/p>\n<p>\u201cY yo estaba como: \u2018Jesse, no, \u00e9l es muy guapo\u2019. Luego, despu\u00e9s de dos semanas de que Jesse trat\u00f3 de convencerme dije: \u2018ok, dale mi n\u00famero\u2019. Yo pensaba: \u2018estoy rodando en Nueva Orle\u00e1ns y \u00e9l est\u00e1 en Los \u00c1ngeles, as\u00ed que nada pasar\u00e1\u2019. Pero comenzamos a hablar mucho y luego nos vimos en Nueva Orle\u00e1ns. Desde entonces somos inseparables. No hay nada de \u00e9l que yo cambiar\u00eda, m\u00e1s que el hecho de que \u00e9l es cuatro a\u00f1os m\u00e1s joven que yo\u201d.<\/p>\n<p>Adem\u00e1s, Sof\u00eda dio una larga entrevista para la publicaci\u00f3n, donde manifest\u00f3 que su objetivo nunca fue dedicarse a la interpretaci\u00f3n.<\/p>\n<p>\u201cNunca quise ser actriz. Me tomo la interpretaci\u00f3n como un regalo, porque no es algo con lo que so\u00f1\u00e9 cuando era peque\u00f1a\u201d, explic\u00f3 la colombiana.<\/p>\n","protected":false},"excerpt":{"rendered":"<p>La actriz colombiana Sof\u00eda Vergara aparece en la portada de la edici\u00f3n de mayo de la revista <em>Vanity Fair<\/em>.  \u201cCr\u00e9eme, desear\u00eda tener senos falsos. Me recuesto y \u00e9stos se van completamente hacia abajo. No es divertido\u201d, cont\u00f3 la colombiana en entrevista para la publicaci\u00f3n. Y es que el tama\u00f1o de sus senos incluso se ha convertido en un problema a la hora de comprar ropa interior.<\/p>\n","protected":false},"author":5,"featured_media":212996,"comment_status":"open","ping_status":"open","sticky":false,"template":"","format":"standard","meta":{"_monsterinsights_skip_tracking":false,"footnotes":""},"categories":[12],"tags":[1197,43682,2517,5480,12972],"class_list":["post-212995","post","type-post","status-publish","format-standard","has-post-thumbnail","hentry","category-espectaculos","tag-colombia","tag-espectaculos","tag-senos","tag-sofia-vergara","tag-vanity-fair"],"_links":{"self":[{"href":"https:\/\/www.diarioimagen.net\/index.php?rest_route=\/wp\/v2\/posts\/212995","targetHints":{"allow":["GET"]}}],"collection":[{"href":"https:\/\/www.diarioimagen.net\/index.php?rest_route=\/wp\/v2\/posts"}],"about":[{"href":"https:\/\/www.diarioimagen.net\/index.php?rest_route=\/wp\/v2\/types\/post"}],"author":[{"embeddable":true,"href":"https:\/\/www.diarioimagen.net\/index.php?rest_route=\/wp\/v2\/users\/5"}],"replies":[{"embeddable":true,"href":"https:\/\/www.diarioimagen.net\/index.php?rest_route=%2Fwp%2Fv2%2Fcomments&post=212995"}],"version-history":[{"count":0,"href":"https:\/\/www.diarioimagen.net\/index.php?rest_route=\/wp\/v2\/posts\/212995\/revisions"}],"wp:featuredmedia":[{"embeddable":true,"href":"https:\/\/www.diarioimagen.net\/index.php?rest_route=\/wp\/v2\/media\/212996"}],"wp:attachment":[{"href":"https:\/\/www.diarioimagen.net\/index.php?rest_route=%2Fwp%2Fv2%2Fmedia&parent=212995"}],"wp:term":[{"taxonomy":"category","embeddable":true,"href":"https:\/\/www.diarioimagen.net\/index.php?rest_route=%2Fwp%2Fv2%2Fcategories&post=212995"},{"taxonomy":"post_tag","embeddable":true,"href":"https:\/\/www.diarioimagen.net\/index.php?rest_route=%2Fwp%2Fv2%2Ftags&post=212995"}],"curies":[{"name":"wp","href":"https:\/\/api.w.org\/{rel}","templated":true}]}}