{"id":213085,"date":"2015-04-09T00:04:52","date_gmt":"2015-04-09T05:04:52","guid":{"rendered":"http:\/\/www.diarioimagen.net\/?p=213085"},"modified":"2015-04-09T05:24:08","modified_gmt":"2015-04-09T10:24:08","slug":"desmantelan-narcolaboratorio-tras-detencion-de-el-talibancillo","status":"publish","type":"post","link":"https:\/\/www.diarioimagen.net\/?p=213085","title":{"rendered":"Desmantelan narcolaboratorio tras detenci\u00f3n de <em>El Talibancillo<\/em>"},"content":{"rendered":"<ul>\n<li><strong><em>En la regi\u00f3n 515<\/em><\/strong><\/li>\n<\/ul>\n<div id=\"attachment_213129\" style=\"width: 250px\" class=\"wp-caption alignleft\"><a href=\"http:\/\/www.diarioimagen.net\/?attachment_id=213129\" rel=\"attachment wp-att-213129\"><img loading=\"lazy\" decoding=\"async\" aria-describedby=\"caption-attachment-213129\" class=\"size-medium wp-image-213129\" src=\"http:\/\/www.diarioimagen.net\/wp-content\/uploads\/2015\/04\/taliban-2586-240x135.jpg\" alt=\"\u201cEl Talibancillo\u201d operaba un laboratorio de drogas en un fraccionamiento al sur de la ciudad, donde disfrazaba su il\u00edcita actividad con la venta de paletas.\" width=\"240\" height=\"135\" srcset=\"https:\/\/www.diarioimagen.net\/wp-content\/uploads\/2015\/04\/taliban-2586-240x135.jpg 240w, https:\/\/www.diarioimagen.net\/wp-content\/uploads\/2015\/04\/taliban-2586-420x236.jpg 420w, https:\/\/www.diarioimagen.net\/wp-content\/uploads\/2015\/04\/taliban-2586.jpg 480w, https:\/\/www.diarioimagen.net\/wp-content\/uploads\/2015\/04\/taliban-2586-235x132.jpg 235w, https:\/\/www.diarioimagen.net\/wp-content\/uploads\/2015\/04\/taliban-2586-202x114.jpg 202w, https:\/\/www.diarioimagen.net\/wp-content\/uploads\/2015\/04\/taliban-2586-350x196.jpg 350w, https:\/\/www.diarioimagen.net\/wp-content\/uploads\/2015\/04\/taliban-2586-220x123.jpg 220w, https:\/\/www.diarioimagen.net\/wp-content\/uploads\/2015\/04\/taliban-2586-237x132.jpg 237w\" sizes=\"auto, (max-width: 240px) 100vw, 240px\" \/><\/a><p id=\"caption-attachment-213129\" class=\"wp-caption-text\">\u201cEl Talibancillo\u201d operaba un laboratorio de drogas en un fraccionamiento al sur de la ciudad, donde disfrazaba su il\u00edcita actividad con la venta de paletas.<\/p><\/div>\n<p><strong>Canc\u00fan<\/strong>.- Tras la captura de Juan Daniel Vel\u00e1zquez Caballero \u201cEl Talibancillo\u201d, Iv\u00e1n Vel\u00e1zquez V\u00e1zquez e Iv\u00e1n Alejandro Vel\u00e1zquez Garza, la Polic\u00eda Judicial logr\u00f3 tambi\u00e9n la captura de Mar\u00eda Teresa Gonz\u00e1lez Rodr\u00edguez y\/o Mayt\u00e9 Mart\u00ednez Rodr\u00edguez, originaria de Tamaulipas, vinculada al C\u00e1rtel del Golfo.<\/p>\n<p>El domicilio, sito en la regi\u00f3n 515, manzana 22, lote 11, calle 54, al sur de la ciudad, fung\u00eda como laboratorio dedicado a la elaboraci\u00f3n de estupefacientes, por lo que los detenidos proporcionaron caracter\u00edsticas del lugar, as\u00ed como un veh\u00edculo utilizado para la distribuci\u00f3n de las sustancias prohibidas. Al arribar la Polic\u00eda Judicial, se percat\u00f3 de la presencia de una mujer a bordo de un auto Renault Scala, placas UTP-926-B, de Quintana Roo, coincidente con las caracter\u00edsticas proporcionadas por los malhechores, la cual intentaba abandonar el domicilio.<\/p>\n<p>Al interior del veh\u00edculo se encontraron mil \u201ctachas\u201d, 188 dosis de \u201ccrack\u201d, 350 c\u00e1psulas, una bolsa con \u201ccrack\u201d, otra con coca\u00edna y 22 kilos de marihuana. En la investigaci\u00f3n se analiza la informaci\u00f3n de que 250 taxis estar\u00edan sirviendo como enlace al C\u00e1rtel del Golfo, y que \u00e9stos eran controlados por Juan Daniel Vel\u00e1zquez Caballero \u201cEl Talibancillo\u201d.<\/p>\n<p>Como se public\u00f3 de manera oportuna en DIARIOIMAGEN, el ahora detenido se desempe\u00f1\u00f3, primero como como l\u00edder y operador de la narcoc\u00e9lula de \u201cLos Zetas\u201d, luego traslad\u00f3 gran parte de esa estructura delictiva al C\u00e1rtel del Golfo, donde comenz\u00f3 una red de extorsi\u00f3n y cobro de cuotas a todo tipo de negocios, sobre todo en Canc\u00fan y Playa del Carmen.<\/p>\n<p>En Quintana Roo era buscado bajo los alias de \u201cEl Gordo Sam\u201d, \u201cEl Ap\u00e1\u201d, \u201cEl Ferruco\u201d, \u201cEl Negro\u201d, \u201cEl Caballo\u201d, pues fue se\u00f1alado como l\u00edder del c\u00e1rtel y orden\u00f3 m\u00e1s de 20 homicidios en el norte del estado.<\/p>\n<p>Para llevar a cabo sanguinarios ataques, Vel\u00e1zquez Caballero contrat\u00f3 a Jos\u00e9 Roberto D\u00edaz Cornelio \u201cComandante Pepe\u201d, Pedro Rayos N\u00fa\u00f1ez y\/o Guillermo Mart\u00ednez Mart\u00ednez \u201cEl Moj\u00f3n\u201d y\/o \u201cEl T-55, Roger Gabriel Alfaro \u201cEl Humo\u201d y V\u00edctor Ra\u00fal Torres Ojeda \u201cEl Dante\u201d o \u201cEl Liro\u201d, quienes cometieron 21 asesinatos. De igual forma, durante la ejecuci\u00f3n, en el bar \u201cLa Sirenita\u201d, del subsecretario de Conflictos del Sindicato de Taxistas \u201cAndr\u00e9s Quintana Roo\u201d, Francisco Achach Castro, \u201cLa Barbie\u201d, y de otras seis personas, se revel\u00f3 que Velazquez Caballero controlaba la venta de droga de algunos trabajadores del volante, por lo que las pesquisas contin\u00faan.<\/p>\n","protected":false},"excerpt":{"rendered":"<p>Tras la captura de Juan Daniel Vel\u00e1zquez Caballero \u201cEl Talibancillo\u201d, Iv\u00e1n Vel\u00e1zquez V\u00e1zquez e Iv\u00e1n Alejandro Vel\u00e1zquez Garza, la Polic\u00eda Judicial logr\u00f3 tambi\u00e9n la captura de Mar\u00eda Teresa Gonz\u00e1lez Rodr\u00edguez y\/o Mayt\u00e9 Mart\u00ednez Rodr\u00edguez, originaria de Tamaulipas, vinculada al C\u00e1rtel del Golfo.<\/p>\n","protected":false},"author":3,"featured_media":213129,"comment_status":"open","ping_status":"open","sticky":false,"template":"","format":"standard","meta":{"_monsterinsights_skip_tracking":false,"_monsterinsights_sitenote_active":false,"_monsterinsights_sitenote_note":"","_monsterinsights_sitenote_category":0,"footnotes":""},"categories":[7],"tags":[817,43677],"class_list":["post-213085","post","type-post","status-publish","format-standard","has-post-thumbnail","hentry","category-seguridad","tag-cancun","tag-seguridad"],"_links":{"self":[{"href":"https:\/\/www.diarioimagen.net\/index.php?rest_route=\/wp\/v2\/posts\/213085","targetHints":{"allow":["GET"]}}],"collection":[{"href":"https:\/\/www.diarioimagen.net\/index.php?rest_route=\/wp\/v2\/posts"}],"about":[{"href":"https:\/\/www.diarioimagen.net\/index.php?rest_route=\/wp\/v2\/types\/post"}],"author":[{"embeddable":true,"href":"https:\/\/www.diarioimagen.net\/index.php?rest_route=\/wp\/v2\/users\/3"}],"replies":[{"embeddable":true,"href":"https:\/\/www.diarioimagen.net\/index.php?rest_route=%2Fwp%2Fv2%2Fcomments&post=213085"}],"version-history":[{"count":0,"href":"https:\/\/www.diarioimagen.net\/index.php?rest_route=\/wp\/v2\/posts\/213085\/revisions"}],"wp:featuredmedia":[{"embeddable":true,"href":"https:\/\/www.diarioimagen.net\/index.php?rest_route=\/wp\/v2\/media\/213129"}],"wp:attachment":[{"href":"https:\/\/www.diarioimagen.net\/index.php?rest_route=%2Fwp%2Fv2%2Fmedia&parent=213085"}],"wp:term":[{"taxonomy":"category","embeddable":true,"href":"https:\/\/www.diarioimagen.net\/index.php?rest_route=%2Fwp%2Fv2%2Fcategories&post=213085"},{"taxonomy":"post_tag","embeddable":true,"href":"https:\/\/www.diarioimagen.net\/index.php?rest_route=%2Fwp%2Fv2%2Ftags&post=213085"}],"curies":[{"name":"wp","href":"https:\/\/api.w.org\/{rel}","templated":true}]}}