{"id":213143,"date":"2015-04-09T13:14:03","date_gmt":"2015-04-09T18:14:03","guid":{"rendered":"http:\/\/www.diarioimagen.net\/?p=213143"},"modified":"2015-04-10T04:23:24","modified_gmt":"2015-04-10T09:23:24","slug":"continua-la-precontingencia-ambiental-en-el-valle-de-mexico-mexico","status":"publish","type":"post","link":"https:\/\/www.diarioimagen.net\/?p=213143","title":{"rendered":"Contin\u00faa la Precontingencia Ambiental en el Valle de M\u00e9xico"},"content":{"rendered":"<ul>\n<li><em><strong>Alto \u00edndice de contaminantes en la zona norte\u00a0<\/strong><\/em><\/li>\n<\/ul>\n<div id=\"attachment_213144\" style=\"width: 250px\" class=\"wp-caption alignleft\"><img loading=\"lazy\" decoding=\"async\" aria-describedby=\"caption-attachment-213144\" class=\"size-medium wp-image-213144\" src=\"http:\/\/www.diarioimagen.net\/wp-content\/uploads\/2015\/04\/AMBIENTE-portal-240x135.jpg\" alt=\"Se mantendr\u00e1 la vigilancia de la calidad del aire a trav\u00e9s del Sistema de Monitoreo Atmosf\u00e9rico.\" width=\"240\" height=\"135\" srcset=\"https:\/\/www.diarioimagen.net\/wp-content\/uploads\/2015\/04\/AMBIENTE-portal-240x135.jpg 240w, https:\/\/www.diarioimagen.net\/wp-content\/uploads\/2015\/04\/AMBIENTE-portal-420x236.jpg 420w, https:\/\/www.diarioimagen.net\/wp-content\/uploads\/2015\/04\/AMBIENTE-portal.jpg 480w, https:\/\/www.diarioimagen.net\/wp-content\/uploads\/2015\/04\/AMBIENTE-portal-235x132.jpg 235w, https:\/\/www.diarioimagen.net\/wp-content\/uploads\/2015\/04\/AMBIENTE-portal-202x114.jpg 202w, https:\/\/www.diarioimagen.net\/wp-content\/uploads\/2015\/04\/AMBIENTE-portal-350x196.jpg 350w, https:\/\/www.diarioimagen.net\/wp-content\/uploads\/2015\/04\/AMBIENTE-portal-220x123.jpg 220w, https:\/\/www.diarioimagen.net\/wp-content\/uploads\/2015\/04\/AMBIENTE-portal-237x132.jpg 237w\" sizes=\"auto, (max-width: 240px) 100vw, 240px\" \/><p id=\"caption-attachment-213144\" class=\"wp-caption-text\">Se mantendr\u00e1 la vigilancia de la calidad del aire a trav\u00e9s del Sistema de Monitoreo Atmosf\u00e9rico.<\/p><\/div>\n<p>Debido al alto \u00edndice de contaminantes en el norte del valle de M\u00e9xico que registra una mala calidad del aire por PM10 con 105 puntos en la estaci\u00f3n Cuautitl\u00e1n, municipio de Tepotzotl\u00e1n, Estado de M\u00e9xico, permanecer\u00e1 la Precontingencia Ambiental.<\/p>\n<p>Se mantiene la influencia del sistema de alta presi\u00f3n sobre la regi\u00f3n central del pa\u00eds lo que provoca una condici\u00f3n de estabilidad atmosf\u00e9rica sobre la ciudad, dificultando la dispersi\u00f3n de la contaminaci\u00f3n y afectando la visibilidad al centro y norte de la ciudad.<\/p>\n<p>Por esta raz\u00f3n, no existen las condiciones adecuadas para suspender la Fase de Precontingencia Ambiental Atmosf\u00e9rica por Ozono en el Valle de M\u00e9xico.<\/p>\n<p>En las siguientes horas se mantendr\u00e1 la vigilancia de la calidad del aire a trav\u00e9s del Sistema de Monitoreo Atmosf\u00e9rico y a las 15:00 horas se realizar\u00e1 una nueva evaluaci\u00f3n de las condiciones meteorol\u00f3gicas y de calidad del aire.<\/p>\n<p>La Secretar\u00eda de Medio Ambiente invita a la poblaci\u00f3n a tomar en cuenta las recomendaciones para la protecci\u00f3n de la salud y contribuir con la disminuci\u00f3n de los precursores de ozono utilizando sus veh\u00edculos de manera moderada.<\/p>\n<p>Se exhorta a la poblaci\u00f3n a consultar de manera continua la calidad del aire en la siguiente p\u00e1gina web http:\/\/www.aire.df.gob.mx\/default.php, o bien en la aplicaci\u00f3n AIRE disponible para dispositivos iOS y Android.<\/p>\n","protected":false},"excerpt":{"rendered":"<p>Debido al alto \u00edndice de contaminantes en el norte del valle de M\u00e9xico que registra una mala calidad del aire por PM10 con 105 puntos en la estaci\u00f3n Cuautitl\u00e1n, municipio de Tepotzotl\u00e1n, Estado de M\u00e9xico, permanecer\u00e1 la Precontingencia Ambiental.<\/p>\n","protected":false},"author":5,"featured_media":213144,"comment_status":"open","ping_status":"open","sticky":false,"template":"","format":"standard","meta":{"_monsterinsights_skip_tracking":false,"_monsterinsights_sitenote_active":false,"_monsterinsights_sitenote_note":"","_monsterinsights_sitenote_category":0,"footnotes":""},"categories":[6],"tags":[],"class_list":["post-213143","post","type-post","status-publish","format-standard","has-post-thumbnail","hentry","category-cd-de-mexico"],"_links":{"self":[{"href":"https:\/\/www.diarioimagen.net\/index.php?rest_route=\/wp\/v2\/posts\/213143","targetHints":{"allow":["GET"]}}],"collection":[{"href":"https:\/\/www.diarioimagen.net\/index.php?rest_route=\/wp\/v2\/posts"}],"about":[{"href":"https:\/\/www.diarioimagen.net\/index.php?rest_route=\/wp\/v2\/types\/post"}],"author":[{"embeddable":true,"href":"https:\/\/www.diarioimagen.net\/index.php?rest_route=\/wp\/v2\/users\/5"}],"replies":[{"embeddable":true,"href":"https:\/\/www.diarioimagen.net\/index.php?rest_route=%2Fwp%2Fv2%2Fcomments&post=213143"}],"version-history":[{"count":0,"href":"https:\/\/www.diarioimagen.net\/index.php?rest_route=\/wp\/v2\/posts\/213143\/revisions"}],"wp:featuredmedia":[{"embeddable":true,"href":"https:\/\/www.diarioimagen.net\/index.php?rest_route=\/wp\/v2\/media\/213144"}],"wp:attachment":[{"href":"https:\/\/www.diarioimagen.net\/index.php?rest_route=%2Fwp%2Fv2%2Fmedia&parent=213143"}],"wp:term":[{"taxonomy":"category","embeddable":true,"href":"https:\/\/www.diarioimagen.net\/index.php?rest_route=%2Fwp%2Fv2%2Fcategories&post=213143"},{"taxonomy":"post_tag","embeddable":true,"href":"https:\/\/www.diarioimagen.net\/index.php?rest_route=%2Fwp%2Fv2%2Ftags&post=213143"}],"curies":[{"name":"wp","href":"https:\/\/api.w.org\/{rel}","templated":true}]}}