{"id":213412,"date":"2015-04-13T00:03:00","date_gmt":"2015-04-13T05:03:00","guid":{"rendered":"http:\/\/www.diarioimagen.net\/?p=213412"},"modified":"2015-04-13T03:45:52","modified_gmt":"2015-04-13T08:45:52","slug":"el-chicharito-entra-a-la-historia-del-bernabeu","status":"publish","type":"post","link":"https:\/\/www.diarioimagen.net\/?p=213412","title":{"rendered":"El \u201cChicharito\u201d entra a la historia del Bernab\u00e9u"},"content":{"rendered":"<ul>\n<li><strong><em>Fue ovacionado por la afici\u00f3n<\/em><\/strong><\/li>\n<\/ul>\n<div id=\"attachment_213484\" style=\"width: 250px\" class=\"wp-caption alignleft\"><a href=\"http:\/\/www.diarioimagen.net\/?attachment_id=213484\" rel=\"attachment wp-att-213484\"><img loading=\"lazy\" decoding=\"async\" aria-describedby=\"caption-attachment-213484\" class=\"size-medium wp-image-213484\" src=\"http:\/\/www.diarioimagen.net\/wp-content\/uploads\/2015\/04\/deportes-2588-240x135.jpg\" alt=\"\u201cChicharito\u201d Hern\u00e1ndez acumula cinco goles con la casaca merengue, de los cuales cuatro son de liga y uno de Copa del Rey.\" width=\"240\" height=\"135\" srcset=\"https:\/\/www.diarioimagen.net\/wp-content\/uploads\/2015\/04\/deportes-2588-240x135.jpg 240w, https:\/\/www.diarioimagen.net\/wp-content\/uploads\/2015\/04\/deportes-2588-420x236.jpg 420w, https:\/\/www.diarioimagen.net\/wp-content\/uploads\/2015\/04\/deportes-2588.jpg 480w, https:\/\/www.diarioimagen.net\/wp-content\/uploads\/2015\/04\/deportes-2588-235x132.jpg 235w, https:\/\/www.diarioimagen.net\/wp-content\/uploads\/2015\/04\/deportes-2588-202x114.jpg 202w, https:\/\/www.diarioimagen.net\/wp-content\/uploads\/2015\/04\/deportes-2588-350x196.jpg 350w, https:\/\/www.diarioimagen.net\/wp-content\/uploads\/2015\/04\/deportes-2588-220x123.jpg 220w, https:\/\/www.diarioimagen.net\/wp-content\/uploads\/2015\/04\/deportes-2588-237x132.jpg 237w\" sizes=\"auto, (max-width: 240px) 100vw, 240px\" \/><\/a><p id=\"caption-attachment-213484\" class=\"wp-caption-text\">\u201cChicharito\u201d Hern\u00e1ndez acumula cinco goles con la casaca merengue, de los cuales cuatro son de liga y uno de Copa del Rey.<\/p><\/div>\n<p>Tras su gol en el triunfo (3-0) del Real Madrid sobre \u00c9ibar, en juego de la fecha 31 de La Liga , el mexicano Javier Hern\u00e1ndez fue ovacionado por la afici\u00f3n en el estadio Santiago Bernab\u00e9u.<\/p>\n<p>\u2018Chicharito\u2019 se hizo presente en el marcador con un remate de cabeza, luego de un servicio de Arbeloa al minuto 31. El tanto signific\u00f3 el triunfo parcial de 2-0.<\/p>\n<p>El resto de las anotaciones corrieron por cuenta de Cristiano Ronaldo (21\u2019) y de Jes\u00e9 (83).<\/p>\n<p>El ex de Chivas de Guadalajara y Manchester United acumula cinco goles con la casaca merengue, de los cuales, cuatro son de liga y uno de Copa del Rey; el del s\u00e1bado signific\u00f3 su primer tanto en casa y ante su gente.<\/p>\n<p>El t\u00e9cnico del Real Madrid, Carlo Ancelotti, habl\u00f3 sobre el futuro de Javier \u201cChicharito\u201d Hern\u00e1ndez y, a su vez, elogi\u00f3 la labor del mexicano en la victoria de 3-0 sobre el Eibar, donde marc\u00f3 un gol de cabeza.<\/p>\n<p>\u201cHa disfrutado de esta oportunidad y lo ha hecho muy bien porque ha marcado un gol, ha trabajado mucho y estuvo cerca de marcar otro. Su partido fue completo. En el futuro es propiedad del Manchester United y veremos qu\u00e9 pasa a final de temporada\u201d, respondi\u00f3 a Ancelotti cuando fue preguntado por el futuro del mexicano.<\/p>\n<p>La comparecencia del t\u00e9cnico madridista se centr\u00f3 en el duelo de Liga de Campeones ante el Atl\u00e9tico de Madrid en el Vicente Calder\u00f3n. \u201cPara el martes toda la plantilla est\u00e1 disponible. Hoy han jugado jugadores que no hab\u00edan tenido muchos minutos y lo han hecho bien, sobre todo \u2018Chicharito\u2019 que ha marcado un gol importante. Despu\u00e9s tambi\u00e9n ha marcado Jes\u00e9 y no hemos hecho un esfuerzo tan grande. Todo ha salido bien\u201d.<\/p>\n<p>Reconoci\u00f3 Ancelotti que tiene todo claro del equipo que pondr\u00e1 y que \u201cfalta solo el resultado\u201d, y preguntado por si jugar\u00e1 Isco Alarc\u00f3n o el colombiano James Rodr\u00edguez, asegur\u00f3 que \u201cpueden jugar los dos\u201d.<\/p>\n<p>\u201cNo tenemos duda de que va a ser un partido intenso, es un componente importante del partido. Despu\u00e9s hay otros\u201d, dijo. \u201cLos \u00faltimos resultados son una motivaci\u00f3n para nosotros pero estamos convencidos de que va a ser un partido complicado, como siempre con el Atl\u00e9tico. Llegamos en un momento bueno y estamos motivados para la competici\u00f3n europea. Vamos a hacer lo m\u00e1ximo\u201d, concluy\u00f3.<\/p>\n","protected":false},"excerpt":{"rendered":"<p>Tras su gol en el triunfo (3-0) del Real Madrid sobre \u00c9ibar, en juego de la fecha 31 de La Liga , el mexicano Javier Hern\u00e1ndez fue ovacionado por la afici\u00f3n en el estadio Santiago Bernab\u00e9u.<\/p>\n","protected":false},"author":3,"featured_media":213484,"comment_status":"open","ping_status":"open","sticky":false,"template":"","format":"standard","meta":{"_monsterinsights_skip_tracking":false,"_monsterinsights_sitenote_active":false,"_monsterinsights_sitenote_note":"","_monsterinsights_sitenote_category":0,"footnotes":""},"categories":[10],"tags":[43680,5849],"class_list":["post-213412","post","type-post","status-publish","format-standard","has-post-thumbnail","hentry","category-deportes","tag-deportes","tag-javier-chicharito-hernandez"],"_links":{"self":[{"href":"https:\/\/www.diarioimagen.net\/index.php?rest_route=\/wp\/v2\/posts\/213412","targetHints":{"allow":["GET"]}}],"collection":[{"href":"https:\/\/www.diarioimagen.net\/index.php?rest_route=\/wp\/v2\/posts"}],"about":[{"href":"https:\/\/www.diarioimagen.net\/index.php?rest_route=\/wp\/v2\/types\/post"}],"author":[{"embeddable":true,"href":"https:\/\/www.diarioimagen.net\/index.php?rest_route=\/wp\/v2\/users\/3"}],"replies":[{"embeddable":true,"href":"https:\/\/www.diarioimagen.net\/index.php?rest_route=%2Fwp%2Fv2%2Fcomments&post=213412"}],"version-history":[{"count":0,"href":"https:\/\/www.diarioimagen.net\/index.php?rest_route=\/wp\/v2\/posts\/213412\/revisions"}],"wp:featuredmedia":[{"embeddable":true,"href":"https:\/\/www.diarioimagen.net\/index.php?rest_route=\/wp\/v2\/media\/213484"}],"wp:attachment":[{"href":"https:\/\/www.diarioimagen.net\/index.php?rest_route=%2Fwp%2Fv2%2Fmedia&parent=213412"}],"wp:term":[{"taxonomy":"category","embeddable":true,"href":"https:\/\/www.diarioimagen.net\/index.php?rest_route=%2Fwp%2Fv2%2Fcategories&post=213412"},{"taxonomy":"post_tag","embeddable":true,"href":"https:\/\/www.diarioimagen.net\/index.php?rest_route=%2Fwp%2Fv2%2Ftags&post=213412"}],"curies":[{"name":"wp","href":"https:\/\/api.w.org\/{rel}","templated":true}]}}