{"id":213750,"date":"2015-04-15T00:13:12","date_gmt":"2015-04-15T05:13:12","guid":{"rendered":"http:\/\/www.diarioimagen.net\/?p=213750"},"modified":"2015-04-15T03:45:59","modified_gmt":"2015-04-15T08:45:59","slug":"estrechan-vigilancia-en-la-venta-de-comida","status":"publish","type":"post","link":"https:\/\/www.diarioimagen.net\/?p=213750","title":{"rendered":"Estrechan vigilancia en la venta de comida"},"content":{"rendered":"<h2>Arco Norte<\/h2>\n<h5>Jos\u00e9 Luis Monta\u00f1ez Aguilar<\/h5>\n<p>&nbsp;<\/p>\n<p><a href=\"http:\/\/www.diarioimagen.net\/?attachment_id=213824\" rel=\"attachment wp-att-213824\"><img loading=\"lazy\" decoding=\"async\" class=\"alignleft size-medium wp-image-213824\" src=\"http:\/\/www.diarioimagen.net\/wp-content\/uploads\/2015\/04\/arco-2590-240x135.jpg\" alt=\"arco-2590\" width=\"240\" height=\"135\" srcset=\"https:\/\/www.diarioimagen.net\/wp-content\/uploads\/2015\/04\/arco-2590-240x135.jpg 240w, https:\/\/www.diarioimagen.net\/wp-content\/uploads\/2015\/04\/arco-2590-420x236.jpg 420w, https:\/\/www.diarioimagen.net\/wp-content\/uploads\/2015\/04\/arco-2590.jpg 480w, https:\/\/www.diarioimagen.net\/wp-content\/uploads\/2015\/04\/arco-2590-235x132.jpg 235w, https:\/\/www.diarioimagen.net\/wp-content\/uploads\/2015\/04\/arco-2590-202x114.jpg 202w, https:\/\/www.diarioimagen.net\/wp-content\/uploads\/2015\/04\/arco-2590-350x196.jpg 350w, https:\/\/www.diarioimagen.net\/wp-content\/uploads\/2015\/04\/arco-2590-220x123.jpg 220w, https:\/\/www.diarioimagen.net\/wp-content\/uploads\/2015\/04\/arco-2590-237x132.jpg 237w\" sizes=\"auto, (max-width: 240px) 100vw, 240px\" \/><\/a>El gobernador del Estado de M\u00e9xico dio a conocer que la entidad se suma al programa del gobierno federal \u201cAlimento Seguro: del campo a la mesa\u201d, a trav\u00e9s del que se fomentar\u00e1 y propiciar\u00e1 la inocuidad de los alimentos, a fin de prevenir infecciones intestinales en la poblaci\u00f3n. Se\u00f1al\u00f3 que la Organizaci\u00f3n Mundial de la Salud (OMS), determin\u00f3 que durante el a\u00f1o 2015 se destaque la importancia de la inocuidad de los alimentos, ya que en caso de estar en mal estado propician el desarrollo de virus, bacterias o par\u00e1sitos que pueden ocasionar m\u00e1s de 200 enfermedades gastrointestinales, las cuales son la quinta causa de mortalidad infantil en M\u00e9xico. El mandatario estatal afirm\u00f3 que se aplicar\u00e1 todo el rigor de la ley a aquellos inspectores que cometan actos de extorsi\u00f3n u otras conductas inapropiadas, ya que el objetivo de estas acciones es brindar m\u00e1s seguridad a las personas al momento de adquirir y consumir sus alimentos. En beneficio de m\u00e1s de 6 mil habitantes de San Diego Linares, el Ejecutivo estatal puso en marcha el centro de salud de esta comunidad de la capital mexiquense, que con una inversi\u00f3n compartida de 5.8 millones de pesos, que brindar\u00e1 servicios gratuitos de medicina general, prevenci\u00f3n de enfermedades cr\u00f3nico degenerativas, rayos x, detecci\u00f3n de c\u00e1ncer c\u00e9rvico-uterino, entre otros. Adem\u00e1s, cuenta con farmacia, almac\u00e9n, consultorios, archivo cl\u00ednico, sala de usos m\u00faltiples, sala de espera y residencia m\u00e9dica.<\/p>\n<p><em><a href=\"mailto:montanezaguilar@gmail.com\" target=\"_blank\">montanezaguilar@gmail.com<\/a><\/em><\/p>\n","protected":false},"excerpt":{"rendered":"<p><span style=\"color: #005497;\"><strong>Jos\u00e9 Luis Monta\u00f1ez Aguilar<\/strong><\/span><br \/>\n<br \/>\nEl gobernador del Estado de M\u00e9xico dio a conocer que la entidad se suma al programa del gobierno federal \u201cAlimento Seguro: del campo a la mesa\u201d, a trav\u00e9s del que se fomentar\u00e1 y propiciar\u00e1 la inocuidad de los alimentos, a fin de prevenir infecciones intestinales en la poblaci\u00f3n. <\/p>\n","protected":false},"author":3,"featured_media":213824,"comment_status":"open","ping_status":"open","sticky":false,"template":"","format":"standard","meta":{"_monsterinsights_skip_tracking":false,"_monsterinsights_sitenote_active":false,"_monsterinsights_sitenote_note":"","_monsterinsights_sitenote_category":0,"footnotes":""},"categories":[5],"tags":[13284,43704,43674],"class_list":["post-213750","post","type-post","status-publish","format-standard","has-post-thumbnail","hentry","category-estado-de-mexico","tag-arco-norte","tag-jose-luis-montanez-aguilar","tag-opinion"],"_links":{"self":[{"href":"https:\/\/www.diarioimagen.net\/index.php?rest_route=\/wp\/v2\/posts\/213750","targetHints":{"allow":["GET"]}}],"collection":[{"href":"https:\/\/www.diarioimagen.net\/index.php?rest_route=\/wp\/v2\/posts"}],"about":[{"href":"https:\/\/www.diarioimagen.net\/index.php?rest_route=\/wp\/v2\/types\/post"}],"author":[{"embeddable":true,"href":"https:\/\/www.diarioimagen.net\/index.php?rest_route=\/wp\/v2\/users\/3"}],"replies":[{"embeddable":true,"href":"https:\/\/www.diarioimagen.net\/index.php?rest_route=%2Fwp%2Fv2%2Fcomments&post=213750"}],"version-history":[{"count":0,"href":"https:\/\/www.diarioimagen.net\/index.php?rest_route=\/wp\/v2\/posts\/213750\/revisions"}],"wp:featuredmedia":[{"embeddable":true,"href":"https:\/\/www.diarioimagen.net\/index.php?rest_route=\/wp\/v2\/media\/213824"}],"wp:attachment":[{"href":"https:\/\/www.diarioimagen.net\/index.php?rest_route=%2Fwp%2Fv2%2Fmedia&parent=213750"}],"wp:term":[{"taxonomy":"category","embeddable":true,"href":"https:\/\/www.diarioimagen.net\/index.php?rest_route=%2Fwp%2Fv2%2Fcategories&post=213750"},{"taxonomy":"post_tag","embeddable":true,"href":"https:\/\/www.diarioimagen.net\/index.php?rest_route=%2Fwp%2Fv2%2Ftags&post=213750"}],"curies":[{"name":"wp","href":"https:\/\/api.w.org\/{rel}","templated":true}]}}