{"id":213892,"date":"2015-04-15T21:00:32","date_gmt":"2015-04-16T02:00:32","guid":{"rendered":"http:\/\/www.diarioimagen.net\/?p=213892"},"modified":"2015-04-16T05:35:42","modified_gmt":"2015-04-16T10:35:42","slug":"la-sal-de-la-tierra-se-estreno-con-exito-en-el-auditorio-nacional","status":"publish","type":"post","link":"https:\/\/www.diarioimagen.net\/?p=213892","title":{"rendered":"\u201cLa sal de la tierra\u201d se estren\u00f3 con \u00e9xito en el Auditorio Nacional"},"content":{"rendered":"<ul>\n<li><strong><em>El documental que tributa la vida del fot\u00f3grafo Sebasti\u00e3o Salgado, llegar\u00e1 a 22 salas de Cin\u00e9polis en el pa\u00eds <\/em><\/strong><\/li>\n<\/ul>\n<h5><strong>Texto: Arturo Arellano<\/strong><\/h5>\n<div id=\"attachment_213893\" style=\"width: 250px\" class=\"wp-caption alignleft\"><img loading=\"lazy\" decoding=\"async\" aria-describedby=\"caption-attachment-213893\" class=\"size-medium wp-image-213893\" src=\"http:\/\/www.diarioimagen.net\/wp-content\/uploads\/2015\/04\/tierra-portal-240x135.jpg\" alt=\"\u201c El Auditorio Nacional y Cin\u00e9polis han tenido ya una relaci\u00f3n de colaboraci\u00f3n y alianza estrat\u00e9gica desde hace varios a\u00f1os, con el af\u00e1n de transmitir varios proyectos y La sal de la tierra es un privilegio el poder estrenarlo y difundirlo\u201d. foto: Arturo Arellano\" width=\"240\" height=\"135\" srcset=\"https:\/\/www.diarioimagen.net\/wp-content\/uploads\/2015\/04\/tierra-portal-240x135.jpg 240w, https:\/\/www.diarioimagen.net\/wp-content\/uploads\/2015\/04\/tierra-portal-420x236.jpg 420w, https:\/\/www.diarioimagen.net\/wp-content\/uploads\/2015\/04\/tierra-portal.jpg 480w, https:\/\/www.diarioimagen.net\/wp-content\/uploads\/2015\/04\/tierra-portal-235x132.jpg 235w, https:\/\/www.diarioimagen.net\/wp-content\/uploads\/2015\/04\/tierra-portal-202x114.jpg 202w, https:\/\/www.diarioimagen.net\/wp-content\/uploads\/2015\/04\/tierra-portal-350x196.jpg 350w, https:\/\/www.diarioimagen.net\/wp-content\/uploads\/2015\/04\/tierra-portal-220x123.jpg 220w, https:\/\/www.diarioimagen.net\/wp-content\/uploads\/2015\/04\/tierra-portal-237x132.jpg 237w\" sizes=\"auto, (max-width: 240px) 100vw, 240px\" \/><p id=\"caption-attachment-213893\" class=\"wp-caption-text\">\u201c El Auditorio Nacional y Cin\u00e9polis han tenido ya una relaci\u00f3n de colaboraci\u00f3n y alianza estrat\u00e9gica desde hace varios a\u00f1os, con el af\u00e1n de transmitir varios proyectos y La sal de la tierra es un privilegio el poder estrenarlo y difundirlo\u201d. foto: Arturo Arellano<\/p><\/div>\n<p>\u201cLa sal de la tierra\u201d es un documental tributo al fot\u00f3grafo brasile\u00f1o <em>Sebasti\u00e3o Salgado<\/em>, dirigido por Win Wenders y Juliano Ribeiro Salgado, est\u00e9 llegar\u00e1 a las pantallas de cine mexicanas a partir del pr\u00f3ximo 30 de abril, no obstante tuvo un exitoso preestreno en el Auditorio Nacional, lugar en el que tambi\u00e9n se inaugur\u00f3 una exposici\u00f3n fotogr\u00e1fica en torno a la realizaci\u00f3n del mismo.<\/p>\n<p>Previo a la proyecci\u00f3n del documental en el Auditorio Nacional, se llev\u00f3 a cabo una conferencia de prensa con la presencia de Juliano Ribeiro, director de la pel\u00edcula; Miguel Rivera, representante de Cin\u00e9polis; Francisco Serrano, director del Auditorio Nacional; y Jaime Romand\u00eda, de la distribuidora ND Mantarraya, todos ellos para platicar en torno a esta sociedad y estreno, \u201cAuditorio Nacional y Cin\u00e9polis han tenido ya una relaci\u00f3n de colaboraci\u00f3n y alianza estrat\u00e9gica desde hace varios a\u00f1os, con el af\u00e1n de transmitir varios proyectos, asimismo compartimos contenidos alternativos, tanto en las salas como en el Lunario, por ejemplo el concierto de Placido Domingo, el de Gloria Trevi, Reik, entre otros, ahora nos complace estrenar este importante y maravilloso documental\u201d, dijo Serrano.<\/p>\n<p>Por su parte Juliano Ribeiro Salgado, director del filme y tambi\u00e9n hijo del fot\u00f3grafo tributado, dijo \u201cQuiero hablar por Sebasti\u00e3o y por Wim Wenders tambi\u00e9n, agradezco el honor de poder estrenar nuestro filme en este espectacular lugar, que tiene una conexi\u00f3n muy fuerte con su p\u00fablico. La pel\u00edcula muestra la vida de mi padre, desde joven, como se fue integrando al mundo con su c\u00e1mara, en sociedades, viajando, interes\u00e1ndose por la gente\u201d.<\/p>\n<p>El titulo refiri\u00f3 que tiene varios significados, \u201cComo dije antes, Sebasti\u00e3o no s\u00f3lo llega a los lugares a hacer fotograf\u00edas, llega y se involucra con las personas, crea un v\u00ednculo y el puente es su c\u00e1mara, \u00e9l considera que la sal es lo que le da sabor a la comida, entonces la gente es lo que le da sabor a la tierra, por eso somos \u2018La sal de la tierra\u2019, las tradiciones. Por otra parte \u00e9l siempre encuentra s\u00edmbolos religiosos en sus fotograf\u00edas, entonces cre\u00edamos con Win Wenders, que este t\u00edtulo describ\u00eda perfecto su pasi\u00f3n\u201d.<\/p>\n<p>Indic\u00f3 que crecer con Sebastiao ha sido \u201cuna experiencia particular, porque \u00e9l viajaba mucho, pero volv\u00eda siempre a casa, con muchas historias, experiencias que contar en la familia, est\u00e1bamos en contacto con las fotograf\u00edas, recuerdo que cuando ten\u00eda yo 5 a\u00f1os, Sebasti\u00e3o hizo un reportaje en Brasil, donde hab\u00eda hambre y mortalidad infantil muy grande, me enfrent\u00e9 a ello por medio de las fotograf\u00edas y lo que mi padre contaba, de ah\u00ed parte mucho el querer hacer este filme, que siempre tiene algo que contar y nos interesaba compartirlo con m\u00e1s gente, porque son experiencias esenciales, estando en contacto con gente en crisis, en peligro, situaciones graves y muchas veces se comportan de forma sorprendente, de eso tenemos que aprender, yo he aprendido mucho, esperamos que la gente aprenda y comparta ese aprendizaje\u201d.<\/p>\n<p>El documental ser\u00e1 proyectado en 22 salas de la Rep\u00fablica Mexicana a partir del pr\u00f3ximo 30 de abril. La exposici\u00f3n fotogr\u00e1fica por su parte, estar\u00e1 exhibida en el lobby del Auditorio Nacional, durante los pr\u00f3ximos dos meses.<\/p>\n","protected":false},"excerpt":{"rendered":"<p>\u201cLa sal de la tierra\u201d es un documental tributo al fot\u00f3grafo brasile\u00f1o Sebasti\u00e3o Salgado, dirigido por Win Wenders y Juliano Ribeiro Salgado, est\u00e9 llegar\u00e1 a las pantallas de cine mexicanas a partir del pr\u00f3ximo 30 de abril, no obstante tuvo un exitoso preestreno en el Auditorio Nacional, lugar en el que tambi\u00e9n se inaugur\u00f3 una exposici\u00f3n fotogr\u00e1fica en torno a la realizaci\u00f3n del mismo.<\/p>\n","protected":false},"author":5,"featured_media":213893,"comment_status":"open","ping_status":"open","sticky":false,"template":"","format":"standard","meta":{"_monsterinsights_skip_tracking":false,"_monsterinsights_sitenote_active":false,"_monsterinsights_sitenote_note":"","_monsterinsights_sitenote_category":0,"footnotes":""},"categories":[17,12],"tags":[471],"class_list":["post-213892","post","type-post","status-publish","format-standard","has-post-thumbnail","hentry","category-especiales","category-espectaculos","tag-auditorio-nacional"],"_links":{"self":[{"href":"https:\/\/www.diarioimagen.net\/index.php?rest_route=\/wp\/v2\/posts\/213892","targetHints":{"allow":["GET"]}}],"collection":[{"href":"https:\/\/www.diarioimagen.net\/index.php?rest_route=\/wp\/v2\/posts"}],"about":[{"href":"https:\/\/www.diarioimagen.net\/index.php?rest_route=\/wp\/v2\/types\/post"}],"author":[{"embeddable":true,"href":"https:\/\/www.diarioimagen.net\/index.php?rest_route=\/wp\/v2\/users\/5"}],"replies":[{"embeddable":true,"href":"https:\/\/www.diarioimagen.net\/index.php?rest_route=%2Fwp%2Fv2%2Fcomments&post=213892"}],"version-history":[{"count":0,"href":"https:\/\/www.diarioimagen.net\/index.php?rest_route=\/wp\/v2\/posts\/213892\/revisions"}],"wp:featuredmedia":[{"embeddable":true,"href":"https:\/\/www.diarioimagen.net\/index.php?rest_route=\/wp\/v2\/media\/213893"}],"wp:attachment":[{"href":"https:\/\/www.diarioimagen.net\/index.php?rest_route=%2Fwp%2Fv2%2Fmedia&parent=213892"}],"wp:term":[{"taxonomy":"category","embeddable":true,"href":"https:\/\/www.diarioimagen.net\/index.php?rest_route=%2Fwp%2Fv2%2Fcategories&post=213892"},{"taxonomy":"post_tag","embeddable":true,"href":"https:\/\/www.diarioimagen.net\/index.php?rest_route=%2Fwp%2Fv2%2Ftags&post=213892"}],"curies":[{"name":"wp","href":"https:\/\/api.w.org\/{rel}","templated":true}]}}