{"id":213951,"date":"2015-04-16T00:04:20","date_gmt":"2015-04-16T05:04:20","guid":{"rendered":"http:\/\/www.diarioimagen.net\/?p=213951"},"modified":"2015-04-16T04:21:20","modified_gmt":"2015-04-16T09:21:20","slug":"policia-federal-rescata-en-chalco-a-129-centroamericanos-ilegales","status":"publish","type":"post","link":"https:\/\/www.diarioimagen.net\/?p=213951","title":{"rendered":"Polic\u00eda Federal rescata en Chalco a 129 centroamericanos ilegales"},"content":{"rendered":"<ul>\n<li><strong><em>Transportados en precarias condiciones<\/em><\/strong><\/li>\n<\/ul>\n<p><a href=\"http:\/\/www.diarioimagen.net\/?attachment_id=214040\" rel=\"attachment wp-att-214040\"><img loading=\"lazy\" decoding=\"async\" class=\"alignleft size-medium wp-image-214040\" src=\"http:\/\/www.diarioimagen.net\/wp-content\/uploads\/2015\/04\/ilegales-2591-240x135.jpg\" alt=\"ilegales-2591\" width=\"240\" height=\"135\" srcset=\"https:\/\/www.diarioimagen.net\/wp-content\/uploads\/2015\/04\/ilegales-2591-240x135.jpg 240w, https:\/\/www.diarioimagen.net\/wp-content\/uploads\/2015\/04\/ilegales-2591-420x236.jpg 420w, https:\/\/www.diarioimagen.net\/wp-content\/uploads\/2015\/04\/ilegales-2591.jpg 480w, https:\/\/www.diarioimagen.net\/wp-content\/uploads\/2015\/04\/ilegales-2591-235x132.jpg 235w, https:\/\/www.diarioimagen.net\/wp-content\/uploads\/2015\/04\/ilegales-2591-202x114.jpg 202w, https:\/\/www.diarioimagen.net\/wp-content\/uploads\/2015\/04\/ilegales-2591-350x196.jpg 350w, https:\/\/www.diarioimagen.net\/wp-content\/uploads\/2015\/04\/ilegales-2591-220x123.jpg 220w, https:\/\/www.diarioimagen.net\/wp-content\/uploads\/2015\/04\/ilegales-2591-237x132.jpg 237w\" sizes=\"auto, (max-width: 240px) 100vw, 240px\" \/><\/a>Al menos 129 indocumentados centroamericanos que eran trasladados en precarias condiciones en un cami\u00f3n tipo torton, fueron detenidos por polic\u00edas federales en la carreta M\u00e9xico-Puebla, en el municipio de Chalco.<\/p>\n<p>Los centroamericanos viajaban hacinados y deshidratados, debido a que no les permit\u00edan bajar del veh\u00edculo que se dirig\u00eda a la frontera con los Estados Unidos para comprar agua y comida.<\/p>\n<p>Los hechos se suscitaron durante un operativo de la Polic\u00eda Federal a la altura del kil\u00f3metro 038 en el Estado de M\u00e9xico, donde se percataron que un cami\u00f3n de carga color blanco con placas KW 11464, transportaba a decenas de personas hacinadas y en malas condiciones f\u00edsicas.<\/p>\n<p>Los uniformados detuvieron al chofer y a los inmigrantes, principalmente originarios de Honduras, Guatemala y el Salvador, y los traslad\u00f3 a la delegaci\u00f3n de la PGR en Chalco.<\/p>\n<p>Las Polic\u00eda Federal tambi\u00e9n notific\u00f3 al INM, para que se hiciera cargo de los 129 indocumentados, pero fue casi hasta las 4:00 de la madrugada del mi\u00e9rcoles cuando los centroamericanos fueron trasladados a las instalaciones del INM de la delegaci\u00f3n de Iztapalapa en la ciudad de M\u00e9xico.<\/p>\n","protected":false},"excerpt":{"rendered":"<p>Al menos 129 indocumentados centroamericanos que eran trasladados en precarias condiciones en un cami\u00f3n tipo torton, fueron detenidos por polic\u00edas federales en la carreta M\u00e9xico-Puebla, en el municipio de Chalco.<\/p>\n","protected":false},"author":3,"featured_media":214040,"comment_status":"open","ping_status":"open","sticky":false,"template":"","format":"standard","meta":{"_monsterinsights_skip_tracking":false,"_monsterinsights_sitenote_active":false,"_monsterinsights_sitenote_note":"","_monsterinsights_sitenote_category":0,"footnotes":""},"categories":[7],"tags":[541,177,26660,1350],"class_list":["post-213951","post","type-post","status-publish","format-standard","has-post-thumbnail","hentry","category-seguridad","tag-chalco","tag-estados-unidos","tag-ilegales","tag-policia-federal"],"_links":{"self":[{"href":"https:\/\/www.diarioimagen.net\/index.php?rest_route=\/wp\/v2\/posts\/213951","targetHints":{"allow":["GET"]}}],"collection":[{"href":"https:\/\/www.diarioimagen.net\/index.php?rest_route=\/wp\/v2\/posts"}],"about":[{"href":"https:\/\/www.diarioimagen.net\/index.php?rest_route=\/wp\/v2\/types\/post"}],"author":[{"embeddable":true,"href":"https:\/\/www.diarioimagen.net\/index.php?rest_route=\/wp\/v2\/users\/3"}],"replies":[{"embeddable":true,"href":"https:\/\/www.diarioimagen.net\/index.php?rest_route=%2Fwp%2Fv2%2Fcomments&post=213951"}],"version-history":[{"count":0,"href":"https:\/\/www.diarioimagen.net\/index.php?rest_route=\/wp\/v2\/posts\/213951\/revisions"}],"wp:featuredmedia":[{"embeddable":true,"href":"https:\/\/www.diarioimagen.net\/index.php?rest_route=\/wp\/v2\/media\/214040"}],"wp:attachment":[{"href":"https:\/\/www.diarioimagen.net\/index.php?rest_route=%2Fwp%2Fv2%2Fmedia&parent=213951"}],"wp:term":[{"taxonomy":"category","embeddable":true,"href":"https:\/\/www.diarioimagen.net\/index.php?rest_route=%2Fwp%2Fv2%2Fcategories&post=213951"},{"taxonomy":"post_tag","embeddable":true,"href":"https:\/\/www.diarioimagen.net\/index.php?rest_route=%2Fwp%2Fv2%2Ftags&post=213951"}],"curies":[{"name":"wp","href":"https:\/\/api.w.org\/{rel}","templated":true}]}}