{"id":213963,"date":"2015-04-16T00:02:07","date_gmt":"2015-04-16T05:02:07","guid":{"rendered":"http:\/\/www.diarioimagen.net\/?p=213963"},"modified":"2015-04-16T02:03:35","modified_gmt":"2015-04-16T07:03:35","slug":"migrantes","status":"publish","type":"post","link":"https:\/\/www.diarioimagen.net\/?p=213963","title":{"rendered":"Migrantes"},"content":{"rendered":"<h2>Desde el portal<\/h2>\n<h5>\u00c1ngel Soriano<\/h5>\n<p>&nbsp;<\/p>\n<p>Una caravana de migrantes centroamericanos, encabezada por el padre <strong>Alejandro Solalinde<\/strong> <strong>Guerra<\/strong>, parti\u00f3 de Ixtepec, Oaxaca, rumbo a la Bas\u00edlica de Guadalupe en la ciudad de M\u00e9xico, en demanda de respeto a sus derechos humanos y por el libre tr\u00e1nsito hacia la Uni\u00f3n Americana en busca de mejores condiciones de vida. Sin embargo, el comisionado del Instituto Nacional de Migraci\u00f3n (INM), <strong>Ardelio Vargas Fosado<\/strong>, expresa que ning\u00fan extranjero sin documentos puede cruzar territorio nacional.<\/p>\n<p>Ambas partes tienen la raz\u00f3n. Los centroamericanos -y nacionales de la frontera sur-, que enfrentan condiciones infrahumanas de subsistencia, est\u00e1n en su derecho de marchar hacia mejores tierras en busca de un mejor porvenir para ellos y sus familias, ante la incapacidad de sus respectivos gobiernos, por proporcionarles los instrumentos para obtener empleo, ingreso, vivienda y educaci\u00f3n, de lo cual carecen miles que abandonan diariamente su patria.<\/p>\n<p>No est\u00e1 en manos del gobierno de una sola naci\u00f3n la respuesta r\u00e1pida a sus requerimientos. El exigir documentos a cualquier persona que cruza un pa\u00eds extranjero forma parte de los protocolos internacionales tanto en materia de seguridad, como el cumplimiento de exigencias diplom\u00e1ticas y de justicia para evitar el cruce indiscriminado e ilegal por territorios que no son propios, y que pueden llegar a alterar la vida de los nacionales, como ocurre en el sur de Estados Unidos donde se han organizado -de manera cruel y inhumana- para expulsar a los ilegales.<\/p>\n<p>La autoridad ejerce su funci\u00f3n al facilitar, pero a la vez exigir, se cumplan con los requisitos que marca la Ley para transitar por territorio nacional, como los centroamericanos claman ayuda con fines humanitarios.<\/p>\n<p>Las organizaciones no gubernamentales y simpatizantes han acordonado la marcha, lo mismo que la polic\u00eda federal. Corresponde a las autoridades de los pa\u00edses de origen de los centroamericanos, y al mismo EU, encontrar una soluci\u00f3n acertada.<\/p>\n<p style=\"text-align: center;\"><strong>TURBULENCIAS<br \/>\nEjecutan a comunicador triqui<\/strong><\/p>\n<p>A los ancestrales problemas sociales en Oaxaca, se sum\u00f3 el artero asesinato de <strong>Abel Manuel<\/strong> <strong>Bautista Raymundo<\/strong>, de 46 a\u00f1os de edad, quien era propietario y director de la estaci\u00f3n radiof\u00f3nica \u201cTransmitiendo sentimientos, la voz de Juxtlahuaca\u201d, a unos d\u00edas en que la ciudad fuera invadida por miles de triquis en demanda de soluci\u00f3n a sus problemas, y cuando al mundo ha impresionado las haza\u00f1as de los ni\u00f1os de la regi\u00f3n, llamados \u201cGigantes de la Monta\u00f1a\u201d, por sus habilidades deportivas.<\/p>\n<p>El Estado mexicano en su conjunto ha olvidado a esas regiones en donde florece el talento, marginado al igual que la justicia social\u2026En una nueva muestra de sensibilidad social que lo ubican en la delantera en la carrera presidencial del 2018, el jefe de gobierno del Distrito Federal, <strong>Miguel \u00c1ngel Mancera<\/strong>, se reuni\u00f3 con los jornaleros de la regi\u00f3n de San Quint\u00edn, BCN, en su mayor\u00eda ind\u00edgenas oaxaque\u00f1os migratorios que se asentaron en esa parte del pa\u00eds al no poder cruzar la frontera hacia el sur de los Estados Unidos. El jefe de gobierno capitalino encabeza las peticiones de justicia social de los esforzados trabajadores mexicanos\u2026<strong>Victor Ricardo Mat\u00edas<\/strong> <strong>Garc\u00eda<\/strong> y <strong>Ra\u00fal Grajales Guzm\u00e1n<\/strong>, alumnos del Colegio de Bachilleres del Estado de Oaxaca (COBAO) representaron a M\u00e9xico en el Torneo Internacional de Rob\u00f3tica Exporecerca, realizado en la ciudad de Barcelona, Espa\u00f1a, donde obtuvieron medalla de oro con el prototipo \u201cEl Caminante\u201d, que es una motoneta autosustentable que no requiere combustible para funcionar. Los ganadores participaron con m\u00e1s de 200 estudiantes de 15 pa\u00edses, con 116 proyectos de ciencia y tecnolog\u00eda\u2026<\/p>\n<p><em><a href=\"http:\/\/www.revista-brecha.com\/\" target=\"_blank\">www.revista-brecha.com<br \/>\n<\/a><a href=\"mailto:vidanacional@yahoo.com.mx\" target=\"_blank\">vidanacional@yahoo.com.mx<\/a><\/em><\/p>\n","protected":false},"excerpt":{"rendered":"<p><span style=\"color: #005497;\"><strong>\u00c1ngel Soriano<\/strong><\/span><\/p>\n","protected":false},"author":3,"featured_media":0,"comment_status":"open","ping_status":"open","sticky":false,"template":"","format":"standard","meta":{"_monsterinsights_skip_tracking":false,"_monsterinsights_sitenote_active":false,"_monsterinsights_sitenote_note":"","_monsterinsights_sitenote_category":0,"footnotes":""},"categories":[135],"tags":[85,86,43674],"class_list":["post-213963","post","type-post","status-publish","format-standard","hentry","category-angel-soriano-opinion","tag-angel-soriano","tag-desde-el-portal","tag-opinion"],"_links":{"self":[{"href":"https:\/\/www.diarioimagen.net\/index.php?rest_route=\/wp\/v2\/posts\/213963","targetHints":{"allow":["GET"]}}],"collection":[{"href":"https:\/\/www.diarioimagen.net\/index.php?rest_route=\/wp\/v2\/posts"}],"about":[{"href":"https:\/\/www.diarioimagen.net\/index.php?rest_route=\/wp\/v2\/types\/post"}],"author":[{"embeddable":true,"href":"https:\/\/www.diarioimagen.net\/index.php?rest_route=\/wp\/v2\/users\/3"}],"replies":[{"embeddable":true,"href":"https:\/\/www.diarioimagen.net\/index.php?rest_route=%2Fwp%2Fv2%2Fcomments&post=213963"}],"version-history":[{"count":0,"href":"https:\/\/www.diarioimagen.net\/index.php?rest_route=\/wp\/v2\/posts\/213963\/revisions"}],"wp:attachment":[{"href":"https:\/\/www.diarioimagen.net\/index.php?rest_route=%2Fwp%2Fv2%2Fmedia&parent=213963"}],"wp:term":[{"taxonomy":"category","embeddable":true,"href":"https:\/\/www.diarioimagen.net\/index.php?rest_route=%2Fwp%2Fv2%2Fcategories&post=213963"},{"taxonomy":"post_tag","embeddable":true,"href":"https:\/\/www.diarioimagen.net\/index.php?rest_route=%2Fwp%2Fv2%2Ftags&post=213963"}],"curies":[{"name":"wp","href":"https:\/\/api.w.org\/{rel}","templated":true}]}}