{"id":213973,"date":"2015-04-16T00:05:33","date_gmt":"2015-04-16T05:05:33","guid":{"rendered":"http:\/\/www.diarioimagen.net\/?p=213973"},"modified":"2015-04-16T02:09:47","modified_gmt":"2015-04-16T07:09:47","slug":"rodrigo-el-hijo-incomodo","status":"publish","type":"post","link":"https:\/\/www.diarioimagen.net\/?p=213973","title":{"rendered":"Rodrigo, \u201cel hijo inc\u00f3modo\u201d"},"content":{"rendered":"<h2>Punto por punto<\/h2>\n<h5>Augusto Corro<\/h5>\n<p>&nbsp;<\/p>\n<p>Se reconfirm\u00f3 la relaci\u00f3n de complicidad entre Rodrigo Vallejo Mora y el capo Servando G\u00f3mez \u201cLa Tuta\u201d, capo de \u201cLos Caballeros Templarios\u201d.<\/p>\n<p>En nuevas fotos, Vallejo Mora, el hijo inc\u00f3modo del ex gobernador Fausto Vallejo Figueroa, apareci\u00f3 pistola en mano en una de las entrevistas con el delincuente.<\/p>\n<p>Anteriormente, el junior fue grabado con el \u201ctemplario\u201d en franca camarader\u00eda. En las \u00faltimas fotos se le ve a Rodrigo pistola en mano, en otra entrevista con \u201cLa Tuta\u201d.<\/p>\n<p>Son innumerables los testimonios de la excelente comunicaci\u00f3n entre Rodrigo y el narco. S\u00f3lo que el primero se encuentra libre y el segundo sigue preso.<\/p>\n<p>El hijo del ex gobernador fue detenido hace m\u00e1s de ocho meses por su cercan\u00eda con los \u201ctemplarios\u201d, en una descarada confabulaci\u00f3n de narcos y pol\u00edticos, en Michoac\u00e1n.<\/p>\n<p>En los \u00faltimos a\u00f1os, los michoacanos padecieron la acci\u00f3n de la delincuencia organizada protegida por las autoridades. Creci\u00f3 la espiral de violencia con extorsiones, secuestros y asesinatos.<\/p>\n<p>Se coment\u00f3 que Rodrigo fue la mano negra del ex mandatario para sus negocios con los \u201ctemplarios\u201d, entre otros conseguir dinero para su campa\u00f1a pol\u00edtica rumbo al poder.<\/p>\n<p>Hace un a\u00f1o, nuestro colega Ram\u00f3n Zurita Sahag\u00fan escribi\u00f3 lo siguiente sobre Rodrigo:<\/p>\n<p>\u201cHace unas semanas, Rodrigo Vallejo Mora, lleg\u00f3 a degustar la cocina del restaurante Kaah Siis, situado en pleno Masaryk y Schiller, colonia Polanco en el Distrito Federal.<\/p>\n<p>\u201cSe trata de uno de los restaurantes de moda, por lo que no result\u00f3 dif\u00edcil su elecci\u00f3n ni sorpresa su visita.<\/p>\n<p>\u201cLo que s\u00ed fue sorprendente es el equipo de seguridad que lo resguarda, a\u00fan lejos de su terru\u00f1o.<\/p>\n<p>\u201cRodrigo Vallejo es uno de los hijos de Fausto Vallejo Figueroa, el cuestionado gobernador de Michoac\u00e1n y sobre el que se tejen muchas historias, algunas de ellas veraces, dicen los que lo conocen.<\/p>\n<p>\u201cEl despliegue de cinco camionetas blindadas que lo acompa\u00f1an, hacen ver el tama\u00f1o de sus temores y confirman los peligros que existen en el estado que supuestamente gobernaba su padre.<\/p>\n<p>\u201cLos michoacanos aprehendieron a vivir en la inseguridad con sus propios miedos, pero los pol\u00edticos y sus familias llevan el suyo a grado extremo\u201d.<\/p>\n<p>Para algunos michoacanos, el verdadero gobernador fue Rodrigo, en ausencia de su padre Fausto, quien se alej\u00f3 varios meses del gobierno para atenderse en un mal hep\u00e1tico. El junio cont\u00f3 con el tiempo suficiente para concretar su acercamiento con los \u201ctemplarios\u201d.<\/p>\n<p style=\"text-align: center;\"><strong>ENTRE LA ESPADA Y LA PARED<\/strong><\/p>\n<p>En M\u00e9xico, el problema de la migraci\u00f3n crece cada d\u00eda no se ve la manera de frenarlo o de solucionarlo.<\/p>\n<p>Por ejemplo, el martes en la noche, la Polic\u00eda Federal intercept\u00f3 un cami\u00f3n que transportaba 129 personas indocumentadas.<\/p>\n<p>Esas personas son originarias de Guatemala, Honduras y El Salvador.<\/p>\n<p>\u00bfQu\u00e9 hacer con ellas? A las autoridades no les queda otro recurso que regresarlas a sus pa\u00edses respectivos. Esta vez, los migrantes corrieron con suerte. Es com\u00fan que los indocumentados sean objeto de extorsiones, de secuestros y de asesinatos, por la delincuencia organizada.<\/p>\n<p>En cualquier pa\u00eds del mundo es dif\u00edcil controlar el flujo migratorio.<\/p>\n<p>Sin embargo, en M\u00e9xico el conflicto se agudiza porque no todos los pa\u00edses, en este caso los centroamericanos, tienen el inter\u00e9s de buscar soluciones a la migraci\u00f3n ilegal.<\/p>\n<p>Tambi\u00e9n organismos de derechos humanos se quejan porque nuestro pa\u00eds los regresa a su lugares de origen. Entre los repatriados se encuentran ni\u00f1os que viajan solos o sin la documentaci\u00f3n necesaria de migrantes.<\/p>\n<p>Los indocumentados adultos, j\u00f3venes y ni\u00f1os abandonaron sus pa\u00edses porque ya no soportaban su condici\u00f3n de v\u00edctimas de la pobreza y la violencia.<\/p>\n<p>M\u00e9xico lleva todo el peso del asunto migratorio y los pa\u00edses centroamericanos se concretan a observar, pasivamente, el desarrollo de los hechos.<\/p>\n<p>\u00bfQu\u00e9 hacen Guatemala, Honduras y El Salvador para evitar la migraci\u00f3n de indocumentados? Nada.<\/p>\n<p>Mientras siga la pobreza y la violencia en esos pa\u00edses, en M\u00e9xico continuar\u00e1 el flujo de indocumentados y las caravanas de protesta por la pol\u00edtica migratoria.<\/p>\n<p style=\"text-align: center;\"><strong>REPARTO DE DESPENSAS<\/strong><\/p>\n<p>El Partido de la Revoluci\u00f3n Democr\u00e1tica (PRD) tambi\u00e9n decidi\u00f3 violar la ley electoral y se dedic\u00f3 a dar despensas a cambio de la copia de la credencial de elector.<\/p>\n<p>Esta acci\u00f3n es cosa de ni\u00f1os frente a las irregularidades cometidas por el Partido Verde.<\/p>\n<p>Los perredistas fueron fotografiados nuevamente durante la entrega de despensas a los habitantes de la delegaci\u00f3n Cuauht\u00e9moc.<\/p>\n<p>Seg\u00fan se inform\u00f3, el PRD se repartir\u00e1n 22 mil 222 paquetes de alimentos para obtener 180 mil votos.<\/p>\n<p><em><a href=\"mailto:aco2742@hotmail.com\" target=\"_blank\">aco2742@hotmail.com<\/a><\/em><\/p>\n","protected":false},"excerpt":{"rendered":"<p><span style=\"color: #005497;\"><strong>Augusto Corro<\/strong><\/span><\/p>\n","protected":false},"author":3,"featured_media":0,"comment_status":"open","ping_status":"open","sticky":false,"template":"","format":"standard","meta":{"_monsterinsights_skip_tracking":false,"_monsterinsights_sitenote_active":false,"_monsterinsights_sitenote_note":"","_monsterinsights_sitenote_category":0,"footnotes":""},"categories":[157],"tags":[43686,43674,11515],"class_list":["post-213973","post","type-post","status-publish","format-standard","hentry","category-augusto-corro","tag-augusto-corro","tag-opinion","tag-punto-por-punto"],"_links":{"self":[{"href":"https:\/\/www.diarioimagen.net\/index.php?rest_route=\/wp\/v2\/posts\/213973","targetHints":{"allow":["GET"]}}],"collection":[{"href":"https:\/\/www.diarioimagen.net\/index.php?rest_route=\/wp\/v2\/posts"}],"about":[{"href":"https:\/\/www.diarioimagen.net\/index.php?rest_route=\/wp\/v2\/types\/post"}],"author":[{"embeddable":true,"href":"https:\/\/www.diarioimagen.net\/index.php?rest_route=\/wp\/v2\/users\/3"}],"replies":[{"embeddable":true,"href":"https:\/\/www.diarioimagen.net\/index.php?rest_route=%2Fwp%2Fv2%2Fcomments&post=213973"}],"version-history":[{"count":0,"href":"https:\/\/www.diarioimagen.net\/index.php?rest_route=\/wp\/v2\/posts\/213973\/revisions"}],"wp:attachment":[{"href":"https:\/\/www.diarioimagen.net\/index.php?rest_route=%2Fwp%2Fv2%2Fmedia&parent=213973"}],"wp:term":[{"taxonomy":"category","embeddable":true,"href":"https:\/\/www.diarioimagen.net\/index.php?rest_route=%2Fwp%2Fv2%2Fcategories&post=213973"},{"taxonomy":"post_tag","embeddable":true,"href":"https:\/\/www.diarioimagen.net\/index.php?rest_route=%2Fwp%2Fv2%2Ftags&post=213973"}],"curies":[{"name":"wp","href":"https:\/\/api.w.org\/{rel}","templated":true}]}}