{"id":214058,"date":"2015-04-16T20:49:18","date_gmt":"2015-04-17T01:49:18","guid":{"rendered":"http:\/\/www.diarioimagen.net\/?p=214058"},"modified":"2015-04-17T06:31:40","modified_gmt":"2015-04-17T11:31:40","slug":"presenta-eduardo-gazanini-show-acustico","status":"publish","type":"post","link":"https:\/\/www.diarioimagen.net\/?p=214058","title":{"rendered":"Presenta Eduardo Gazanini show ac\u00fastico"},"content":{"rendered":"<ul>\n<li><strong><em>El pr\u00f3ximo 23 de abril en El Batacl\u00e1n, a las 21 horas, compartir\u00e1 su \u00e1lbum hom\u00f3nimo, producci\u00f3n del maestro Willy Guti\u00e9rrez<\/em><\/strong><\/li>\n<\/ul>\n<div id=\"attachment_214059\" style=\"width: 250px\" class=\"wp-caption alignleft\"><img loading=\"lazy\" decoding=\"async\" aria-describedby=\"caption-attachment-214059\" class=\"size-medium wp-image-214059\" src=\"http:\/\/www.diarioimagen.net\/wp-content\/uploads\/2015\/04\/eduardo-PORTAL-240x135.jpg\" alt=\"Eduardo Gazanini sigue cosechando \u00e9xitos, ahora con su gira de conciertos en los bares m\u00e1s importantes del Distrito Federal, tal es el caso de su pr\u00f3xima presentaci\u00f3n el 23 de abril en uno de los m\u00e1s legendarios lugares de la colonia Condesa, El Batacl\u00e1n (Popocat\u00e9petl 25, Esq. Amsterdam Col. Condesa).\" width=\"240\" height=\"135\" srcset=\"https:\/\/www.diarioimagen.net\/wp-content\/uploads\/2015\/04\/eduardo-PORTAL-240x135.jpg 240w, https:\/\/www.diarioimagen.net\/wp-content\/uploads\/2015\/04\/eduardo-PORTAL-420x236.jpg 420w, https:\/\/www.diarioimagen.net\/wp-content\/uploads\/2015\/04\/eduardo-PORTAL.jpg 480w, https:\/\/www.diarioimagen.net\/wp-content\/uploads\/2015\/04\/eduardo-PORTAL-235x132.jpg 235w, https:\/\/www.diarioimagen.net\/wp-content\/uploads\/2015\/04\/eduardo-PORTAL-202x114.jpg 202w, https:\/\/www.diarioimagen.net\/wp-content\/uploads\/2015\/04\/eduardo-PORTAL-350x196.jpg 350w, https:\/\/www.diarioimagen.net\/wp-content\/uploads\/2015\/04\/eduardo-PORTAL-220x123.jpg 220w, https:\/\/www.diarioimagen.net\/wp-content\/uploads\/2015\/04\/eduardo-PORTAL-237x132.jpg 237w\" sizes=\"auto, (max-width: 240px) 100vw, 240px\" \/><p id=\"caption-attachment-214059\" class=\"wp-caption-text\">Eduardo Gazanini sigue cosechando \u00e9xitos, ahora con su gira de conciertos en los bares m\u00e1s importantes del Distrito Federal, tal es el caso de su pr\u00f3xima presentaci\u00f3n el 23 de abril en uno de los m\u00e1s legendarios lugares de la colonia Condesa, El Batacl\u00e1n (Popocat\u00e9petl 25, Esq. Amsterdam Col. Condesa).<\/p><\/div>\n<p>A casi tres a\u00f1os de su lanzamiento profesional, el cantante Eduardo Gazanini sigue cosechando \u00e9xitos, ahora con su gira de conciertos en los bares m\u00e1s importantes del Distrito Federal, tal es el caso de su pr\u00f3xima presentaci\u00f3n el 23 de abril en uno de los m\u00e1s legendarios lugares de la colonia Condesa, El Batacl\u00e1n (Popocat\u00e9petl 25, Esq. <em>Amsterdam<\/em> Col. Condesa).<\/p>\n<p>\u201cSoy un afortunado por poder compartir mi m\u00fasica con la gente que se ha sumado a este sue\u00f1o. Agradezco a los Medios y a todos los que han tenido qu\u00e9 ver con la realizaci\u00f3n de este proyecto, porque sin todas las personas involucradas, simplemente esto no ser\u00eda una posible\u201d, coment\u00f3 Gazanini durante uno de los ensayos para esta presentaci\u00f3n, que sin duda es una de las m\u00e1s importantes hasta el momento.<\/p>\n<p>Cabe mencionar que el espect\u00e1culo del pr\u00f3ximo 23 de abril durar\u00e1 cerca de dos horas, durante las cuales interpretar\u00e1 los temas de pop, pop rock y balada, que hasta el d\u00eda de hoy ya son conocidas entre los varios club de fans que se han armado en torno a Eduardo Gazanini, tal es el caso de \u201cConfusiones\u201d, \u201cLas sombras del pasado\u201d y \u201cMujer sin coraz\u00f3n\u201d.<\/p>\n<p>Por su parte, el maestro Willy Guti\u00e9rrez, quien estuvo a cargo de la composici\u00f3n de temas, musical y producci\u00f3n del disco tambi\u00e9n invit\u00f3 a todo el p\u00fablico para que acompa\u00f1en a Eduardo a este concierto de El Batacl\u00e1n.<\/p>\n<p>\u201cA lo largo de 50 a\u00f1os de carrera profesional he visto muchos artistas importantes, he trabajado con otros tantos que sus carreras siguen vigente, pero como Eduardo ninguno, es un joven que adem\u00e1s de talento tiene un coraz\u00f3n que podr\u00eda intercambiar, con tal de que su m\u00fasica llegue a toda la gente. Los invito a que lo acompa\u00f1en, vale mucho la pena su m\u00fasica\u201d.<\/p>\n<p>Los invitamos a que hagan sus reservaciones, sigan a Eduardo Gazanini en las redes sociales y visiten su p\u00e1gina de Internet.<\/p>\n","protected":false},"excerpt":{"rendered":"<p>A casi tres a\u00f1os de su lanzamiento profesional, el cantante Eduardo Gazanini sigue cosechando \u00e9xitos, ahora con su gira de conciertos en los bares m\u00e1s importantes del Distrito Federal, tal es el caso de su pr\u00f3xima presentaci\u00f3n el 23 de abril en uno de los m\u00e1s legendarios lugares de la colonia Condesa, El Batacl\u00e1n (Popocat\u00e9petl 25, Esq. Amsterdam Col. Condesa).<\/p>\n","protected":false},"author":5,"featured_media":214059,"comment_status":"open","ping_status":"open","sticky":false,"template":"","format":"standard","meta":{"_monsterinsights_skip_tracking":false,"_monsterinsights_sitenote_active":false,"_monsterinsights_sitenote_note":"","_monsterinsights_sitenote_category":0,"footnotes":""},"categories":[17,12],"tags":[14694],"class_list":["post-214058","post","type-post","status-publish","format-standard","has-post-thumbnail","hentry","category-especiales","category-espectaculos","tag-condesa"],"_links":{"self":[{"href":"https:\/\/www.diarioimagen.net\/index.php?rest_route=\/wp\/v2\/posts\/214058","targetHints":{"allow":["GET"]}}],"collection":[{"href":"https:\/\/www.diarioimagen.net\/index.php?rest_route=\/wp\/v2\/posts"}],"about":[{"href":"https:\/\/www.diarioimagen.net\/index.php?rest_route=\/wp\/v2\/types\/post"}],"author":[{"embeddable":true,"href":"https:\/\/www.diarioimagen.net\/index.php?rest_route=\/wp\/v2\/users\/5"}],"replies":[{"embeddable":true,"href":"https:\/\/www.diarioimagen.net\/index.php?rest_route=%2Fwp%2Fv2%2Fcomments&post=214058"}],"version-history":[{"count":0,"href":"https:\/\/www.diarioimagen.net\/index.php?rest_route=\/wp\/v2\/posts\/214058\/revisions"}],"wp:featuredmedia":[{"embeddable":true,"href":"https:\/\/www.diarioimagen.net\/index.php?rest_route=\/wp\/v2\/media\/214059"}],"wp:attachment":[{"href":"https:\/\/www.diarioimagen.net\/index.php?rest_route=%2Fwp%2Fv2%2Fmedia&parent=214058"}],"wp:term":[{"taxonomy":"category","embeddable":true,"href":"https:\/\/www.diarioimagen.net\/index.php?rest_route=%2Fwp%2Fv2%2Fcategories&post=214058"},{"taxonomy":"post_tag","embeddable":true,"href":"https:\/\/www.diarioimagen.net\/index.php?rest_route=%2Fwp%2Fv2%2Ftags&post=214058"}],"curies":[{"name":"wp","href":"https:\/\/api.w.org\/{rel}","templated":true}]}}