{"id":214140,"date":"2015-04-17T00:08:57","date_gmt":"2015-04-17T05:08:57","guid":{"rendered":"http:\/\/www.diarioimagen.net\/?p=214140"},"modified":"2015-04-20T01:27:50","modified_gmt":"2015-04-20T06:27:50","slug":"una-de-periodistas","status":"publish","type":"post","link":"https:\/\/www.diarioimagen.net\/?p=214140","title":{"rendered":"Una de periodistas&#8230;"},"content":{"rendered":"<h2>Tras la puerta del poder<\/h2>\n<h5>Roberto Vizca\u00edno<\/h5>\n<p>&nbsp;<\/p>\n<ul>\n<li><strong><em>Desde que los medios dejaron de ser conducidos por comuncadores se acab\u00f3 el ejercicio profesional<\/em><\/strong><\/li>\n<li><strong><em>En el oficio militante es f\u00e1cil inducir, sugerir, presentar como verdad algo que no lo es<\/em><\/strong><\/li>\n<li><strong><em>Ser\u00eda interesante que Gil Olmos dijera con qui\u00e9n no est\u00e1 de acuerdo en lo que se escribe o dice<\/em><\/strong><\/li>\n<\/ul>\n<div id=\"attachment_214178\" style=\"width: 251px\" class=\"wp-caption alignleft\"><a href=\"http:\/\/www.diarioimagen.net\/?attachment_id=214178\" rel=\"attachment wp-att-214178\"><img loading=\"lazy\" decoding=\"async\" aria-describedby=\"caption-attachment-214178\" class=\" wp-image-214178\" src=\"http:\/\/www.diarioimagen.net\/wp-content\/uploads\/2015\/04\/oscurarantismo-RAMON-2592-269x420.jpg\" alt=\"Oscurarantismo... | Ram\u00f3n\" width=\"241\" height=\"376\" srcset=\"https:\/\/www.diarioimagen.net\/wp-content\/uploads\/2015\/04\/oscurarantismo-RAMON-2592-269x420.jpg 269w, https:\/\/www.diarioimagen.net\/wp-content\/uploads\/2015\/04\/oscurarantismo-RAMON-2592-154x240.jpg 154w, https:\/\/www.diarioimagen.net\/wp-content\/uploads\/2015\/04\/oscurarantismo-RAMON-2592.jpg 768w\" sizes=\"auto, (max-width: 241px) 100vw, 241px\" \/><\/a><p id=\"caption-attachment-214178\" class=\"wp-caption-text\">Oscurarantismo&#8230; | Ram\u00f3n<\/p><\/div>\n<p>El reportero Jos\u00e9 Gil Olmos public\u00f3 hace 2 d\u00edas en la agencia APRO (que cuando la fundamos los creadores de la revista <em>Proceso<\/em> se llamaba CISA), un texto que fue muy celebrado por al menos mi ex amigo Gabriel Pereyra, un lopezobradorista profundo que trabaja para gobiernos y personajes pri\u00edstas, pero que celebra todo lo que suene antisistema y anti Enrique Pe\u00f1a Nieto.<\/p>\n<p>En ese texto Gil Olmos dice que hoy existe un sector iracundo de la prensa que defiende contra toda raz\u00f3n y dignidad al grupo hoy en el poder.<\/p>\n<p>Se da el caso, dice, que \u201calgunos comentaristas, columnistas y articulistas cuando se han publicado reportajes sobre la opacidad, corrupci\u00f3n y conflicto de inter\u00e9s del presidente Enrique Pe\u00f1a Nieto y algunos de sus secretarios como Luis Videgaray y Miguel \u00c1ngel Osorio Chong\u201d, saltan a defenderlos.<\/p>\n<p>Y confiesa que a \u00e9l le \u201cresulta preocupante que sean ellos los primeros defensores del gobierno pe\u00f1ista\u201d, antes que cualquier vocero gubernamental.<\/p>\n<p>Expone el caso de Carmen Aristegui respecto de su reportaje sobre las casas de Ang\u00e9lica Rivera, esposa de Pe\u00f1a Nieto as\u00ed como la del secretario de Hacienda, Luis Videgaray, adquiridas al contratista Juan Armando Hinojosa, amigo cercano del jefe del Ejecutivo.<\/p>\n<p>Y rescata lo publicado por <em>Proceso<\/em> en cuanto a las casas rentadas por el secretario de Gobernaci\u00f3n y ex gobernador de Hidalgo, Miguel \u00c1ngel Osorio Chong \u201ca su contratista preferido, Carlos Aniano Sosa Velasco\u201d.<\/p>\n<p>Gil Olmos considera que los defensores de Pe\u00f1a y su equipo, asumen \u201cuna postura fuera de su papel social de investigar, analizar o cuestionar a los actores pol\u00edticos y sociales, estos periodistas han reaccionado de manera impronta m\u00e1s all\u00e1 de los propios personajes inmersos en los esc\u00e1ndalos inmobiliarios o en casos donde se muestra su incapacidad para resolver problemas de justicia como la desaparici\u00f3n de los normalistas de Ayotzinapa, sociales como las marchas de los maestros o econ\u00f3micas como la falta de empleos, vivienda y salud dignas.<\/p>\n<p>\u201cHacen la labor de voceros y no de periodistas. No hablan de la opacidad en las acciones y decisiones que tienen como funcionarios p\u00fablicos ante la sociedad y la opini\u00f3n p\u00fablica, ni de la obligaci\u00f3n de transparentar todas y cada una de sus actuaciones. Tampoco de su compromiso de respetar las leyes. Al contrario, defienden a los funcionarios aludiendo a su derecho de viajar en helic\u00f3ptero, usar aviones para asuntos particulares, invitar a amigos y familias a giras de trabajo, comprar o rentar propiedades millonarias por el simple hecho de ser funcionarios de gobierno.<\/p>\n<p>\u201cEn esta defensa ciega, tomando una posici\u00f3n de abogado defensor, estos comentaristas, articulistas o columnistas acusan a la prensa que denuncia los abusos de poder de ser \u201cmilitante\u201d, de \u201cizquierda\u201d, \u201crencorosa\u201d, de \u201cconsigna\u201d, \u201csospechosista\u201d y hasta de \u201cfar\u00e1ndula pol\u00edtica\u201d. Alegan que nada es verdad y que hay una clara campa\u00f1a de golpear la figura presidencial y al grupo que lo acompa\u00f1a.<\/p>\n<p>\u201cDicen con soberbia que esta prensa que denuncia ha ca\u00eddo en el pecado del libertinaje de la expresi\u00f3n y defienden a los funcionarios p\u00fablicos de algunos \u201cpecados\u201d m\u00ednimos en su ejercicio de poder.<\/p>\n<p>\u201cLa soberbia es una discapacidad que suele afectar a pobres infelices mortales que se encuentran de golpe con una miserable cuota de poder\u201d, dec\u00eda Jos\u00e9 Mart\u00ed hace ya dos siglos refiri\u00e9ndose a aquellos que alcanzan una posici\u00f3n privilegiada y se embrutecen en el ejercicio del poder.<\/p>\n<p>\u201cLos c\u00ednicos no sirven para este oficio\u201d sosten\u00eda por su parte el periodista Ryznard Kapusinsky en uno de sus libros sobre el periodismo hablando de aquellos que dejan su oficio de denuncia y vigilancia de los grupos de poder y se al\u00edan con ellos por ideolog\u00eda o privilegios econ\u00f3micos y pol\u00edticos\u201d, indica.<\/p>\n<p>Y recuerda que hace algunos a\u00f1os, \u201ccuando el PRI era el grupo hegem\u00f3nico en el poder, hab\u00eda unos personajes que amenizaban lo actos de gobierno hablando maravillas de los gobernantes. Se les conoc\u00eda como \u201cjilgueros\u201d y para eso se les pagaba, eran profesionales en la ret\u00f3rica oficialista y no disfrazaban su tarea como defensores de oficio del gobierno en turno.<\/p>\n<p>\u201cHoy estar\u00edamos ante nuevos \u201cjilgueros\u201d que no s\u00f3lo hablan de las facultades y virtudes maravillosas de la clase gobernante desde los peri\u00f3dicos, la radio y la televisi\u00f3n, sino que los defienden desde un supuesto foro de libertad de expresi\u00f3n\u201d, concluye.<\/p>\n<p>Retomado por Pereyra (y quiz\u00e1 por otros muchos), el texto de Gil Olmos se difundi\u00f3 ampliamente por Internet como una revelaci\u00f3n de una verdad inexcusable, irrebatible.<\/p>\n<p style=\"text-align: center;\"><strong>PRENSA MILITANTE<\/strong><\/p>\n<p>Con 45 a\u00f1os en este oficio he visto c\u00f3mo han desaparecido medios y personajes, sistemas y nuestros peque\u00f1os y grandes universos personales y colectivos.<\/p>\n<p>El mundo period\u00edstico en que nacimos all\u00e1 por los 70, y el M\u00e9xico al que serv\u00eda entonces, ya no existen.<\/p>\n<p>Pasamos del linotipo al Fax y de las computadoras al Internet y las redes sociales y los grandes personajes del periodismo de entonces \u2013s\u00f3lo menciono 4 de ellos: Julio Scherer, Manuel Becerra Acosta, Pepe Pag\u00e9s y Manuel Buend\u00eda-, murieron.<\/p>\n<p>Y detr\u00e1s de ellos se fue su mundo. Los medios dejaron de ser dirigidos por periodistas para ser controlados y conducidos por empresarios.<\/p>\n<p>El inter\u00e9s comercial se sobrepone al editorial. El dinero a la b\u00fasqueda de la verdad y el ejercicio de la raz\u00f3n.<\/p>\n<p>Quiz\u00e1 por eso han desaparecido los g\u00e9neros period\u00edsticos de esos medios: ya no hay reportajes, no hay entrevistas, no existe la cr\u00f3nica, las informaciones noticiosas se confunden con editoriales y el ingenio y la iron\u00eda de Abel ha sucumbido ante lo grotesco.<\/p>\n<p>Pero sobre todo la prensa mexicana se encuentra hoy inmersa en la militancia ideol\u00f3gica o partidista.<\/p>\n<p>Surgidos ellos mismos de un mundo de cultura de la ilegalidad, la corrupci\u00f3n y la impunidad, mexicanos como mi ex amigo Pereyra conciben el ejercicio period\u00edstico s\u00f3lo como un juego de mensajes internos entre las \u00e9lites del poder.<\/p>\n<p>Todo lo que se escribe o habla ah\u00ed est\u00e1 <em>centaveado<\/em> y es producto de una instrucci\u00f3n superior.<\/p>\n<p>Los periodistas no son due\u00f1os de su libertad e imaginaci\u00f3n. Si se habla de lo que hace o promete Pe\u00f1a Nieto, entonces Pereyra \u2013y por lo que dice Gil Olmos-, otros tambi\u00e9n ubican a ese personaje en las filas de los \u201cjilgueros\u201d del r\u00e9gimen.<\/p>\n<p style=\"text-align: center;\"><strong>CONTRAPUNTO<\/strong><\/p>\n<p>Gil Olmos alude a Kapusinsky y\u00a0 Jos\u00e9 Mart\u00ed para apoyar su texto. Yo recordar\u00e9 aqu\u00ed a Eugenio Scalfari fundador de la Rep\u00fablica en Italia y a Jean Daniel creador a su vez de Le Nouvel Observateur en Francia.<\/p>\n<p>El primero define a un periodista como aquel que le dice a la gente lo que le pasa a la gente y advierte que en esa tarea el periodista tiene la obligaci\u00f3n siempre de buscar la verdad.<\/p>\n<p>El segundo afirma que en esta \u00e9poca marcada por las redes sociales y los medios digitales se vive en el contrasentido de que la gente busca lo veros\u00edmil por sobre la verdad.<\/p>\n<p>Y se duele de que hoy la informaci\u00f3n period\u00edstica, noticiosa, editorial, est\u00e1 marcada por el espect\u00e1culo.<\/p>\n<p>El Nobel Vargas Llosa tiene un texto sobre\u00a0 la sociedad del espect\u00e1culo.<\/p>\n<p>La \u00e9poca de los 4 periodistas mexicanos antes se\u00f1alados \u2014Scherer, Becerra Acosta, Buend\u00eda y Pag\u00e9s-, de los 50 a los 90, fue una etapa donde los periodistas que estaban en desacuerdo con lo que escrib\u00edan otros periodistas no se andaban con rodeos y lo dec\u00edan.<\/p>\n<p>Recuerdo grandes debates en medios de Monsiv\u00e1is con Granados Chapa. Los encabezados por Salvador Novo. Otros como los abiertos por el mismo Julio Scherer contra Regino D\u00edaz Redondo y otros periodistas.<\/p>\n<p>\u00bfPor qu\u00e9 Gil Olmos no dice con qu\u00e9 otro periodista no est\u00e1 de acuerdo, y permite que le expongan sus razones? \u00bfPor qu\u00e9 no entra en debate?<\/p>\n<p>Acusar, calificar, sugerir de pagos por escribir cosas, inducir sin comprobar lo que se afirma es, no s\u00f3lo anti period\u00edstico, sino indigno.<\/p>\n<p><em><a href=\"mailto:rvizcainoa@gmail.com\" target=\"_blank\">rvizcainoa@gmail.com<\/a><\/em><\/p>\n","protected":false},"excerpt":{"rendered":"<p><span style=\"color: #005497;\"><strong>Roberto Vizca\u00edno<\/strong><\/span><br \/>\n<br \/>\nEl reportero Jos\u00e9 Gil Olmos public\u00f3 hace 2 d\u00edas en la agencia APRO (que cuando la fundamos los creadores de la revista Proceso se llamaba CISA), un texto que fue muy celebrado por al menos mi ex amigo Gabriel Pereyra, un lopezobradorista profundo que trabaja para gobiernos y personajes pri\u00edstas, pero que celebra todo lo que suene antisistema y anti Enrique Pe\u00f1a Nieto.<\/p>\n","protected":false},"author":3,"featured_media":0,"comment_status":"open","ping_status":"open","sticky":false,"template":"","format":"standard","meta":{"_monsterinsights_skip_tracking":false,"_monsterinsights_sitenote_active":false,"_monsterinsights_sitenote_note":"","_monsterinsights_sitenote_category":0,"footnotes":""},"categories":[136],"tags":[43674,93,94],"class_list":["post-214140","post","type-post","status-publish","format-standard","hentry","category-roberto-vizcaino-opinion","tag-opinion","tag-roberto-vizcaino","tag-tras-la-puerta-del-poder"],"_links":{"self":[{"href":"https:\/\/www.diarioimagen.net\/index.php?rest_route=\/wp\/v2\/posts\/214140","targetHints":{"allow":["GET"]}}],"collection":[{"href":"https:\/\/www.diarioimagen.net\/index.php?rest_route=\/wp\/v2\/posts"}],"about":[{"href":"https:\/\/www.diarioimagen.net\/index.php?rest_route=\/wp\/v2\/types\/post"}],"author":[{"embeddable":true,"href":"https:\/\/www.diarioimagen.net\/index.php?rest_route=\/wp\/v2\/users\/3"}],"replies":[{"embeddable":true,"href":"https:\/\/www.diarioimagen.net\/index.php?rest_route=%2Fwp%2Fv2%2Fcomments&post=214140"}],"version-history":[{"count":0,"href":"https:\/\/www.diarioimagen.net\/index.php?rest_route=\/wp\/v2\/posts\/214140\/revisions"}],"wp:attachment":[{"href":"https:\/\/www.diarioimagen.net\/index.php?rest_route=%2Fwp%2Fv2%2Fmedia&parent=214140"}],"wp:term":[{"taxonomy":"category","embeddable":true,"href":"https:\/\/www.diarioimagen.net\/index.php?rest_route=%2Fwp%2Fv2%2Fcategories&post=214140"},{"taxonomy":"post_tag","embeddable":true,"href":"https:\/\/www.diarioimagen.net\/index.php?rest_route=%2Fwp%2Fv2%2Ftags&post=214140"}],"curies":[{"name":"wp","href":"https:\/\/api.w.org\/{rel}","templated":true}]}}