{"id":214443,"date":"2015-04-21T00:06:04","date_gmt":"2015-04-21T05:06:04","guid":{"rendered":"http:\/\/www.diarioimagen.net\/?p=214443"},"modified":"2015-05-04T04:16:11","modified_gmt":"2015-05-04T09:16:11","slug":"entregan-300-videocamaras-para-operativo-transporte-estatal-seguro","status":"publish","type":"post","link":"https:\/\/www.diarioimagen.net\/?p=214443","title":{"rendered":"Entregan 300 videoc\u00e1maras para operativo Transporte Estatal Seguro"},"content":{"rendered":"<ul>\n<li><strong><em>Con esta acci\u00f3n se medir\u00e1 la eficacia y desempe\u00f1o de los elementos policiacos con pleno respeto a derechos humanos de mexiquenses<\/em><\/strong><\/li>\n<\/ul>\n<h6>Redacci\u00f3n<\/h6>\n<p>&nbsp;<\/p>\n<div id=\"attachment_214521\" style=\"width: 250px\" class=\"wp-caption alignleft\"><a href=\"http:\/\/www.diarioimagen.net\/?attachment_id=214521\" rel=\"attachment wp-att-214521\"><img loading=\"lazy\" decoding=\"async\" aria-describedby=\"caption-attachment-214521\" class=\"size-medium wp-image-214521\" src=\"http:\/\/www.diarioimagen.net\/wp-content\/uploads\/2015\/04\/eruviel-2594-240x151.jpg\" alt=\"El gobernador mexiquense entreg\u00f3 300 c\u00e1maras de video a los elementos de la Comisi\u00f3n Estatal de Seguridad (CES) que participan en el Plan Tres\u00a0 (Transporte Estatal Seguro), para evaluar la eficacia y desempe\u00f1o de los polic\u00edas.\" width=\"240\" height=\"151\" srcset=\"https:\/\/www.diarioimagen.net\/wp-content\/uploads\/2015\/04\/eruviel-2594-240x151.jpg 240w, https:\/\/www.diarioimagen.net\/wp-content\/uploads\/2015\/04\/eruviel-2594-420x265.jpg 420w, https:\/\/www.diarioimagen.net\/wp-content\/uploads\/2015\/04\/eruviel-2594.jpg 1200w\" sizes=\"auto, (max-width: 240px) 100vw, 240px\" \/><\/a><p id=\"caption-attachment-214521\" class=\"wp-caption-text\">El gobernador mexiquense entreg\u00f3 300 c\u00e1maras de video a los elementos de la Comisi\u00f3n Estatal de Seguridad (CES) que participan en el Plan Tres\u00a0 (Transporte Estatal Seguro), para evaluar la eficacia y desempe\u00f1o de los polic\u00edas.<\/p><\/div>\n<p>Como parte de las estrategias que el gobierno del Estado de M\u00e9xico realiza para garantizar la seguridad de los usuarios de transporte p\u00fablico, el gobernador mexiquense entreg\u00f3 300 c\u00e1maras de video a los elementos de la Comisi\u00f3n Estatal de Seguridad (CES) que participan en el Plan Tres\u00a0 (Transporte Estatal Seguro), para evaluar la eficacia y desempe\u00f1o de los polic\u00edas, al aplicarlo con respeto a los derechos humanos.<\/p>\n<p>Mediante el Plan Tres se han revisado a m\u00e1s de 2 millones 848 mil personas, sin que se tenga registro de una sola queja por parte de los usuarios del transporte p\u00fablico, as\u00ed como 207 mil veh\u00edculos y\u00a0 se ha logrado detener a m\u00e1s de mil 255 presuntos delincuentes.<\/p>\n<p>\u201cQueremos asegurarnos que siga este operativo con mucho \u00e9xito; respetando a la gente, respetando sus derechos. Por eso seremos todav\u00eda m\u00e1s cuidadosos con nuestros operativos y para ello hemos dotado a nuestro personal de la Comisi\u00f3n Estatal de Seguridad de 300 videoc\u00e1maras, que les estar\u00e1n sirviendo para grabar los operativos que estamos llevando a cabo a trav\u00e9s del Plan Tres\u201d, indic\u00f3.<\/p>\n<p>Destac\u00f3 que el uso de videoc\u00e1maras en estos operativos forma parte de los protocolos estatales de seguridad, donde se prioriza el respeto de los derechos humanos, adem\u00e1s,\u00a0 mediante el uso de las mismas se eval\u00faa la eficacia y el desempe\u00f1o de los polic\u00edas, evitando que cometan alg\u00fan tipo de abuso contra usuarios del transporte o choferes.<\/p>\n<p>Asimismo, dijo que de acuerdo con un estudio realizado por la Asociaci\u00f3n Internacional de Jefes de Polic\u00eda, el uso de c\u00e1maras de v\u00eddeo genera beneficios como:<\/p>\n<p>&#8211; La mejora en la seguridad de los polic\u00edas, ya que los delincuentes al saber que est\u00e1n siendo grabados reducen su comportamiento violento.<\/p>\n<p>&#8211; Ayudan a la resoluci\u00f3n de quejas y denuncias en contra de los elementos.<\/p>\n<p>&#8211; Se preserva la cadena de custodia\u00a0 ya que en caso de que haya un incidente, el video puede ser presentado ante el juez.<\/p>\n<p>-Mejora el entrenamiento policial,\u00a0 gracias a que las grabaciones de incidentes se pueden usar para desarrollar planes de estudio para el manejo de situaciones ordinarias y extraordinarias.<\/p>\n<p>-Mejora la percepci\u00f3n de seguridad del detenido al saber que los polic\u00edas no pueden actuar fuera de su responsabilidad.<\/p>\n<p>El gobernador subray\u00f3 que desde la implementaci\u00f3n del Plan Tres, no se han registrado reportes ciudadanos de inconformidad, y precis\u00f3 que del 1 de febrero al 19 de abril de este a\u00f1o, este operativo ha arrojado los siguientes resultados:<\/p>\n<p>&#8211; M\u00e1s de 2 millones 848 mil personas revisadas.<\/p>\n<p>&#8211; Mil 255 presuntos delincuentes fueron detenidos; 45 por ciento por robo, 25 por ciento por delitos contra la salud, 17.5 por ciento por portaci\u00f3n de arma, y el resto por otros delitos.<\/p>\n","protected":false},"excerpt":{"rendered":"<p>Como parte de las estrategias que el gobierno del Estado de M\u00e9xico realiza para garantizar la seguridad de los usuarios de transporte p\u00fablico, el gobernador mexiquense entreg\u00f3 300 c\u00e1maras de video a los elementos de la Comisi\u00f3n Estatal de Seguridad (CES) que participan en el Plan Tres  (Transporte Estatal Seguro), para evaluar la eficacia y desempe\u00f1o de los polic\u00edas, al aplicarlo con respeto a los derechos humanos. \u2028<\/p>\n","protected":false},"author":3,"featured_media":214521,"comment_status":"open","ping_status":"open","sticky":false,"template":"","format":"standard","meta":{"_monsterinsights_skip_tracking":false,"_monsterinsights_sitenote_active":false,"_monsterinsights_sitenote_note":"","_monsterinsights_sitenote_category":0,"footnotes":""},"categories":[5],"tags":[5828,43675,40415],"class_list":["post-214443","post","type-post","status-publish","format-standard","has-post-thumbnail","hentry","category-estado-de-mexico","tag-eruviel-avila-villegas","tag-estado-de-mexico","tag-transporte-estatal-seguro"],"_links":{"self":[{"href":"https:\/\/www.diarioimagen.net\/index.php?rest_route=\/wp\/v2\/posts\/214443","targetHints":{"allow":["GET"]}}],"collection":[{"href":"https:\/\/www.diarioimagen.net\/index.php?rest_route=\/wp\/v2\/posts"}],"about":[{"href":"https:\/\/www.diarioimagen.net\/index.php?rest_route=\/wp\/v2\/types\/post"}],"author":[{"embeddable":true,"href":"https:\/\/www.diarioimagen.net\/index.php?rest_route=\/wp\/v2\/users\/3"}],"replies":[{"embeddable":true,"href":"https:\/\/www.diarioimagen.net\/index.php?rest_route=%2Fwp%2Fv2%2Fcomments&post=214443"}],"version-history":[{"count":0,"href":"https:\/\/www.diarioimagen.net\/index.php?rest_route=\/wp\/v2\/posts\/214443\/revisions"}],"wp:featuredmedia":[{"embeddable":true,"href":"https:\/\/www.diarioimagen.net\/index.php?rest_route=\/wp\/v2\/media\/214521"}],"wp:attachment":[{"href":"https:\/\/www.diarioimagen.net\/index.php?rest_route=%2Fwp%2Fv2%2Fmedia&parent=214443"}],"wp:term":[{"taxonomy":"category","embeddable":true,"href":"https:\/\/www.diarioimagen.net\/index.php?rest_route=%2Fwp%2Fv2%2Fcategories&post=214443"},{"taxonomy":"post_tag","embeddable":true,"href":"https:\/\/www.diarioimagen.net\/index.php?rest_route=%2Fwp%2Fv2%2Ftags&post=214443"}],"curies":[{"name":"wp","href":"https:\/\/api.w.org\/{rel}","templated":true}]}}