{"id":214500,"date":"2015-04-21T00:05:42","date_gmt":"2015-04-21T05:05:42","guid":{"rendered":"http:\/\/www.diarioimagen.net\/?p=214500"},"modified":"2015-04-21T00:51:57","modified_gmt":"2015-04-21T05:51:57","slug":"tragedia-en-el-mediterraneo","status":"publish","type":"post","link":"https:\/\/www.diarioimagen.net\/?p=214500","title":{"rendered":"Tragedia en el Mediterr\u00e1neo"},"content":{"rendered":"<h2>Punto por punto<\/h2>\n<h5>Augusto Corro<\/h5>\n<p>&nbsp;<\/p>\n<p>En pleno siglo XXI la vida humana es tan despreciada como en la \u00e9poca de las cavernas.<\/p>\n<p>El fin de semana, en el Mediterr\u00e1neo naufrag\u00f3 una embarcaci\u00f3n que transportaba m\u00e1s de 900 migrantes africanos frente a las costas de Libia, con destino a Italia. En el presente a\u00f1o, van m\u00e1s de mil personas que mueren en su intento de cruzar el Mediterr\u00e1neo para llegar a Europa.<\/p>\n<p>Este naufragio no ser\u00e1 el \u00faltimo que ocurra en el mar que divide a Africa de Europa. Las causas que provocan ese tipo de tragedias est\u00e1n presentes y tienden a incrementarse. Por ejemplo, la pobreza y la violencia que generan las guerras son determinantes para que las personas abandonen sus lugares de origen. En la mayor\u00eda de los casos huyen de la muerte que se da en pa\u00edses como Siria o Irak.<\/p>\n<p>\u00bfY c\u00f3mo lo hacen? A trav\u00e9s de medios inseguros: barcazas fr\u00e1giles, lanchas peligrosas, transportes con sobrecupo de personas, etc.<\/p>\n<p>En fin, los pa\u00edses europeos tan celosos del cumplimiento de los derechos humanos, ya demostraron, en muchos casos, que no lo son tanto. Esto se refleja en el n\u00famero de naufragios ocurridos recientemente.<\/p>\n<p>Claro, el problema no es f\u00e1cil de resolver y tampoco es exclusivo de Europa. En varias partes las migraciones que parten de los pa\u00edses del sur hacia el norte, cada vez se intensifican. Sin embargo, poco o nada se hace para evitarlas.<\/p>\n<p>Es tiempo de que los gobiernos implementen medidas globales justas que eviten a los individuos abandonar sus lugares de origen. Acciones que combatan la pobreza, como son las fuentes de empleo, etc. Y acabar con la violencia propiciada por la delincuencia organizada, as\u00ed como brindar una mayor protecci\u00f3n a aquellos que huyen de las guerras.<\/p>\n<p>La comunidad internacional tiene la obligaci\u00f3n de buscar formas de convivencia universal con un profundo respeto a la dignidad y vida humanas.<\/p>\n<p style=\"text-align: center;\"><strong> CAPTURAN CAPOS<\/strong><\/p>\n<p>En los \u00faltimos d\u00edas se intensific\u00f3 la lucha contra la delincuencia organizada, por lo menos as\u00ed se refleja en las capturas de los capos de los c\u00e1rteles de la droga.<\/p>\n<p>El viernes pasado, las autoridades federales detuvieron a Jos\u00e9 Tiburcio Hern\u00e1ndez Fuentes \u201cEl Gafe\u201d, l\u00edder de \u201cLos Metros\u201d, brazo armado del C\u00e1rtel del Golfo.<\/p>\n<p>El hecho provoc\u00f3 una reacci\u00f3n violenta de los integrantes del c\u00e1rtel con el prop\u00f3sito de rescatar a su jefe. Reynosa, Tamaulipas, vivi\u00f3 horas de infierno derivado del enfrentamiento entre los representantes de la ley y los delincuentes.<\/p>\n<p>Se inform\u00f3 que por lo menos tres hampones perecieron.<\/p>\n<p>El domingo se inform\u00f3 de la captura de Jes\u00fas Salas Aguayo \u201cEl Chuy\u00edn\u201d, operador del C\u00e1rtel de Ju\u00e1rez, que sucedi\u00f3 en el cargo a Vicente Carrillo Fuentes.<\/p>\n<p>A simple vista, los dos capos detenidos se pasar\u00e1n el resto de sus vidas en la c\u00e1rcel. Sus atropellos contra la sociedad rebasaron lo imaginable. Cada uno en su zona se encarg\u00f3 de extorsionar, secuestrar, asesinar, etc., a ciudadanos de Tamaulipas y Chihuahua. Tambi\u00e9n se dedicaban al robo de hidrocarburos. Los dos delincuentes controlaban el contrabando de armas y el trasiego de droga en sus respectivas entidades.<\/p>\n<p>Ahora, falta que las autoridades federales busquen la forma de regresar la tranquilidad a Tamaulipas y a Chihuahua. No ser\u00e1 f\u00e1cil, porque conseguir la paz implica erradicar a los c\u00e1rteles de la droga, que se apoderaron de la regi\u00f3n hace varios a\u00f1os, ante la complacencia o convivencia con las autoridades locales.<\/p>\n<p>De ah\u00ed, que no ser\u00e1 suficiente la captura de los capos para que regrese la tranquilidad. Tamaulipas seguir\u00e1 como un estado marcado por la violencia. Por lo menos as\u00ed lo piensa el gobierno de Estados Unidos (EU) que no recomienda a sus ciudadanos visitar la mencionada entidad, donde la lucha entre \u201cLos Zetas\u201d y el C\u00e1rtel del Golfo, es permanente.<\/p>\n<p style=\"text-align: center;\"><strong>PLAYERA NEGRA<\/strong><\/p>\n<p>La semana pasada nos quedamos con la noticia de que la selecci\u00f3n mexicana de futbol utilizar\u00eda un uniforme blanco en su juego contra Brasil, el 7 de junio, d\u00eda de las elecciones intermedias. A esa determinaci\u00f3n se lleg\u00f3 luego de analizar que el uniforme verde del equipo mexicano podr\u00eda influir de alguna manera en la votaci\u00f3n.<\/p>\n<p>Como si no hubiera otros problemas de mayor importancia, el Instituto Nacional Electoral (INE) acord\u00f3, definitivamente, que la playera del seleccionado ser\u00e1 negra. Vaya, vaya.<\/p>\n<p>No ser\u00e1n los colores ni verdes, ni azules, ni naranjas, ni turquesa, etc. Los jugadores lucir\u00e1n las camisetas negras, uno de los colores del perredismo.<\/p>\n<p>En fin, solucionado el asunto de los colores, \u00bfcu\u00e1ndo empezaremos a escuchar los resultados de los debates de los aspirantes a cargos de elecci\u00f3n popular? Ojal\u00e1 y los planteamientos muestren algo de seriedad, porque falta poco para la fecha de las elecciones y los spots poco o nada dicen de los programas de los pol\u00edticos en busca de mejores huesos.<\/p>\n<p><em><a href=\"mailto:aco2742@hotmail.com\" target=\"_blank\">aco2742@hotmail.com<\/a><\/em><\/p>\n","protected":false},"excerpt":{"rendered":"<p><span style=\"color: #005497;\"><strong>Augusto Corro<\/strong><\/span><\/p>\n","protected":false},"author":3,"featured_media":0,"comment_status":"open","ping_status":"open","sticky":false,"template":"","format":"standard","meta":{"_monsterinsights_skip_tracking":false,"_monsterinsights_sitenote_active":false,"_monsterinsights_sitenote_note":"","_monsterinsights_sitenote_category":0,"footnotes":""},"categories":[157],"tags":[43686,43674,11515],"class_list":["post-214500","post","type-post","status-publish","format-standard","hentry","category-augusto-corro","tag-augusto-corro","tag-opinion","tag-punto-por-punto"],"_links":{"self":[{"href":"https:\/\/www.diarioimagen.net\/index.php?rest_route=\/wp\/v2\/posts\/214500","targetHints":{"allow":["GET"]}}],"collection":[{"href":"https:\/\/www.diarioimagen.net\/index.php?rest_route=\/wp\/v2\/posts"}],"about":[{"href":"https:\/\/www.diarioimagen.net\/index.php?rest_route=\/wp\/v2\/types\/post"}],"author":[{"embeddable":true,"href":"https:\/\/www.diarioimagen.net\/index.php?rest_route=\/wp\/v2\/users\/3"}],"replies":[{"embeddable":true,"href":"https:\/\/www.diarioimagen.net\/index.php?rest_route=%2Fwp%2Fv2%2Fcomments&post=214500"}],"version-history":[{"count":0,"href":"https:\/\/www.diarioimagen.net\/index.php?rest_route=\/wp\/v2\/posts\/214500\/revisions"}],"wp:attachment":[{"href":"https:\/\/www.diarioimagen.net\/index.php?rest_route=%2Fwp%2Fv2%2Fmedia&parent=214500"}],"wp:term":[{"taxonomy":"category","embeddable":true,"href":"https:\/\/www.diarioimagen.net\/index.php?rest_route=%2Fwp%2Fv2%2Fcategories&post=214500"},{"taxonomy":"post_tag","embeddable":true,"href":"https:\/\/www.diarioimagen.net\/index.php?rest_route=%2Fwp%2Fv2%2Ftags&post=214500"}],"curies":[{"name":"wp","href":"https:\/\/api.w.org\/{rel}","templated":true}]}}