{"id":214634,"date":"2015-04-22T00:06:49","date_gmt":"2015-04-22T05:06:49","guid":{"rendered":"http:\/\/www.diarioimagen.net\/?p=214634"},"modified":"2015-05-04T04:21:03","modified_gmt":"2015-05-04T09:21:03","slug":"proponen-incrementar-las-penas-para-quienes-quebranten-la-ley","status":"publish","type":"post","link":"https:\/\/www.diarioimagen.net\/?p=214634","title":{"rendered":"Proponen incrementar las penas para quienes quebranten la ley"},"content":{"rendered":"<ul>\n<li><strong><em>Presenta el gobernador tres iniciativas de ley<\/em><\/strong><\/li>\n<\/ul>\n<h6>Redacci\u00f3n<\/h6>\n<p>&nbsp;<\/p>\n<div id=\"attachment_214711\" style=\"width: 250px\" class=\"wp-caption alignleft\"><a href=\"http:\/\/www.diarioimagen.net\/?attachment_id=214711\" rel=\"attachment wp-att-214711\"><img loading=\"lazy\" decoding=\"async\" aria-describedby=\"caption-attachment-214711\" class=\"size-medium wp-image-214711\" src=\"http:\/\/www.diarioimagen.net\/wp-content\/uploads\/2015\/04\/eruviel-2595-240x135.jpg\" alt=\"El gobernador asegur\u00f3 que desde el principio de su administraci\u00f3n se fij\u00f3 el objetivo de sentar y ampliar las bases de una sociedad protegida, ya que la prioridad es dar m\u00e1s tranquilidad a los mexiquenses.\" width=\"240\" height=\"135\" srcset=\"https:\/\/www.diarioimagen.net\/wp-content\/uploads\/2015\/04\/eruviel-2595-240x135.jpg 240w, https:\/\/www.diarioimagen.net\/wp-content\/uploads\/2015\/04\/eruviel-2595-420x236.jpg 420w, https:\/\/www.diarioimagen.net\/wp-content\/uploads\/2015\/04\/eruviel-2595.jpg 480w, https:\/\/www.diarioimagen.net\/wp-content\/uploads\/2015\/04\/eruviel-2595-235x132.jpg 235w, https:\/\/www.diarioimagen.net\/wp-content\/uploads\/2015\/04\/eruviel-2595-202x114.jpg 202w, https:\/\/www.diarioimagen.net\/wp-content\/uploads\/2015\/04\/eruviel-2595-350x196.jpg 350w, https:\/\/www.diarioimagen.net\/wp-content\/uploads\/2015\/04\/eruviel-2595-220x123.jpg 220w, https:\/\/www.diarioimagen.net\/wp-content\/uploads\/2015\/04\/eruviel-2595-237x132.jpg 237w\" sizes=\"auto, (max-width: 240px) 100vw, 240px\" \/><\/a><p id=\"caption-attachment-214711\" class=\"wp-caption-text\">El gobernador asegur\u00f3 que desde el principio de su administraci\u00f3n se fij\u00f3 el objetivo de sentar y ampliar las bases de una sociedad protegida, ya que la prioridad es dar m\u00e1s tranquilidad a los mexiquenses.<\/p><\/div>\n<p>El gobernador del Estado de M\u00e9xico present\u00f3 tres iniciativas de ley con las que se actualiza el marco jur\u00eddico para responder a la realidad social y promover un estado de Derecho, con las que se incrementan las penas a quienes quebranten los sellos impuestos por la autoridad en giros rojos; se aplican sanciones m\u00e1s severas a elementos de seguridad y procuraci\u00f3n de justicia por la p\u00e9rdida o afectaci\u00f3n de bienes, equipo y armas de fuego, y se establecen medidas cautelares distintas a la prisi\u00f3n, con lo que se crea un Centro Estatal de Medidas Cautelares.<\/p>\n<p>\u201cEn el Estado de M\u00e9xico trabajamos para consolidar un estado de Derecho s\u00f3lido, a trav\u00e9s de la constante actualizaci\u00f3n de nuestro marco jur\u00eddico, a efecto de que responda a la realidad social\u201d, afirm\u00f3.<\/p>\n<p>Por ello, detall\u00f3 el contenido de estas iniciativas que se enviaron al Congreso del Estado de M\u00e9xico:<\/p>\n<p>1.- Se reforma el primer p\u00e1rrafo del art\u00edculo 124 y se adiciona el art\u00edculo 124 Bis del C\u00f3digo Penal del Estado de M\u00e9xico, que tiene por objeto establecer los supuestos del tipo penal, relativo al quebrantamiento de sellos impuestos por la autoridad, y aumentar la penalidad en contra de los responsables.<\/p>\n<p>Est\u00e1 dirigida a los giros rojos, ya que del a\u00f1o 2013 a la fecha se han abierto 42 carpetas de investigaci\u00f3n por parte de la Procuradur\u00eda General de Justicia mexiquense, por el da\u00f1o a los sellos de clausura en estos establecimientos.<\/p>\n<p>Actualmente la pena es de 2 a 5 a\u00f1os de prisi\u00f3n y de 30 a 300 d\u00edas multa; con la reforma se impondr\u00eda de 3 a 7 a\u00f1os de prisi\u00f3n y de 100 a 500 d\u00edas multa al que quebrante los sellos o a quienes estando colocados, contin\u00faen con sus actividades; de esta forma se evita que los negocios sigan operando \u201cpor la puerta de atr\u00e1s\u201d.<\/p>\n<p>2.- Iniciativa de decreto por la que se reforma el art\u00edculo 207 de la Ley de Seguridad del Estado de M\u00e9xico, que plantea sanciones contra funcionarios de instituciones de seguridad, procuraci\u00f3n de justicia o personal de instituciones privadas de seguridad, que extrav\u00eden por negligencia o dolosamente da\u00f1en, alteren, sustraigan o entreguen a un tercero, fuera de los casos de revisi\u00f3n o los previstos en las normas aplicable, los bienes, equipos y armas de fuego que les hayan asignado para el ejercicio de sus funciones.<\/p>\n<p>En todos los casos en que la conducta sea dolosa o reincidente, adem\u00e1s de las penas se\u00f1aladas, se impondr\u00e1 la destituci\u00f3n, cese, baja o inhabilitaci\u00f3n, para formar parte de una corporaci\u00f3n de seguridad p\u00fablica.<\/p>\n<p>En este a\u00f1o, la PGJEM ha iniciado 10 carpetas de investigaci\u00f3n por extrav\u00edo o p\u00e9rdida y 27 carpetas por robo, abarcando un total de 60 armas.<\/p>\n<p>El gobierno del Estado de M\u00e9xico y los municipios, hacen una inversi\u00f3n muy grande para equipar a los cuerpos policiales y sus integrantes tienen la obligaci\u00f3n de cuidar al extremo y mantener en buen estado el armamento, material, municiones y equipo que se le asigne por motivo de sus funciones.<\/p>\n<p>Con esta reforma se garantizar\u00e1 que as\u00ed ocurra y, en su caso, si se llegara a detectar a alg\u00fan elemento que negligentemente extrav\u00ede, sustraiga o altere su arma o equipo, ser\u00e1 sujeto a una sanci\u00f3n penal m\u00e1s severa.<\/p>\n<p>3.- Iniciativa de proyecto de decreto por el que se expide la Ley de Vigilancia de Medidas Cautelares y la Suspensi\u00f3n Condicional del Proceso del Estado de M\u00e9xico.\u2028Responde a que actualmente se hace uso indiscriminado de la prisi\u00f3n preventiva, afectando al Sistema de Justicia Penal y al Sistema Penitenciario, los cuales privilegian la presunci\u00f3n de la inocencia.<\/p>\n<p>Ante ello, se hace necesaria la aplicaci\u00f3n de medidas cautelares distintas a la prisi\u00f3n, que aseguren la presencia del imputado en el juicio, en la investigaci\u00f3n, as\u00ed como la protecci\u00f3n de v\u00edctimas, ofendidos y testigos, adem\u00e1s de garantizar la reparaci\u00f3n del da\u00f1o y la ejecuci\u00f3n de sentencia.<\/p>\n<p>Esta iniciativa se al\u00ednea al nuevo C\u00f3digo Nacional de Procedimientos Penales y al nuevo Sistema de Justicia Penal Acusatorio y Oral, para establecer con claridad la forma en la que se ejecutar\u00e1n y vigilar\u00e1n las diversas medidas cautelares y la suspensi\u00f3n condicional del proceso en la entidad.<\/p>\n<p>De aprobarse, se plantea crear el Centro Estatal de Medidas Cautelares, como una unidad administrativa de la Comisi\u00f3n Estatal de Seguridad (CES), con funciones como: recabar la informaci\u00f3n necesaria para que la autoridad judicial defina la medida cautelar id\u00f3nea y proporcional aplicable a cada caso; implementar los mecanismos necesarios para vigilar que el sujeto cumpla con la medida que se le haya impuesto, y vigilar que las condiciones acordadas para la suspensi\u00f3n condicional para un proceso sean cumplidas.<\/p>\n","protected":false},"excerpt":{"rendered":"<p>El gobernador del Estado de M\u00e9xico present\u00f3 tres iniciativas de ley con las que se actualiza el marco jur\u00eddico para responder a la realidad social y promover un estado de Derecho, con las que se incrementan las penas a quienes quebranten los sellos impuestos por la autoridad en giros rojos; se aplican sanciones m\u00e1s severas a elementos de seguridad y procuraci\u00f3n de justicia por la p\u00e9rdida o afectaci\u00f3n de bienes, equipo y armas de fuego, y se establecen medidas cautelares distintas a la prisi\u00f3n, con lo que se crea un Centro Estatal de Medidas Cautelares.\u2028<\/p>\n","protected":false},"author":3,"featured_media":214711,"comment_status":"open","ping_status":"open","sticky":false,"template":"","format":"standard","meta":{"_monsterinsights_skip_tracking":false,"_monsterinsights_sitenote_active":false,"_monsterinsights_sitenote_note":"","_monsterinsights_sitenote_category":0,"footnotes":""},"categories":[5],"tags":[5828,43675,4789],"class_list":["post-214634","post","type-post","status-publish","format-standard","has-post-thumbnail","hentry","category-estado-de-mexico","tag-eruviel-avila-villegas","tag-estado-de-mexico","tag-ley"],"_links":{"self":[{"href":"https:\/\/www.diarioimagen.net\/index.php?rest_route=\/wp\/v2\/posts\/214634","targetHints":{"allow":["GET"]}}],"collection":[{"href":"https:\/\/www.diarioimagen.net\/index.php?rest_route=\/wp\/v2\/posts"}],"about":[{"href":"https:\/\/www.diarioimagen.net\/index.php?rest_route=\/wp\/v2\/types\/post"}],"author":[{"embeddable":true,"href":"https:\/\/www.diarioimagen.net\/index.php?rest_route=\/wp\/v2\/users\/3"}],"replies":[{"embeddable":true,"href":"https:\/\/www.diarioimagen.net\/index.php?rest_route=%2Fwp%2Fv2%2Fcomments&post=214634"}],"version-history":[{"count":0,"href":"https:\/\/www.diarioimagen.net\/index.php?rest_route=\/wp\/v2\/posts\/214634\/revisions"}],"wp:featuredmedia":[{"embeddable":true,"href":"https:\/\/www.diarioimagen.net\/index.php?rest_route=\/wp\/v2\/media\/214711"}],"wp:attachment":[{"href":"https:\/\/www.diarioimagen.net\/index.php?rest_route=%2Fwp%2Fv2%2Fmedia&parent=214634"}],"wp:term":[{"taxonomy":"category","embeddable":true,"href":"https:\/\/www.diarioimagen.net\/index.php?rest_route=%2Fwp%2Fv2%2Fcategories&post=214634"},{"taxonomy":"post_tag","embeddable":true,"href":"https:\/\/www.diarioimagen.net\/index.php?rest_route=%2Fwp%2Fv2%2Ftags&post=214634"}],"curies":[{"name":"wp","href":"https:\/\/api.w.org\/{rel}","templated":true}]}}