{"id":214757,"date":"2015-04-23T00:04:10","date_gmt":"2015-04-23T05:04:10","guid":{"rendered":"http:\/\/www.diarioimagen.net\/?p=214757"},"modified":"2015-04-23T03:09:16","modified_gmt":"2015-04-23T08:09:16","slug":"tras-una-semana-recuperan-fuente-radiactiva-extraviada-en-tabasco","status":"publish","type":"post","link":"https:\/\/www.diarioimagen.net\/?p=214757","title":{"rendered":"Tras una semana recuperan fuente radiactiva extraviada"},"content":{"rendered":"<ul>\n<li><strong><em>La c\u00e1psula de iridio fue sustra\u00edda el 13 de abril<\/em><\/strong><\/li>\n<\/ul>\n<div id=\"attachment_214758\" style=\"width: 250px\" class=\"wp-caption alignleft\"><img loading=\"lazy\" decoding=\"async\" aria-describedby=\"caption-attachment-214758\" class=\"wp-image-214758 size-medium\" src=\"http:\/\/www.diarioimagen.net\/wp-content\/uploads\/2015\/04\/IRIDIO-portal-240x135.jpg\" alt=\"La p\u00e9rdida del material gener\u00f3 una alerta por parte de la Coordinaci\u00f3n Nacional de Protecci\u00f3n Civil de la Secretar\u00eda de Gobernaci\u00f3n en cinco estados.\" width=\"240\" height=\"135\" srcset=\"https:\/\/www.diarioimagen.net\/wp-content\/uploads\/2015\/04\/IRIDIO-portal-240x135.jpg 240w, https:\/\/www.diarioimagen.net\/wp-content\/uploads\/2015\/04\/IRIDIO-portal-420x236.jpg 420w, https:\/\/www.diarioimagen.net\/wp-content\/uploads\/2015\/04\/IRIDIO-portal.jpg 480w, https:\/\/www.diarioimagen.net\/wp-content\/uploads\/2015\/04\/IRIDIO-portal-235x132.jpg 235w, https:\/\/www.diarioimagen.net\/wp-content\/uploads\/2015\/04\/IRIDIO-portal-202x114.jpg 202w, https:\/\/www.diarioimagen.net\/wp-content\/uploads\/2015\/04\/IRIDIO-portal-350x196.jpg 350w, https:\/\/www.diarioimagen.net\/wp-content\/uploads\/2015\/04\/IRIDIO-portal-220x123.jpg 220w, https:\/\/www.diarioimagen.net\/wp-content\/uploads\/2015\/04\/IRIDIO-portal-237x132.jpg 237w\" sizes=\"auto, (max-width: 240px) 100vw, 240px\" \/><p id=\"caption-attachment-214758\" class=\"wp-caption-text\">La p\u00e9rdida del material gener\u00f3 una alerta por parte de la Coordinaci\u00f3n Nacional de Protecci\u00f3n Civil de la Secretar\u00eda de Gobernaci\u00f3n en cinco estados.<\/p><\/div>\n<p>Este mi\u00e9rcoles fue recuperada la c\u00e1psula de iridio 192, robada en el municipio de C\u00e1rdenas el pasado 13 de abril, dio a conocer el gobierno del estado.<\/p>\n<p>A trav\u00e9s de su cuenta de twitter, @Gobierno_Tab, la Coordinaci\u00f3n de Comunicaci\u00f3n Social del Estado se\u00f1al\u00f3 que el material radiactivo ya se encuentra bajo resguardo de la Secretaria de Seguridad P\u00fablica de Tabasco.<\/p>\n<p>Adem\u00e1s, dio a conocer que el contenedor se encontr\u00f3 abandonado bajo un puente, sin especificar el lugar ni la localidad en donde se ubic\u00f3.<\/p>\n<p>Asimismo, en su cuenta personal, @nunezarturo, el gobernador Arturo N\u00fa\u00f1ez Jim\u00e9nez report\u00f3 el hallazgo de la c\u00e1psula \u00abpara tranquilidad de todos\u00bb.<\/p>\n<p>El pasado 13 de abril, en el municipio de C\u00e1rdenas, al occidente del estado, fue sustra\u00edda la c\u00e1psula de una unidad que la transportaba cuando el conductor se baj\u00f3 a cenar.<\/p>\n<p>La p\u00e9rdida del material gener\u00f3 una alerta por parte de la Coordinaci\u00f3n Nacional de Protecci\u00f3n Civil de la Secretar\u00eda de Gobernaci\u00f3n en los estados de Tabasco, Campeche, Chiapas, Oaxaca y Veracruz. El material radiactivo que ya fue encontrado se utiliza en la pr\u00e1ctica de la radiograf\u00eda industrial m\u00f3vil.<\/p>\n","protected":false},"excerpt":{"rendered":"<p>Este mi\u00e9rcoles fue recuperada la c\u00e1psula de iridio 192, robada en el municipio de C\u00e1rdenas el pasado 13 de abril, dio a conocer el gobierno del estado.<\/p>\n","protected":false},"author":5,"featured_media":214758,"comment_status":"open","ping_status":"open","sticky":false,"template":"","format":"standard","meta":{"_monsterinsights_skip_tracking":false,"_monsterinsights_sitenote_active":false,"_monsterinsights_sitenote_note":"","_monsterinsights_sitenote_category":0,"footnotes":""},"categories":[7],"tags":[442,43677],"class_list":["post-214757","post","type-post","status-publish","format-standard","has-post-thumbnail","hentry","category-seguridad","tag-secretaria-de-gobernacion","tag-seguridad"],"_links":{"self":[{"href":"https:\/\/www.diarioimagen.net\/index.php?rest_route=\/wp\/v2\/posts\/214757","targetHints":{"allow":["GET"]}}],"collection":[{"href":"https:\/\/www.diarioimagen.net\/index.php?rest_route=\/wp\/v2\/posts"}],"about":[{"href":"https:\/\/www.diarioimagen.net\/index.php?rest_route=\/wp\/v2\/types\/post"}],"author":[{"embeddable":true,"href":"https:\/\/www.diarioimagen.net\/index.php?rest_route=\/wp\/v2\/users\/5"}],"replies":[{"embeddable":true,"href":"https:\/\/www.diarioimagen.net\/index.php?rest_route=%2Fwp%2Fv2%2Fcomments&post=214757"}],"version-history":[{"count":0,"href":"https:\/\/www.diarioimagen.net\/index.php?rest_route=\/wp\/v2\/posts\/214757\/revisions"}],"wp:featuredmedia":[{"embeddable":true,"href":"https:\/\/www.diarioimagen.net\/index.php?rest_route=\/wp\/v2\/media\/214758"}],"wp:attachment":[{"href":"https:\/\/www.diarioimagen.net\/index.php?rest_route=%2Fwp%2Fv2%2Fmedia&parent=214757"}],"wp:term":[{"taxonomy":"category","embeddable":true,"href":"https:\/\/www.diarioimagen.net\/index.php?rest_route=%2Fwp%2Fv2%2Fcategories&post=214757"},{"taxonomy":"post_tag","embeddable":true,"href":"https:\/\/www.diarioimagen.net\/index.php?rest_route=%2Fwp%2Fv2%2Ftags&post=214757"}],"curies":[{"name":"wp","href":"https:\/\/api.w.org\/{rel}","templated":true}]}}