{"id":214786,"date":"2015-04-23T00:06:16","date_gmt":"2015-04-23T05:06:16","guid":{"rendered":"http:\/\/www.diarioimagen.net\/?p=214786"},"modified":"2015-04-24T07:22:02","modified_gmt":"2015-04-24T12:22:02","slug":"hay-que-llevar-a-buen-puerto-las-reformas-gobernador-de%e2%80%88edomex","status":"publish","type":"post","link":"https:\/\/www.diarioimagen.net\/?p=214786","title":{"rendered":"Hay que llevar a buen puerto las reformas: gobernador de\u2008Edomex"},"content":{"rendered":"<ul>\n<li><strong><em>Reconocimiento a la Fuerza A\u00e9rea y al\u2008Ej\u00e9rcito mexicanos; \u201cson las instituciones que mayor confianza generan entre la poblaci\u00f3n\u201d<br \/>\n<\/em><\/strong><\/li>\n<\/ul>\n<h6>Redacci\u00f3n<\/h6>\n<p>&nbsp;<\/p>\n<div id=\"attachment_214860\" style=\"width: 250px\" class=\"wp-caption alignleft\"><a href=\"http:\/\/www.diarioimagen.net\/?attachment_id=214860\"><img loading=\"lazy\" decoding=\"async\" aria-describedby=\"caption-attachment-214860\" class=\"wp-image-214860 size-medium\" src=\"http:\/\/www.diarioimagen.net\/wp-content\/uploads\/2015\/04\/epn-2596-240x135.jpg\" alt=\"El Presidente de M\u00e9xico y el gobernador del Edomex inauguraron la Primera Feria Aeroespacial 2015, que se realiza en la Base A\u00e9rea Militar n\u00famero 1 de Santa Luc\u00eda. El Ejecutivo federal dijo que en un esfuerzo in\u00e9dito se dotar\u00e1 a las fuerzas armadas con aeronaves de \u00faltima generaci\u00f3n para que as\u00ed puedan hacer frente a su responsabilidad de servir y proteger a los mexicanos.\" width=\"240\" height=\"135\" srcset=\"https:\/\/www.diarioimagen.net\/wp-content\/uploads\/2015\/04\/epn-2596-240x135.jpg 240w, https:\/\/www.diarioimagen.net\/wp-content\/uploads\/2015\/04\/epn-2596-420x236.jpg 420w, https:\/\/www.diarioimagen.net\/wp-content\/uploads\/2015\/04\/epn-2596.jpg 480w, https:\/\/www.diarioimagen.net\/wp-content\/uploads\/2015\/04\/epn-2596-235x132.jpg 235w, https:\/\/www.diarioimagen.net\/wp-content\/uploads\/2015\/04\/epn-2596-202x114.jpg 202w, https:\/\/www.diarioimagen.net\/wp-content\/uploads\/2015\/04\/epn-2596-350x196.jpg 350w, https:\/\/www.diarioimagen.net\/wp-content\/uploads\/2015\/04\/epn-2596-220x123.jpg 220w, https:\/\/www.diarioimagen.net\/wp-content\/uploads\/2015\/04\/epn-2596-237x132.jpg 237w\" sizes=\"auto, (max-width: 240px) 100vw, 240px\" \/><\/a><p id=\"caption-attachment-214860\" class=\"wp-caption-text\">El Presidente de M\u00e9xico y\u00a0el gobernador del Edomex\u00a0inauguraron la Primera Feria Aeroespacial 2015, que se realiza en la Base A\u00e9rea Militar n\u00famero 1\u00a0de Santa Luc\u00eda. El Ejecutivo federal dijo que en un esfuerzo in\u00e9dito se\u00a0dotar\u00e1 a las fuerzas armadas con aeronaves de \u00faltima generaci\u00f3n para\u00a0que as\u00ed puedan hacer frente a su responsabilidad de servir y proteger a los mexicanos.<\/p><\/div>\n<p>Al acompa\u00f1ar al Presidente en la inauguraci\u00f3n de la Feria Aeroespacial M\u00e9xico 2015, el gobernador del Estado de M\u00e9xico sostuvo que gracias a las reformas transformadoras impulsadas por el Ejecutivo federal, M\u00e9xico est\u00e1 saliendo adelante y ahora toca a todos los gobernantes hacer la parte que les corresponde para llegar a buen puerto y aterrizar con \u00e9xito para que las familias mexicanas escriban su propia historia de \u00e9xito.<\/p>\n<p>\u201cHoy hemos tenido un despegue exitoso, tomamos muy buen vuelo; a veces con algunas turbulencias, pero gracias a la destreza del piloto principal, de nuestro presidente Enrique Pe\u00f1a Nieto, estamos saliendo adelante\u201d, expres\u00f3<\/p>\n<p>En presencia de miembros del gabinete presidencial, funcionarios estatales, legisladores y representantes diplom\u00e1ticos de diversos pa\u00edses, el gobernador mexiquense destac\u00f3 la celebraci\u00f3n de este magno encuentro por primera vez en nuestro pa\u00eds y teniendo como sede al Estado de M\u00e9xico y a la Base A\u00e9rea de Santa Luc\u00eda.<\/p>\n<p>Hizo un reconocimiento a la Fuerza A\u00e9rea Mexicana que desde hace un siglo protege desde el cielo, la tierra y mares nacionales, porque son soldados del aire ampliamente capacitados y comprometidos con el pueblo.<\/p>\n<p>\u201cLa Fuerza A\u00e9rea Mexicana, el Ej\u00e9rcito Mexicano y la Marina Armada de M\u00e9xico, son las instituciones que mayor confianza generan en los mexicanos, por eso hoy, es oportuno expresarles nuestra gratitud y nuestro reconocimiento\u201d, mencion\u00f3 ante el secretario de la Defensa Nacional, y el secretario de Marina.<\/p>\n<p>Manifest\u00f3 que para el Estado de M\u00e9xico es un honor que esta feria aeroespacial permita promocionar a nivel nacional e internacional la aeron\u00e1utica mexicana y que la entidad sea sede de este espacio global para el intercambio comercial entre proveedores y representantes de la industria de la aviaci\u00f3n en todas sus ramas.<\/p>\n<p>Frente a los gobernadores de Baja California, Quer\u00e9taro, Chihuahua y Tlaxcala, el gobernador del Estado de M\u00e9xico asegur\u00f3 que con esta feria se demuestra que M\u00e9xico se est\u00e1 moviendo.<\/p>\n<p>La feria durar\u00e1 hasta el s\u00e1bado 25 y cerrar\u00e1 con una exhibici\u00f3n a\u00e9rea gratuita, cuenta con la participaci\u00f3n de 205 empresas nacionales e internacionales, 19 instituciones educativas, expositores de 10 pa\u00edses y representantes de 16 delegaciones extranjeras.<\/p>\n","protected":false},"excerpt":{"rendered":"<p>Al acompa\u00f1ar al Presidente en la inauguraci\u00f3n de la Feria Aeroespacial M\u00e9xico 2015, el gobernador del Estado de M\u00e9xico sostuvo que gracias a las reformas transformadoras impulsadas por el Ejecutivo federal, M\u00e9xico est\u00e1 saliendo adelante y ahora toca a todos los gobernantes hacer la parte que les corresponde para llegar a buen puerto y aterrizar con \u00e9xito para que las familias mexicanas escriban su propia historia de \u00e9xito.<\/p>\n","protected":false},"author":3,"featured_media":214860,"comment_status":"open","ping_status":"open","sticky":false,"template":"","format":"standard","meta":{"_monsterinsights_skip_tracking":false,"_monsterinsights_sitenote_active":false,"_monsterinsights_sitenote_note":"","_monsterinsights_sitenote_category":0,"footnotes":""},"categories":[5],"tags":[68,5828,43675,18768],"class_list":["post-214786","post","type-post","status-publish","format-standard","has-post-thumbnail","hentry","category-estado-de-mexico","tag-edomex","tag-eruviel-avila-villegas","tag-estado-de-mexico","tag-reformas"],"_links":{"self":[{"href":"https:\/\/www.diarioimagen.net\/index.php?rest_route=\/wp\/v2\/posts\/214786","targetHints":{"allow":["GET"]}}],"collection":[{"href":"https:\/\/www.diarioimagen.net\/index.php?rest_route=\/wp\/v2\/posts"}],"about":[{"href":"https:\/\/www.diarioimagen.net\/index.php?rest_route=\/wp\/v2\/types\/post"}],"author":[{"embeddable":true,"href":"https:\/\/www.diarioimagen.net\/index.php?rest_route=\/wp\/v2\/users\/3"}],"replies":[{"embeddable":true,"href":"https:\/\/www.diarioimagen.net\/index.php?rest_route=%2Fwp%2Fv2%2Fcomments&post=214786"}],"version-history":[{"count":0,"href":"https:\/\/www.diarioimagen.net\/index.php?rest_route=\/wp\/v2\/posts\/214786\/revisions"}],"wp:featuredmedia":[{"embeddable":true,"href":"https:\/\/www.diarioimagen.net\/index.php?rest_route=\/wp\/v2\/media\/214860"}],"wp:attachment":[{"href":"https:\/\/www.diarioimagen.net\/index.php?rest_route=%2Fwp%2Fv2%2Fmedia&parent=214786"}],"wp:term":[{"taxonomy":"category","embeddable":true,"href":"https:\/\/www.diarioimagen.net\/index.php?rest_route=%2Fwp%2Fv2%2Fcategories&post=214786"},{"taxonomy":"post_tag","embeddable":true,"href":"https:\/\/www.diarioimagen.net\/index.php?rest_route=%2Fwp%2Fv2%2Ftags&post=214786"}],"curies":[{"name":"wp","href":"https:\/\/api.w.org\/{rel}","templated":true}]}}