{"id":215771,"date":"2015-04-30T00:04:07","date_gmt":"2015-04-30T05:04:07","guid":{"rendered":"http:\/\/www.diarioimagen.net\/?p=215771"},"modified":"2015-04-30T07:39:43","modified_gmt":"2015-04-30T12:39:43","slug":"uso-excesivo-de-la-pena-de-prision-dicen-especialistas","status":"publish","type":"post","link":"https:\/\/www.diarioimagen.net\/?p=215771","title":{"rendered":"Uso excesivo de la pena de prisi\u00f3n, dicen especialistas"},"content":{"rendered":"<ul>\n<li><strong><em>Proponen incluir castigos alternativas para delitos menores<\/em><\/strong><\/li>\n<\/ul>\n<div id=\"attachment_215827\" style=\"width: 250px\" class=\"wp-caption alignleft\"><a href=\"http:\/\/www.diarioimagen.net\/wp-content\/uploads\/2015\/04\/DELITOS-2601.jpg\"><img loading=\"lazy\" decoding=\"async\" aria-describedby=\"caption-attachment-215827\" class=\"size-medium wp-image-215827\" src=\"http:\/\/www.diarioimagen.net\/wp-content\/uploads\/2015\/04\/DELITOS-2601-240x135.jpg\" alt=\"Penas alternativas para delitos menores aliviar\u00eda la situaci\u00f3n de los 260 mil reos en las 423 c\u00e1rceles que hay en el pa\u00eds.\" width=\"240\" height=\"135\" srcset=\"https:\/\/www.diarioimagen.net\/wp-content\/uploads\/2015\/04\/DELITOS-2601-240x135.jpg 240w, https:\/\/www.diarioimagen.net\/wp-content\/uploads\/2015\/04\/DELITOS-2601-420x236.jpg 420w, https:\/\/www.diarioimagen.net\/wp-content\/uploads\/2015\/04\/DELITOS-2601-235x132.jpg 235w, https:\/\/www.diarioimagen.net\/wp-content\/uploads\/2015\/04\/DELITOS-2601-202x114.jpg 202w, https:\/\/www.diarioimagen.net\/wp-content\/uploads\/2015\/04\/DELITOS-2601-350x196.jpg 350w, https:\/\/www.diarioimagen.net\/wp-content\/uploads\/2015\/04\/DELITOS-2601-220x123.jpg 220w, https:\/\/www.diarioimagen.net\/wp-content\/uploads\/2015\/04\/DELITOS-2601-237x132.jpg 237w, https:\/\/www.diarioimagen.net\/wp-content\/uploads\/2015\/04\/DELITOS-2601.jpg 480w\" sizes=\"auto, (max-width: 240px) 100vw, 240px\" \/><\/a><p id=\"caption-attachment-215827\" class=\"wp-caption-text\">Penas alternativas para delitos menores aliviar\u00eda la situaci\u00f3n de los 260 mil reos en las 423 c\u00e1rceles que hay en el pa\u00eds.<\/p><\/div>\n<p>La legislaci\u00f3n mexicana debe incorporar penas alternativas al encarcelamiento para aquellos acusados de delitos menores, a fin de aliviar la situaci\u00f3n de los 260 mil reos en las 423 c\u00e1rceles que hay en el pa\u00eds, plante\u00f3 la investigadora Elena Azaola.<\/p>\n<p>Adem\u00e1s, es necesario reducir el uso excesivo y desproporcionado de la pena de prisi\u00f3n, as\u00ed como el abuso de la prisi\u00f3n preventiva, dijo la experta del Centro de Investigaciones y Estudios Superior en Antropolog\u00eda Social (CIESAS) en conferencia de prensa.<\/p>\n<p>En el marco de la presentaci\u00f3n del estudio \u201cSituaci\u00f3n de la prisiones en Am\u00e9rica Latina\u201d, mencion\u00f3 que se ha incrementado de forma acelerada la poblaci\u00f3n penitenciaria en M\u00e9xico y Am\u00e9rica Latina por el endurecimiento de la pena, falta de medidas alternativas, duraci\u00f3n de los procesos judiciales y abuso de la prisi\u00f3n preventiva.<\/p>\n<p>Para ejemplificar el problema de las c\u00e1rceles saturadas Azaola Garrido se\u00f1al\u00f3 que M\u00e9xico ocupa el sexto lugar a nivel mundial y en Am\u00e9rica Latina con una poblaci\u00f3n de 260 mil reos de los cuales \u00fanicamente 51 por ciento de ellos han sido sentenciados.<\/p>\n<p>\u201cEl 81 por ciento del total en M\u00e9xico de los reos existentes cometieron delitos del fuero com\u00fan, es decir 208 mil de ellos y solamente el 19 por ciento, alrededor de 49 mil 400 personas cometieron delitos del fuero federal, la situaci\u00f3n es similar en Am\u00e9rica Latina \u201d, indic\u00f3.<\/p>\n<p>En conferencia de prensa, la especialista sostuvo que del total de los internos en centros federales, s\u00f3lo 25 por ciento participan en actividades laborales. Resalt\u00f3 que los centros penitenciarios federales de alta seguridad suman 21 y cuatro m\u00e1s se encuentran en construcci\u00f3n, adem\u00e1s el 65 por ciento de las prisiones en M\u00e9xico padecen autogobierno.<\/p>\n<p>Ante esta situaci\u00f3n, la investigadora reiter\u00f3 que es necesario asegurar la proporcionalidad en las penas diferenciando entre narcotr\u00e1fico y otros delitos relacionados con drogas.<\/p>\n<p>Asimismo, delitos violentos y no violentos y dise\u00f1ar un sistema penitenciario con normas, procedimientos, est\u00e1ndares, protocolos y programas de atenci\u00f3n homog\u00e9neos en todo el pa\u00eds.<\/p>\n<p>En la presentaci\u00f3n del estudio, tambi\u00e9n estuvo Agust\u00edn Escobar, director general del CIESAS, quien refiri\u00f3 que de los 260 mil reos que existen en el pa\u00eds 95 por ciento de ellos son hombres y cinco por ciento restante mujeres y que 132 mil 613 cuentan con una sentencia.<\/p>\n<p>&nbsp;<\/p>\n","protected":false},"excerpt":{"rendered":"<p>La legislaci\u00f3n mexicana debe incorporar penas alternativas al encarcelamiento para aquellos acusados de delitos menores, a fin de aliviar la situaci\u00f3n de los 260 mil reos en las 423 c\u00e1rceles que hay en el pa\u00eds, plante\u00f3 la investigadora Elena Azaola.<\/p>\n","protected":false},"author":3,"featured_media":215827,"comment_status":"open","ping_status":"open","sticky":false,"template":"","format":"standard","meta":{"_monsterinsights_skip_tracking":false,"_monsterinsights_sitenote_active":false,"_monsterinsights_sitenote_note":"","_monsterinsights_sitenote_category":0,"footnotes":""},"categories":[7],"tags":[11201,43677],"class_list":["post-215771","post","type-post","status-publish","format-standard","has-post-thumbnail","hentry","category-seguridad","tag-prision","tag-seguridad"],"_links":{"self":[{"href":"https:\/\/www.diarioimagen.net\/index.php?rest_route=\/wp\/v2\/posts\/215771","targetHints":{"allow":["GET"]}}],"collection":[{"href":"https:\/\/www.diarioimagen.net\/index.php?rest_route=\/wp\/v2\/posts"}],"about":[{"href":"https:\/\/www.diarioimagen.net\/index.php?rest_route=\/wp\/v2\/types\/post"}],"author":[{"embeddable":true,"href":"https:\/\/www.diarioimagen.net\/index.php?rest_route=\/wp\/v2\/users\/3"}],"replies":[{"embeddable":true,"href":"https:\/\/www.diarioimagen.net\/index.php?rest_route=%2Fwp%2Fv2%2Fcomments&post=215771"}],"version-history":[{"count":0,"href":"https:\/\/www.diarioimagen.net\/index.php?rest_route=\/wp\/v2\/posts\/215771\/revisions"}],"wp:featuredmedia":[{"embeddable":true,"href":"https:\/\/www.diarioimagen.net\/index.php?rest_route=\/wp\/v2\/media\/215827"}],"wp:attachment":[{"href":"https:\/\/www.diarioimagen.net\/index.php?rest_route=%2Fwp%2Fv2%2Fmedia&parent=215771"}],"wp:term":[{"taxonomy":"category","embeddable":true,"href":"https:\/\/www.diarioimagen.net\/index.php?rest_route=%2Fwp%2Fv2%2Fcategories&post=215771"},{"taxonomy":"post_tag","embeddable":true,"href":"https:\/\/www.diarioimagen.net\/index.php?rest_route=%2Fwp%2Fv2%2Ftags&post=215771"}],"curies":[{"name":"wp","href":"https:\/\/api.w.org\/{rel}","templated":true}]}}