{"id":216036,"date":"2015-05-05T00:09:15","date_gmt":"2015-05-05T05:09:15","guid":{"rendered":"http:\/\/www.diarioimagen.net\/?p=216036"},"modified":"2015-05-05T01:29:34","modified_gmt":"2015-05-05T06:29:34","slug":"alcance-de-dos-trenes-en-la-estacion-del-metro-oceania","status":"publish","type":"post","link":"https:\/\/www.diarioimagen.net\/?p=216036","title":{"rendered":"Alcance de dos trenes en la estaci\u00f3n del Metro Ocean\u00eda"},"content":{"rendered":"<div id=\"attachment_216037\" style=\"width: 250px\" class=\"wp-caption alignleft\"><img loading=\"lazy\" decoding=\"async\" aria-describedby=\"caption-attachment-216037\" class=\"size-medium wp-image-216037\" src=\"http:\/\/www.diarioimagen.net\/wp-content\/uploads\/2015\/05\/METRO-portal-240x135.jpg\" alt=\"El percance ocurri\u00f3 a las 18:00 horas cuando el tren circulaba en direcci\u00f3n Polit\u00e9cnico.\" width=\"240\" height=\"135\" srcset=\"https:\/\/www.diarioimagen.net\/wp-content\/uploads\/2015\/05\/METRO-portal-240x135.jpg 240w, https:\/\/www.diarioimagen.net\/wp-content\/uploads\/2015\/05\/METRO-portal-420x236.jpg 420w, https:\/\/www.diarioimagen.net\/wp-content\/uploads\/2015\/05\/METRO-portal-235x132.jpg 235w, https:\/\/www.diarioimagen.net\/wp-content\/uploads\/2015\/05\/METRO-portal-202x114.jpg 202w, https:\/\/www.diarioimagen.net\/wp-content\/uploads\/2015\/05\/METRO-portal-350x196.jpg 350w, https:\/\/www.diarioimagen.net\/wp-content\/uploads\/2015\/05\/METRO-portal-220x123.jpg 220w, https:\/\/www.diarioimagen.net\/wp-content\/uploads\/2015\/05\/METRO-portal-237x132.jpg 237w, https:\/\/www.diarioimagen.net\/wp-content\/uploads\/2015\/05\/METRO-portal.jpg 480w\" sizes=\"auto, (max-width: 240px) 100vw, 240px\" \/><p id=\"caption-attachment-216037\" class=\"wp-caption-text\">El percance ocurri\u00f3 a las 18:00 horas cuando el tren circulaba en direcci\u00f3n Polit\u00e9cnico.<\/p><\/div>\n<p>El jefe Gobierno del Distrito Federal, Miguel \u00c1ngel Mancera, inform\u00f3 que en la tarde de este lunes se registr\u00f3 un alcance de dos trenes en la estaci\u00f3n del Metro Ocean\u00eda.<\/p>\n<p>A trav\u00e9s de su cuenta de Twitter @ManceraMiguelMX, el funcionario se\u00f1al\u00f3: \u201c@MetroCDMX de un alcance de dos trenes en la estaci\u00f3n del metro Ocean\u00eda, cuerpos de emergencia trabajan en el lugar #mm\u201d.<\/p>\n<p>Mientras el Sistema de Transporte Colectivo Metro inform\u00f3 que estaba suspendido el servicios en esa estaci\u00f3n y que personal de Protecci\u00f3n Civil ya trabaja en el lugar.<\/p>\n<p>El director general del Heroico Cuerpo de Bomberos del DF, Ra\u00fal Esquivel, report\u00f3 seis heridos por este percance.<\/p>\n<p>En entrevista televisiva, el funcionario inform\u00f3 que tras este accidente no se reportaron p\u00e9rdidas de vida.<\/p>\n<p>Dijo que los lesionados presentan heridas de menor grado y que hay varias personas que sufrieron crisis nerviosa.<\/p>\n<p>Por su parte, la Cruz Roja Mexicana inform\u00f3 de tres heridos leves.<\/p>\n","protected":false},"excerpt":{"rendered":"<p>El jefe Gobierno del Distrito Federal, Miguel \u00c1ngel Mancera, inform\u00f3 que en la tarde de este lunes se registr\u00f3 un alcance de dos trenes en la estaci\u00f3n del Metro Ocean\u00eda.<\/p>\n","protected":false},"author":5,"featured_media":216037,"comment_status":"open","ping_status":"open","sticky":false,"template":"","format":"standard","meta":{"_monsterinsights_skip_tracking":false,"_monsterinsights_sitenote_active":false,"_monsterinsights_sitenote_note":"","_monsterinsights_sitenote_category":0,"footnotes":""},"categories":[6],"tags":[704,57],"class_list":["post-216036","post","type-post","status-publish","format-standard","has-post-thumbnail","hentry","category-cd-de-mexico","tag-cruz-roja-mexicana","tag-proteccion-civil"],"_links":{"self":[{"href":"https:\/\/www.diarioimagen.net\/index.php?rest_route=\/wp\/v2\/posts\/216036","targetHints":{"allow":["GET"]}}],"collection":[{"href":"https:\/\/www.diarioimagen.net\/index.php?rest_route=\/wp\/v2\/posts"}],"about":[{"href":"https:\/\/www.diarioimagen.net\/index.php?rest_route=\/wp\/v2\/types\/post"}],"author":[{"embeddable":true,"href":"https:\/\/www.diarioimagen.net\/index.php?rest_route=\/wp\/v2\/users\/5"}],"replies":[{"embeddable":true,"href":"https:\/\/www.diarioimagen.net\/index.php?rest_route=%2Fwp%2Fv2%2Fcomments&post=216036"}],"version-history":[{"count":0,"href":"https:\/\/www.diarioimagen.net\/index.php?rest_route=\/wp\/v2\/posts\/216036\/revisions"}],"wp:featuredmedia":[{"embeddable":true,"href":"https:\/\/www.diarioimagen.net\/index.php?rest_route=\/wp\/v2\/media\/216037"}],"wp:attachment":[{"href":"https:\/\/www.diarioimagen.net\/index.php?rest_route=%2Fwp%2Fv2%2Fmedia&parent=216036"}],"wp:term":[{"taxonomy":"category","embeddable":true,"href":"https:\/\/www.diarioimagen.net\/index.php?rest_route=%2Fwp%2Fv2%2Fcategories&post=216036"},{"taxonomy":"post_tag","embeddable":true,"href":"https:\/\/www.diarioimagen.net\/index.php?rest_route=%2Fwp%2Fv2%2Ftags&post=216036"}],"curies":[{"name":"wp","href":"https:\/\/api.w.org\/{rel}","templated":true}]}}