{"id":216079,"date":"2015-05-05T00:13:38","date_gmt":"2015-05-05T05:13:38","guid":{"rendered":"http:\/\/www.diarioimagen.net\/?p=216079"},"modified":"2015-05-12T23:14:31","modified_gmt":"2015-05-13T04:14:31","slug":"impulso-al-desarrollo-economico","status":"publish","type":"post","link":"https:\/\/www.diarioimagen.net\/?p=216079","title":{"rendered":"Impulso al desarrollo econ\u00f3mico"},"content":{"rendered":"<h2>Arco Norte<\/h2>\n<h5>Jos\u00e9 Luis Monta\u00f1ez Aguilar<\/h5>\n<p>&nbsp;<\/p>\n<div id=\"attachment_216144\" style=\"width: 250px\" class=\"wp-caption alignleft\"><a href=\"http:\/\/www.diarioimagen.net\/?attachment_id=216144\" rel=\"attachment wp-att-216144\"><img loading=\"lazy\" decoding=\"async\" aria-describedby=\"caption-attachment-216144\" class=\"size-medium wp-image-216144\" src=\"http:\/\/www.diarioimagen.net\/wp-content\/uploads\/2015\/05\/arco-2603-240x135.jpg\" alt=\"Tercera Planta de Hitachi.\" width=\"240\" height=\"135\" srcset=\"https:\/\/www.diarioimagen.net\/wp-content\/uploads\/2015\/05\/arco-2603-240x135.jpg 240w, https:\/\/www.diarioimagen.net\/wp-content\/uploads\/2015\/05\/arco-2603-420x236.jpg 420w, https:\/\/www.diarioimagen.net\/wp-content\/uploads\/2015\/05\/arco-2603-235x132.jpg 235w, https:\/\/www.diarioimagen.net\/wp-content\/uploads\/2015\/05\/arco-2603-202x114.jpg 202w, https:\/\/www.diarioimagen.net\/wp-content\/uploads\/2015\/05\/arco-2603-350x196.jpg 350w, https:\/\/www.diarioimagen.net\/wp-content\/uploads\/2015\/05\/arco-2603-220x123.jpg 220w, https:\/\/www.diarioimagen.net\/wp-content\/uploads\/2015\/05\/arco-2603-237x132.jpg 237w, https:\/\/www.diarioimagen.net\/wp-content\/uploads\/2015\/05\/arco-2603.jpg 480w\" sizes=\"auto, (max-width: 240px) 100vw, 240px\" \/><\/a><p id=\"caption-attachment-216144\" class=\"wp-caption-text\">Tercera Planta de Hitachi.<\/p><\/div>\n<p>Al inaugurar la planta 3 Hitachi Automotive Systems M\u00e9xico S.A. de C.V., el gobernador del Estado de M\u00e9xico asegur\u00f3 que gracias a las reformas estructurales impulsadas por la federaci\u00f3n se acelera el desarrollo econ\u00f3mico de la entidad y del pa\u00eds, por lo que garantiz\u00f3 que su administraci\u00f3n seguir\u00e1 propiciando acciones que fomentan la atracci\u00f3n de m\u00e1s inversiones y con ello incrementar la competitividad en la entidad.\u00a0 Afirm\u00f3 que \u201ccon las reformas que el presidente Pe\u00f1a Nieto ha impulsado, con el trabajo de las empresas globales, serias, responsables, con compromiso social, como lo es Hitachi Automotive Systems, con la colaboraci\u00f3n de nuestros compa\u00f1eros trabajadores, mano de obra experta, profesional y con la aportaci\u00f3n que hagamos los gobiernos, estoy cierto que M\u00e9xico y el Estado de M\u00e9xico seguir\u00e1n creciendo, porque est\u00e1n las condiciones dadas para que nuestro pa\u00eds vaya por el camino correcto, vaya en el camino del progreso, de la inversi\u00f3n, del crecimiento econ\u00f3mico\u201d. En esta planta, ubicada en la colonia El Cerrillo, en Lerma, y que requiri\u00f3 una inversi\u00f3n de 85 millones de d\u00f3lares, el gobernador afirm\u00f3 que la expansi\u00f3n de esta empresa en la zona industrial de dicho municipio, demuestra que el Estado de M\u00e9xico tiene una serie de ventajas competitivas, fortalezas econ\u00f3micas y de infraestructura que permiten la llegada de industrias de prestigio mundial, lo que tambi\u00e9n responde a que el estado se ubica en el coraz\u00f3n econ\u00f3mico del pa\u00eds y cuenta con la red carretera m\u00e1s grande en la naci\u00f3n. Vale mencionar que la plantilla de ingenieros mec\u00e1nicos, industriales y electromec\u00e1nicos son egresados de la Universidad Aut\u00f3noma del Estado de M\u00e9xico y del Tecnol\u00f3gico Regional de Toluca, mientras que casi la totalidad de sus operadores provienen de Toluca, San Mateo Atenco, Ocoyoacac y Lerma.<\/p>\n<p><em><a href=\"mailto:montanezaguilar@gmail.com\" target=\"_blank\">montanezaguilar@gmail.com<\/a><\/em><\/p>\n","protected":false},"excerpt":{"rendered":"<p><span style=\"color: #005497;\"><strong>Jos\u00e9 Luis Monta\u00f1ez Aguilar<\/strong><\/span><br \/>\n<br \/>\nAl inaugurar la planta 3 Hitachi Automotive Systems M\u00e9xico S.A. de C.V., el gobernador del Estado de M\u00e9xico asegur\u00f3 que gracias a las reformas estructurales impulsadas por la federaci\u00f3n se acelera el desarrollo econ\u00f3mico de la entidad y del pa\u00eds, por lo que garantiz\u00f3 que su administraci\u00f3n seguir\u00e1 propiciando acciones que fomentan la atracci\u00f3n de m\u00e1s inversiones y con ello incrementar la competitividad en la entidad.<\/p>\n","protected":false},"author":3,"featured_media":216144,"comment_status":"open","ping_status":"open","sticky":false,"template":"","format":"standard","meta":{"_monsterinsights_skip_tracking":false,"_monsterinsights_sitenote_active":false,"_monsterinsights_sitenote_note":"","_monsterinsights_sitenote_category":0,"footnotes":""},"categories":[11622],"tags":[13284,43704,43674],"class_list":["post-216079","post","type-post","status-publish","format-standard","has-post-thumbnail","hentry","category-jose-luis-montanez-aguilar","tag-arco-norte","tag-jose-luis-montanez-aguilar","tag-opinion"],"_links":{"self":[{"href":"https:\/\/www.diarioimagen.net\/index.php?rest_route=\/wp\/v2\/posts\/216079","targetHints":{"allow":["GET"]}}],"collection":[{"href":"https:\/\/www.diarioimagen.net\/index.php?rest_route=\/wp\/v2\/posts"}],"about":[{"href":"https:\/\/www.diarioimagen.net\/index.php?rest_route=\/wp\/v2\/types\/post"}],"author":[{"embeddable":true,"href":"https:\/\/www.diarioimagen.net\/index.php?rest_route=\/wp\/v2\/users\/3"}],"replies":[{"embeddable":true,"href":"https:\/\/www.diarioimagen.net\/index.php?rest_route=%2Fwp%2Fv2%2Fcomments&post=216079"}],"version-history":[{"count":0,"href":"https:\/\/www.diarioimagen.net\/index.php?rest_route=\/wp\/v2\/posts\/216079\/revisions"}],"wp:featuredmedia":[{"embeddable":true,"href":"https:\/\/www.diarioimagen.net\/index.php?rest_route=\/wp\/v2\/media\/216144"}],"wp:attachment":[{"href":"https:\/\/www.diarioimagen.net\/index.php?rest_route=%2Fwp%2Fv2%2Fmedia&parent=216079"}],"wp:term":[{"taxonomy":"category","embeddable":true,"href":"https:\/\/www.diarioimagen.net\/index.php?rest_route=%2Fwp%2Fv2%2Fcategories&post=216079"},{"taxonomy":"post_tag","embeddable":true,"href":"https:\/\/www.diarioimagen.net\/index.php?rest_route=%2Fwp%2Fv2%2Ftags&post=216079"}],"curies":[{"name":"wp","href":"https:\/\/api.w.org\/{rel}","templated":true}]}}