{"id":216414,"date":"2015-05-07T00:08:55","date_gmt":"2015-05-07T05:08:55","guid":{"rendered":"http:\/\/www.diarioimagen.net\/?p=216414"},"modified":"2015-05-07T02:30:49","modified_gmt":"2015-05-07T07:30:49","slug":"ni-un-paso-atras-en-las-conquistas-laborales-afirma-palomares-parra","status":"publish","type":"post","link":"https:\/\/www.diarioimagen.net\/?p=216414","title":{"rendered":"Ni un paso atr\u00e1s en las conquistas laborales, afirma Palomares Parra"},"content":{"rendered":"<ul>\n<li><strong><em>Celebran a los trabajadores mexiquenses<\/em><\/strong><\/li>\n<\/ul>\n<p>&nbsp;<\/p>\n<div id=\"attachment_216479\" style=\"width: 250px\" class=\"wp-caption alignleft\"><a href=\"http:\/\/www.diarioimagen.net\/?attachment_id=216479\" rel=\"attachment wp-att-216479\"><img loading=\"lazy\" decoding=\"async\" aria-describedby=\"caption-attachment-216479\" class=\"size-medium wp-image-216479\" src=\"http:\/\/www.diarioimagen.net\/wp-content\/uploads\/2015\/05\/naucalpan-2605-240x135.jpg\" alt=\"Ren\u00e9 Palomares Parra reconoci\u00f3 que gracias a la unidad sindical, los miembros del SUTEyM tienen acceso a mejores prestaciones.\" width=\"240\" height=\"135\" srcset=\"https:\/\/www.diarioimagen.net\/wp-content\/uploads\/2015\/05\/naucalpan-2605-240x135.jpg 240w, https:\/\/www.diarioimagen.net\/wp-content\/uploads\/2015\/05\/naucalpan-2605-420x236.jpg 420w, https:\/\/www.diarioimagen.net\/wp-content\/uploads\/2015\/05\/naucalpan-2605-235x132.jpg 235w, https:\/\/www.diarioimagen.net\/wp-content\/uploads\/2015\/05\/naucalpan-2605-202x114.jpg 202w, https:\/\/www.diarioimagen.net\/wp-content\/uploads\/2015\/05\/naucalpan-2605-350x196.jpg 350w, https:\/\/www.diarioimagen.net\/wp-content\/uploads\/2015\/05\/naucalpan-2605-220x123.jpg 220w, https:\/\/www.diarioimagen.net\/wp-content\/uploads\/2015\/05\/naucalpan-2605-237x132.jpg 237w, https:\/\/www.diarioimagen.net\/wp-content\/uploads\/2015\/05\/naucalpan-2605.jpg 480w\" sizes=\"auto, (max-width: 240px) 100vw, 240px\" \/><\/a><p id=\"caption-attachment-216479\" class=\"wp-caption-text\">Ren\u00e9 Palomares Parra reconoci\u00f3 que gracias a la unidad sindical, los miembros del SUTEyM tienen acceso a mejores prestaciones.<\/p><\/div>\n<p><strong>Naucalpan, Estado de M\u00e9xico<\/strong>.- Todos y cada uno de los trabajadores pertenecientes al Sindicato \u00danico de Trabajadores del Estado y Municipios (SUTEyM)\u00a0son una pieza fundamental para el buen funcionamiento del gobierno,\u00a0\u00a0es por ello que\u00a0en las conquistas laborales no daremos ni un paso atr\u00e1s. Al contrario, siempre buscamos la mejor alternativa de todos y cada uno de nuestros compa\u00f1eros\u201d.<\/p>\n<p>Esto lo dijo Ren\u00e9 Palomares Parra, secretario general del Sindicato \u00danico de Trabajadores del Estado y sus Municipios (SUTEyM), de esta localidad, previo\u00a0 a conmemorar el D\u00eda del Trabajo.<\/p>\n<p>Entrevistado en sus oficinas, Palomares Parra destac\u00f3 que las conquistas laborales no han sido nada f\u00e1cil; sin embargo, reconoci\u00f3 que gracias a la unidad sindical, \u201choy nuestros compa\u00f1eros tienen acceso a mejores prestaciones\u201d.<\/p>\n<p>El dirigente sindical record\u00f3 que \u00a0los miles de trabajadores sindicalizados y sus familias cuentan con el apoyo de becas, despensas, asesor\u00edas jur\u00eddicas, econ\u00f3micas y de vivienda, entre otras.<\/p>\n<p>Ren\u00e9 Palomares record\u00f3\u00a0la gesta hist\u00f3rica de R\u00edo Blanco y Cananea, destacando que hoy en d\u00eda \u201cla lucha sindical debe llevarse a cabo de otra forma. Tendremos que hacer de la unidad nuestra principal fortaleza. Del trabajo, esfuerzo y dedicaci\u00f3n con que realizamos de manera cotidiana nuestras labores, es uno de \u00a0nuestros principales tesoros\u201d.<\/p>\n<p>El Sindicato \u00danico de Trabajadores del estado y sus Municipios (SUTEyM) naucalpense, concentra a aproximadamente a 3 mil 750 trabajadores sindicalizados, que d\u00eda a d\u00eda prestan sus servicios para mejorar el entorno de esta importante localidad.<\/p>\n<p>&nbsp;<\/p>\n","protected":false},"excerpt":{"rendered":"<p>Todos y cada uno de los trabajadores pertenecientes al Sindicato \u00danico de Trabajadores del Estado y Municipios (SUTEyM) son una pieza fundamental para el buen funcionamiento del gobierno,  es por ello que en las conquistas laborales no daremos ni un paso atr\u00e1s. Al contrario, siempre buscamos la mejor alternativa de todos y cada uno de nuestros compa\u00f1eros\u201d.<\/p>\n","protected":false},"author":3,"featured_media":216479,"comment_status":"open","ping_status":"open","sticky":false,"template":"","format":"standard","meta":{"_monsterinsights_skip_tracking":false,"_monsterinsights_sitenote_active":false,"_monsterinsights_sitenote_note":"","_monsterinsights_sitenote_category":0,"footnotes":""},"categories":[5],"tags":[43675,970,27247,2572],"class_list":["post-216414","post","type-post","status-publish","format-standard","has-post-thumbnail","hentry","category-estado-de-mexico","tag-estado-de-mexico","tag-naucalpan","tag-sindicato-unico-de-trabajadores-del-estado-y-municipios","tag-suteym"],"_links":{"self":[{"href":"https:\/\/www.diarioimagen.net\/index.php?rest_route=\/wp\/v2\/posts\/216414","targetHints":{"allow":["GET"]}}],"collection":[{"href":"https:\/\/www.diarioimagen.net\/index.php?rest_route=\/wp\/v2\/posts"}],"about":[{"href":"https:\/\/www.diarioimagen.net\/index.php?rest_route=\/wp\/v2\/types\/post"}],"author":[{"embeddable":true,"href":"https:\/\/www.diarioimagen.net\/index.php?rest_route=\/wp\/v2\/users\/3"}],"replies":[{"embeddable":true,"href":"https:\/\/www.diarioimagen.net\/index.php?rest_route=%2Fwp%2Fv2%2Fcomments&post=216414"}],"version-history":[{"count":0,"href":"https:\/\/www.diarioimagen.net\/index.php?rest_route=\/wp\/v2\/posts\/216414\/revisions"}],"wp:featuredmedia":[{"embeddable":true,"href":"https:\/\/www.diarioimagen.net\/index.php?rest_route=\/wp\/v2\/media\/216479"}],"wp:attachment":[{"href":"https:\/\/www.diarioimagen.net\/index.php?rest_route=%2Fwp%2Fv2%2Fmedia&parent=216414"}],"wp:term":[{"taxonomy":"category","embeddable":true,"href":"https:\/\/www.diarioimagen.net\/index.php?rest_route=%2Fwp%2Fv2%2Fcategories&post=216414"},{"taxonomy":"post_tag","embeddable":true,"href":"https:\/\/www.diarioimagen.net\/index.php?rest_route=%2Fwp%2Fv2%2Ftags&post=216414"}],"curies":[{"name":"wp","href":"https:\/\/api.w.org\/{rel}","templated":true}]}}