{"id":216762,"date":"2015-05-11T00:08:08","date_gmt":"2015-05-11T05:08:08","guid":{"rendered":"http:\/\/www.diarioimagen.net\/?p=216762"},"modified":"2015-05-11T04:12:31","modified_gmt":"2015-05-11T09:12:31","slug":"celebra-suteym-a-madres-trabajadoras-en-coacalco","status":"publish","type":"post","link":"https:\/\/www.diarioimagen.net\/?p=216762","title":{"rendered":"Celebra SUTEyM a madres trabajadoras en Coacalco"},"content":{"rendered":"<ul>\n<li><strong><em>Reconoce alcaldesa labor de las festejadas<\/em><\/strong><\/li>\n<\/ul>\n<div id=\"attachment_216837\" style=\"width: 250px\" class=\"wp-caption alignleft\"><a href=\"http:\/\/www.diarioimagen.net\/?attachment_id=216837\" rel=\"attachment wp-att-216837\"><img loading=\"lazy\" decoding=\"async\" aria-describedby=\"caption-attachment-216837\" class=\"size-medium wp-image-216837\" src=\"http:\/\/www.diarioimagen.net\/wp-content\/uploads\/2015\/05\/coacalco-2607-240x148.jpg\" alt=\"La alcaldesa, acompa\u00f1ada de integrantes del cabildo, acompa\u00f1\u00f3 a las madres trabajadoras.\" width=\"240\" height=\"148\" srcset=\"https:\/\/www.diarioimagen.net\/wp-content\/uploads\/2015\/05\/coacalco-2607-240x148.jpg 240w, https:\/\/www.diarioimagen.net\/wp-content\/uploads\/2015\/05\/coacalco-2607-420x260.jpg 420w, https:\/\/www.diarioimagen.net\/wp-content\/uploads\/2015\/05\/coacalco-2607.jpg 1200w\" sizes=\"auto, (max-width: 240px) 100vw, 240px\" \/><\/a><p id=\"caption-attachment-216837\" class=\"wp-caption-text\">La alcaldesa, acompa\u00f1ada de integrantes del cabildo, acompa\u00f1\u00f3 a las madres trabajadoras.<\/p><\/div>\n<p><strong>Coacalco, Estado de M\u00e9xico<\/strong>.- Las celebraciones por el D\u00eda de las Madres iniciaron en esta demarcaci\u00f3n con el desayuno que el Sindicato \u00danico de Trabajadores del Estado y Municipios (SUTEyM) organiz\u00f3 con el apoyo de\u00a0 las autoridades municipales para todas las agremiadas.<\/p>\n<p>La presidenta municipal, acompa\u00f1ada de integrantes del cabildo acompa\u00f1\u00f3 a las suteymistas en un d\u00eda tan especial, donde fueron agasajadas con la rifa de pantallas y diversos obsequios, que los mismos regidores entregaron, as\u00ed como el ambiente festivo qupuso el mariachi que levant\u00f3 a las presentes a cantar y bailar.<\/p>\n<p>La alcaldesa reconoci\u00f3 el papel que desempe\u00f1an las mam\u00e1s en la sociedad, son los ejes rectores en los hogares y quienes principalmente gu\u00edan los caminos de las hijas y los hijos de familia, son las responsables de administrar los gastos en las casas y de velar porque nada falte, por eso y muchas m\u00e1s\u00a0 merecen celebrarse no s\u00f3lo un d\u00eda sino todos los d\u00edas del a\u00f1o.<\/p>\n<p>En su mensaje resalt\u00f3 el compromiso de la administraci\u00f3n por cumplir a cabalidad con los compromisos y prestaciones con el sindicato, de cubrir los pendientes antes de que concluya el periodo gubernamental, no sin antes agradecer el trabajo y compromiso que los miembros del SUTEyM han mostrado en cada una de las \u00e1reas de la administraci\u00f3n.<\/p>\n<p>&nbsp;<\/p>\n","protected":false},"excerpt":{"rendered":"<p>Las celebraciones por el D\u00eda de las Madres iniciaron en esta demarcaci\u00f3n con el desayuno que el Sindicato \u00danico de Trabajadores del Estado y Municipios (SUTEyM) organiz\u00f3 con el apoyo de  las autoridades municipales para todas las agremiadas.<\/p>\n","protected":false},"author":3,"featured_media":216837,"comment_status":"open","ping_status":"open","sticky":false,"template":"","format":"standard","meta":{"_monsterinsights_skip_tracking":false,"_monsterinsights_sitenote_active":false,"_monsterinsights_sitenote_note":"","_monsterinsights_sitenote_category":0,"footnotes":""},"categories":[5],"tags":[24273,579,6349,43675],"class_list":["post-216762","post","type-post","status-publish","format-standard","has-post-thumbnail","hentry","category-estado-de-mexico","tag-celebracion","tag-coacalco","tag-dia-de-las-madres","tag-estado-de-mexico"],"_links":{"self":[{"href":"https:\/\/www.diarioimagen.net\/index.php?rest_route=\/wp\/v2\/posts\/216762","targetHints":{"allow":["GET"]}}],"collection":[{"href":"https:\/\/www.diarioimagen.net\/index.php?rest_route=\/wp\/v2\/posts"}],"about":[{"href":"https:\/\/www.diarioimagen.net\/index.php?rest_route=\/wp\/v2\/types\/post"}],"author":[{"embeddable":true,"href":"https:\/\/www.diarioimagen.net\/index.php?rest_route=\/wp\/v2\/users\/3"}],"replies":[{"embeddable":true,"href":"https:\/\/www.diarioimagen.net\/index.php?rest_route=%2Fwp%2Fv2%2Fcomments&post=216762"}],"version-history":[{"count":0,"href":"https:\/\/www.diarioimagen.net\/index.php?rest_route=\/wp\/v2\/posts\/216762\/revisions"}],"wp:featuredmedia":[{"embeddable":true,"href":"https:\/\/www.diarioimagen.net\/index.php?rest_route=\/wp\/v2\/media\/216837"}],"wp:attachment":[{"href":"https:\/\/www.diarioimagen.net\/index.php?rest_route=%2Fwp%2Fv2%2Fmedia&parent=216762"}],"wp:term":[{"taxonomy":"category","embeddable":true,"href":"https:\/\/www.diarioimagen.net\/index.php?rest_route=%2Fwp%2Fv2%2Fcategories&post=216762"},{"taxonomy":"post_tag","embeddable":true,"href":"https:\/\/www.diarioimagen.net\/index.php?rest_route=%2Fwp%2Fv2%2Ftags&post=216762"}],"curies":[{"name":"wp","href":"https:\/\/api.w.org\/{rel}","templated":true}]}}