{"id":216934,"date":"2015-05-12T00:08:51","date_gmt":"2015-05-12T05:08:51","guid":{"rendered":"http:\/\/www.diarioimagen.net\/?p=216934"},"modified":"2015-05-12T05:19:57","modified_gmt":"2015-05-12T10:19:57","slug":"los-universitarios-contribuyen-a-construir-un-mejor-pais-olvera","status":"publish","type":"post","link":"https:\/\/www.diarioimagen.net\/?p=216934","title":{"rendered":"Los universitarios contribuyen a construir un mejor pa\u00eds: Olvera"},"content":{"rendered":"<ul>\n<li><strong><em>Esquema de inserci\u00f3n laboral<br \/>\n<\/em><\/strong><\/li>\n<\/ul>\n<div id=\"attachment_217003\" style=\"width: 250px\" class=\"wp-caption alignleft\"><a href=\"http:\/\/www.diarioimagen.net\/?attachment_id=217003\" rel=\"attachment wp-att-217003\"><img loading=\"lazy\" decoding=\"async\" aria-describedby=\"caption-attachment-217003\" class=\"size-medium wp-image-217003\" src=\"http:\/\/www.diarioimagen.net\/wp-content\/uploads\/2015\/05\/UAEM-2608-240x135.jpg\" alt=\"Jorge Olvera Garc\u00eda, al inaugurar el Congreso Internacional de Estudiantes Universitarios.\" width=\"240\" height=\"135\" srcset=\"https:\/\/www.diarioimagen.net\/wp-content\/uploads\/2015\/05\/UAEM-2608-240x135.jpg 240w, https:\/\/www.diarioimagen.net\/wp-content\/uploads\/2015\/05\/UAEM-2608-420x236.jpg 420w, https:\/\/www.diarioimagen.net\/wp-content\/uploads\/2015\/05\/UAEM-2608-235x132.jpg 235w, https:\/\/www.diarioimagen.net\/wp-content\/uploads\/2015\/05\/UAEM-2608-202x114.jpg 202w, https:\/\/www.diarioimagen.net\/wp-content\/uploads\/2015\/05\/UAEM-2608-350x196.jpg 350w, https:\/\/www.diarioimagen.net\/wp-content\/uploads\/2015\/05\/UAEM-2608-220x123.jpg 220w, https:\/\/www.diarioimagen.net\/wp-content\/uploads\/2015\/05\/UAEM-2608-237x132.jpg 237w, https:\/\/www.diarioimagen.net\/wp-content\/uploads\/2015\/05\/UAEM-2608.jpg 480w\" sizes=\"auto, (max-width: 240px) 100vw, 240px\" \/><\/a><p id=\"caption-attachment-217003\" class=\"wp-caption-text\">Jorge Olvera Garc\u00eda, al inaugurar el Congreso Internacional de Estudiantes Universitarios.<\/p><\/div>\n<p>Para seguir siendo la instituci\u00f3n pertinente y con altos est\u00e1ndares de calidad que fomenta valores a trav\u00e9s de sus integrantes, la Universidad Aut\u00f3noma del Estado de M\u00e9xico se suma a los proyectos de sus estudiantes, de donde surgen ideas que se convierten en acciones viables, posibles y realizables, asever\u00f3 el rector Jorge Olvera Garc\u00eda, al inaugurar el Congreso Internacional de Estudiantes Universitarios \u201cUniversidad, pilar de la sociedad\u201d, con actividades hasta el pr\u00f3ximo 14 de mayo.<\/p>\n<p>Acompa\u00f1ado por los alumnos representantes ante el H. Consejo Universitario y organizadores de este ejercicio acad\u00e9mico, Jaime Abel D\u00edaz, Carlos Emmanuel Hern\u00e1ndez Cort\u00e9z, Guillermo Primero Guti\u00e9rrez, Andrea D\u00edaz Hern\u00e1ndez y Mayth\u00e9 Moreno Garc\u00eda, as\u00ed como el secretario T\u00e9cnico de la Rector\u00eda, Jorge Bern\u00e1ldez Garc\u00eda, el rector reconoci\u00f3 en los estudiantes universitarios su decisi\u00f3n y proactividad, al emprender proyectos como este congreso, porque \u201ccon ello contribuyen a construir el pa\u00eds que se necesita\u201d.<\/p>\n<p>En este evento, al que asistieron directores de organismo universitarios, alumnos y acad\u00e9micos de los diferentes espacios de la UAEM, abund\u00f3 que en la actualidad, los j\u00f3venes trabajan en proyectos de cuidado ambiental, proponen pol\u00edticas sustentables para las ciudades y marcan la agenda p\u00fablica del pa\u00eds, al ocuparse de mecanismos sociales que generan bienestar.<\/p>\n<p>&nbsp;<\/p>\n","protected":false},"excerpt":{"rendered":"<p>Para seguir siendo la instituci\u00f3n pertinente y con altos est\u00e1ndares de calidad que fomenta valores a trav\u00e9s de sus integrantes, la Universidad Aut\u00f3noma del Estado de M\u00e9xico se suma a los proyectos de sus estudiantes, de donde surgen ideas que se convierten en acciones viables, posibles y realizables, asever\u00f3 el rector Jorge Olvera Garc\u00eda, al inaugurar el Congreso Internacional de Estudiantes Universitarios \u201cUniversidad, pilar de la sociedad\u201d, con actividades hasta el pr\u00f3ximo 14 de mayo.<\/p>\n","protected":false},"author":3,"featured_media":217003,"comment_status":"open","ping_status":"open","sticky":false,"template":"","format":"standard","meta":{"_monsterinsights_skip_tracking":false,"_monsterinsights_sitenote_active":false,"_monsterinsights_sitenote_note":"","_monsterinsights_sitenote_category":0,"footnotes":""},"categories":[5],"tags":[43675,27015,1491],"class_list":["post-216934","post","type-post","status-publish","format-standard","has-post-thumbnail","hentry","category-estado-de-mexico","tag-estado-de-mexico","tag-jorge-olvera-garcia","tag-uaem"],"_links":{"self":[{"href":"https:\/\/www.diarioimagen.net\/index.php?rest_route=\/wp\/v2\/posts\/216934","targetHints":{"allow":["GET"]}}],"collection":[{"href":"https:\/\/www.diarioimagen.net\/index.php?rest_route=\/wp\/v2\/posts"}],"about":[{"href":"https:\/\/www.diarioimagen.net\/index.php?rest_route=\/wp\/v2\/types\/post"}],"author":[{"embeddable":true,"href":"https:\/\/www.diarioimagen.net\/index.php?rest_route=\/wp\/v2\/users\/3"}],"replies":[{"embeddable":true,"href":"https:\/\/www.diarioimagen.net\/index.php?rest_route=%2Fwp%2Fv2%2Fcomments&post=216934"}],"version-history":[{"count":0,"href":"https:\/\/www.diarioimagen.net\/index.php?rest_route=\/wp\/v2\/posts\/216934\/revisions"}],"wp:featuredmedia":[{"embeddable":true,"href":"https:\/\/www.diarioimagen.net\/index.php?rest_route=\/wp\/v2\/media\/217003"}],"wp:attachment":[{"href":"https:\/\/www.diarioimagen.net\/index.php?rest_route=%2Fwp%2Fv2%2Fmedia&parent=216934"}],"wp:term":[{"taxonomy":"category","embeddable":true,"href":"https:\/\/www.diarioimagen.net\/index.php?rest_route=%2Fwp%2Fv2%2Fcategories&post=216934"},{"taxonomy":"post_tag","embeddable":true,"href":"https:\/\/www.diarioimagen.net\/index.php?rest_route=%2Fwp%2Fv2%2Ftags&post=216934"}],"curies":[{"name":"wp","href":"https:\/\/api.w.org\/{rel}","templated":true}]}}