{"id":217160,"date":"2015-05-13T00:04:10","date_gmt":"2015-05-13T05:04:10","guid":{"rendered":"http:\/\/www.diarioimagen.net\/?p=217160"},"modified":"2015-05-13T14:33:12","modified_gmt":"2015-05-13T19:33:12","slug":"rescatan-a-35-mujeres-victimas-de-trata-de-personas-en-chiapas","status":"publish","type":"post","link":"https:\/\/www.diarioimagen.net\/?p=217160","title":{"rendered":"Rescatan a 35 mujeres v\u00edctimas de trata de personas en Chiapas"},"content":{"rendered":"<ul>\n<li><strong><em>Operativo sorpresa de la PF en cinco bares<\/em><\/strong><\/li>\n<\/ul>\n<div id=\"attachment_217229\" style=\"width: 250px\" class=\"wp-caption alignleft\"><a href=\"http:\/\/www.diarioimagen.net\/?attachment_id=217229\" rel=\"attachment wp-att-217229\"><img loading=\"lazy\" decoding=\"async\" aria-describedby=\"caption-attachment-217229\" class=\"size-medium wp-image-217229\" src=\"http:\/\/www.diarioimagen.net\/wp-content\/uploads\/2015\/05\/seguridad-2609-240x135.jpg\" alt=\"La mayor\u00eda de las mujeres rescatadas eran centroamericanas, que fueron tra\u00eddas con enga\u00f1os al pa\u00eds.\" width=\"240\" height=\"135\" srcset=\"https:\/\/www.diarioimagen.net\/wp-content\/uploads\/2015\/05\/seguridad-2609-240x135.jpg 240w, https:\/\/www.diarioimagen.net\/wp-content\/uploads\/2015\/05\/seguridad-2609-420x236.jpg 420w, https:\/\/www.diarioimagen.net\/wp-content\/uploads\/2015\/05\/seguridad-2609-235x132.jpg 235w, https:\/\/www.diarioimagen.net\/wp-content\/uploads\/2015\/05\/seguridad-2609-202x114.jpg 202w, https:\/\/www.diarioimagen.net\/wp-content\/uploads\/2015\/05\/seguridad-2609-350x196.jpg 350w, https:\/\/www.diarioimagen.net\/wp-content\/uploads\/2015\/05\/seguridad-2609-220x123.jpg 220w, https:\/\/www.diarioimagen.net\/wp-content\/uploads\/2015\/05\/seguridad-2609-237x132.jpg 237w, https:\/\/www.diarioimagen.net\/wp-content\/uploads\/2015\/05\/seguridad-2609.jpg 480w\" sizes=\"auto, (max-width: 240px) 100vw, 240px\" \/><\/a><p id=\"caption-attachment-217229\" class=\"wp-caption-text\">La mayor\u00eda de las mujeres rescatadas eran centroamericanas, que fueron tra\u00eddas con enga\u00f1os al pa\u00eds.<\/p><\/div>\n<p><strong>Motozintla, Chiapas<\/strong>.- Elementos de la Divisi\u00f3n de Gendarmer\u00eda de la Polic\u00eda Federal detuvieron ayer a seis personas dedicadas al tr\u00e1fico y trata de personas y rescataron a 35 mujeres v\u00edctimas de ambos delitos en bares de Motozintla, Chiapas.<\/p>\n<p>En coordinaci\u00f3n con personal de la Fiscal\u00eda Especializada en Atenci\u00f3n a los Delitos en Materia de Trata de Personas de la Procuradur\u00eda General de Justicia del Estado de Chiapas, los polic\u00edas federales desplegaron operativos en los bares \u201cLa Cueva del Ping\u00fcino\u201d, \u201cEl Palenque\u201d, \u201cLos Caracoles\u201d, \u201cLa Caba\u00f1a de Max II\u201d y \u201cEl Cave\u201d donde fueron rescatadas 35 mujeres las cuales eran obligadas a desempe\u00f1ar diferentes actividades entre ellas la prostituci\u00f3n.<\/p>\n<p>Las autoridades establecieron que 25 mujeres son originarias de Honduras, dos de Nicaragua, una de El Salvador y siete de M\u00e9xico, algunas manifestaron haber sido enga\u00f1adas en su lugar de origen por sujetos que les hab\u00edan prometido desempe\u00f1ar otro tipo de empleo.<\/p>\n<p>Durante el operativo, los polic\u00edas federales detuvieron a quienes fueron identificadas por las v\u00edctimas como propietarios o encargados de los establecimientos: Jorge Luis de Le\u00f3n Roblero de 41 a\u00f1os, Jos\u00e9 Antonio Gonz\u00e1lez Ramos de 43 a\u00f1os,\u00a0Luvia Alcazar Garc\u00eda, Marta Elizabeth Cruz de 31 a\u00f1os, Mar\u00eda Maura Membre\u00f1o Reyes de 49 a\u00f1os y\u00a0Evelyn Eunice Alvarado de 34 a\u00f1os,\u00a0estas tres \u00faltimas originarias de Honduras.<\/p>\n<p>Las seis personas detenidas fueron puestas a disposici\u00f3n del agente del Ministerio P\u00fablico del Estado de Chiapas, quien proseguir\u00e1 con las investigaciones y determinar\u00e1 su situaci\u00f3n jur\u00eddica, en tanto que las 35 mujeres rescatadas fueron canalizadas al Instituto Nacional de Migraci\u00f3n.<\/p>\n<p>&nbsp;<\/p>\n<p>&nbsp;<\/p>\n","protected":false},"excerpt":{"rendered":"<p>Elementos de la Divisi\u00f3n de Gendarmer\u00eda de la Polic\u00eda Federal detuvieron ayer a seis personas dedicadas al tr\u00e1fico y trata de personas y rescataron a 35 mujeres v\u00edctimas de ambos delitos en bares de Motozintla, Chiapas.<\/p>\n","protected":false},"author":3,"featured_media":217229,"comment_status":"open","ping_status":"open","sticky":false,"template":"","format":"standard","meta":{"_monsterinsights_skip_tracking":false,"_monsterinsights_sitenote_active":false,"_monsterinsights_sitenote_note":"","_monsterinsights_sitenote_category":0,"footnotes":""},"categories":[7],"tags":[2269,1350,512,728,43677,5316],"class_list":["post-217160","post","type-post","status-publish","format-standard","has-post-thumbnail","hentry","category-seguridad","tag-chiapas","tag-policia-federal","tag-prostitucion","tag-rescate","tag-seguridad","tag-trata-de-personas"],"_links":{"self":[{"href":"https:\/\/www.diarioimagen.net\/index.php?rest_route=\/wp\/v2\/posts\/217160","targetHints":{"allow":["GET"]}}],"collection":[{"href":"https:\/\/www.diarioimagen.net\/index.php?rest_route=\/wp\/v2\/posts"}],"about":[{"href":"https:\/\/www.diarioimagen.net\/index.php?rest_route=\/wp\/v2\/types\/post"}],"author":[{"embeddable":true,"href":"https:\/\/www.diarioimagen.net\/index.php?rest_route=\/wp\/v2\/users\/3"}],"replies":[{"embeddable":true,"href":"https:\/\/www.diarioimagen.net\/index.php?rest_route=%2Fwp%2Fv2%2Fcomments&post=217160"}],"version-history":[{"count":0,"href":"https:\/\/www.diarioimagen.net\/index.php?rest_route=\/wp\/v2\/posts\/217160\/revisions"}],"wp:featuredmedia":[{"embeddable":true,"href":"https:\/\/www.diarioimagen.net\/index.php?rest_route=\/wp\/v2\/media\/217229"}],"wp:attachment":[{"href":"https:\/\/www.diarioimagen.net\/index.php?rest_route=%2Fwp%2Fv2%2Fmedia&parent=217160"}],"wp:term":[{"taxonomy":"category","embeddable":true,"href":"https:\/\/www.diarioimagen.net\/index.php?rest_route=%2Fwp%2Fv2%2Fcategories&post=217160"},{"taxonomy":"post_tag","embeddable":true,"href":"https:\/\/www.diarioimagen.net\/index.php?rest_route=%2Fwp%2Fv2%2Ftags&post=217160"}],"curies":[{"name":"wp","href":"https:\/\/api.w.org\/{rel}","templated":true}]}}