{"id":217429,"date":"2015-05-15T00:07:12","date_gmt":"2015-05-15T05:07:12","guid":{"rendered":"http:\/\/www.diarioimagen.net\/?p=217429"},"modified":"2015-05-15T06:12:08","modified_gmt":"2015-05-15T11:12:08","slug":"brindan-atencion-cuerpos-de-emergencia-por-carambola","status":"publish","type":"post","link":"https:\/\/www.diarioimagen.net\/?p=217429","title":{"rendered":"Brindan atenci\u00f3n cuerpos de emergencia por carambola"},"content":{"rendered":"<ul>\n<li><strong><em>En la carretera M\u00e9xico-Toluca<\/em><\/strong><\/li>\n<\/ul>\n<div id=\"attachment_217553\" style=\"width: 250px\" class=\"wp-caption alignleft\"><a href=\"http:\/\/www.diarioimagen.net\/wp-content\/uploads\/2015\/05\/choque-2611.jpg\"><img loading=\"lazy\" decoding=\"async\" aria-describedby=\"caption-attachment-217553\" class=\"size-medium wp-image-217553\" src=\"http:\/\/www.diarioimagen.net\/wp-content\/uploads\/2015\/05\/choque-2611-240x135.jpg\" alt=\"En la carretera M\u00e9xico-Toluca, un cami\u00f3n de tres toneladas provoc\u00f3 una carambola y afect\u00f3 17 veh\u00edculos.\" width=\"240\" height=\"135\" srcset=\"https:\/\/www.diarioimagen.net\/wp-content\/uploads\/2015\/05\/choque-2611-240x135.jpg 240w, https:\/\/www.diarioimagen.net\/wp-content\/uploads\/2015\/05\/choque-2611-420x236.jpg 420w, https:\/\/www.diarioimagen.net\/wp-content\/uploads\/2015\/05\/choque-2611-235x132.jpg 235w, https:\/\/www.diarioimagen.net\/wp-content\/uploads\/2015\/05\/choque-2611-202x114.jpg 202w, https:\/\/www.diarioimagen.net\/wp-content\/uploads\/2015\/05\/choque-2611-350x196.jpg 350w, https:\/\/www.diarioimagen.net\/wp-content\/uploads\/2015\/05\/choque-2611-220x123.jpg 220w, https:\/\/www.diarioimagen.net\/wp-content\/uploads\/2015\/05\/choque-2611-237x132.jpg 237w, https:\/\/www.diarioimagen.net\/wp-content\/uploads\/2015\/05\/choque-2611.jpg 480w\" sizes=\"auto, (max-width: 240px) 100vw, 240px\" \/><\/a><p id=\"caption-attachment-217553\" class=\"wp-caption-text\">En la carretera M\u00e9xico-Toluca, un cami\u00f3n de tres toneladas provoc\u00f3 una carambola y afect\u00f3 17 veh\u00edculos.<\/p><\/div>\n<p>Cuerpos de seguridad y emergencia del Estado de M\u00e9xico se trasladaron ayer por la tarde al kil\u00f3metro 42 de la carretera M\u00e9xico-Toluca, a la altura del monumento al Caminero, municipio de Ocoyoacac, para brindar atenci\u00f3n y apoyo por un choque m\u00faltiple en el que se vieron involucrados un trailer y 17 veh\u00edculos.<\/p>\n<p>Se reportaron tres personas lesionadas, dos del sexo masculino que fueron traslados a nosocomios de la ciudad de Toluca, en ambulancias de los Servicios de Urgencias del Estado de M\u00e9xico (SUEM).<\/p>\n<p>Asimismo, la Unidad de Rescate A\u00e9reo \u201cRel\u00e1mpagos\u201d a bordo del helic\u00f3ptero con matr\u00edcula XCERA, trasladaron a una persona del sexo femenino, al Hospital \u201cLic. Adolfo L\u00f3pez Mateos\u201d, ya que presentaba traumatismo craneoencef\u00e1lico y traumatismo en el abdomen.<\/p>\n<p>&nbsp;<\/p>\n","protected":false},"excerpt":{"rendered":"<p>Cuerpos de seguridad y emergencia del Estado de M\u00e9xico se trasladaron ayer por la tarde al kil\u00f3metro 42 de la carretera M\u00e9xico-Toluca, a la altura del monumento al Caminero, municipio de Ocoyoacac, para brindar atenci\u00f3n y apoyo por un choque m\u00faltiple en el que se vieron involucrados un trailer y 17 veh\u00edculos.<\/p>\n","protected":false},"author":3,"featured_media":217553,"comment_status":"open","ping_status":"open","sticky":false,"template":"","format":"standard","meta":{"_monsterinsights_skip_tracking":false,"_monsterinsights_sitenote_active":false,"_monsterinsights_sitenote_note":"","_monsterinsights_sitenote_category":0,"footnotes":""},"categories":[35155],"tags":[7941,13050,43675,5851],"class_list":["post-217429","post","type-post","status-publish","format-standard","has-post-thumbnail","hentry","category-estado-de-mexico-estado-de-mexico","tag-carambola","tag-emergencia","tag-estado-de-mexico","tag-lesionados"],"_links":{"self":[{"href":"https:\/\/www.diarioimagen.net\/index.php?rest_route=\/wp\/v2\/posts\/217429","targetHints":{"allow":["GET"]}}],"collection":[{"href":"https:\/\/www.diarioimagen.net\/index.php?rest_route=\/wp\/v2\/posts"}],"about":[{"href":"https:\/\/www.diarioimagen.net\/index.php?rest_route=\/wp\/v2\/types\/post"}],"author":[{"embeddable":true,"href":"https:\/\/www.diarioimagen.net\/index.php?rest_route=\/wp\/v2\/users\/3"}],"replies":[{"embeddable":true,"href":"https:\/\/www.diarioimagen.net\/index.php?rest_route=%2Fwp%2Fv2%2Fcomments&post=217429"}],"version-history":[{"count":0,"href":"https:\/\/www.diarioimagen.net\/index.php?rest_route=\/wp\/v2\/posts\/217429\/revisions"}],"wp:featuredmedia":[{"embeddable":true,"href":"https:\/\/www.diarioimagen.net\/index.php?rest_route=\/wp\/v2\/media\/217553"}],"wp:attachment":[{"href":"https:\/\/www.diarioimagen.net\/index.php?rest_route=%2Fwp%2Fv2%2Fmedia&parent=217429"}],"wp:term":[{"taxonomy":"category","embeddable":true,"href":"https:\/\/www.diarioimagen.net\/index.php?rest_route=%2Fwp%2Fv2%2Fcategories&post=217429"},{"taxonomy":"post_tag","embeddable":true,"href":"https:\/\/www.diarioimagen.net\/index.php?rest_route=%2Fwp%2Fv2%2Ftags&post=217429"}],"curies":[{"name":"wp","href":"https:\/\/api.w.org\/{rel}","templated":true}]}}