{"id":217605,"date":"2015-05-18T00:13:34","date_gmt":"2015-05-18T05:13:34","guid":{"rendered":"http:\/\/www.diarioimagen.net\/?p=217605"},"modified":"2015-05-18T05:27:49","modified_gmt":"2015-05-18T10:27:49","slug":"haran-publicas-auditorias-a-la-empresa-ohl","status":"publish","type":"post","link":"https:\/\/www.diarioimagen.net\/?p=217605","title":{"rendered":"Har\u00e1n p\u00fablicas auditor\u00edas a la empresa OHL"},"content":{"rendered":"<h2>Arco Norte<\/h2>\n<h5>Jos\u00e9 Luis Monta\u00f1ez Aguilar<\/h5>\n<p>&nbsp;<\/p>\n<div id=\"attachment_217713\" style=\"width: 250px\" class=\"wp-caption alignleft\"><a href=\"http:\/\/www.diarioimagen.net\/?attachment_id=217713\" rel=\"attachment wp-att-217713\"><img loading=\"lazy\" decoding=\"async\" aria-describedby=\"caption-attachment-217713\" class=\"size-medium wp-image-217713\" src=\"http:\/\/www.diarioimagen.net\/wp-content\/uploads\/2015\/05\/arco-2612-240x135.jpg\" alt=\"Viaducto Elevado Bicentenario.\" width=\"240\" height=\"135\" srcset=\"https:\/\/www.diarioimagen.net\/wp-content\/uploads\/2015\/05\/arco-2612-240x135.jpg 240w, https:\/\/www.diarioimagen.net\/wp-content\/uploads\/2015\/05\/arco-2612-420x236.jpg 420w, https:\/\/www.diarioimagen.net\/wp-content\/uploads\/2015\/05\/arco-2612-235x132.jpg 235w, https:\/\/www.diarioimagen.net\/wp-content\/uploads\/2015\/05\/arco-2612-202x114.jpg 202w, https:\/\/www.diarioimagen.net\/wp-content\/uploads\/2015\/05\/arco-2612-350x196.jpg 350w, https:\/\/www.diarioimagen.net\/wp-content\/uploads\/2015\/05\/arco-2612-220x123.jpg 220w, https:\/\/www.diarioimagen.net\/wp-content\/uploads\/2015\/05\/arco-2612-237x132.jpg 237w, https:\/\/www.diarioimagen.net\/wp-content\/uploads\/2015\/05\/arco-2612.jpg 480w\" sizes=\"auto, (max-width: 240px) 100vw, 240px\" \/><\/a><p id=\"caption-attachment-217713\" class=\"wp-caption-text\">Viaducto Bicentenario.<\/p><\/div>\n<p>La Contralor\u00eda del Estado de M\u00e9xico consider\u00f3 que el ahora ex secretario de Comunicaciones, Apolinar Mena Vargas, falt\u00f3 a los principios de la Ley de Responsabilidades de los Servidores P\u00fablicos, por lo que se hizo acreedor a una sanci\u00f3n de 189 mil pesos y present\u00f3 su renuncia al cargo, que le fue aceptada por el titular del Poder Ejecutivo estatal. Eruviel \u00c1vila Villegas inform\u00f3 que derivado del resultado parcial de la investigaci\u00f3n que se realiza respecto al t\u00edtulo de concesi\u00f3n del Viaducto Bicentenario y a las llamadas telef\u00f3nicas difundidas en internet. Explic\u00f3 que la multa se determin\u00f3 con base en lo establecido en el art\u00edculo 49 de la Ley de Responsabilidades de los Servidores P\u00fablicos y ser\u00e1 este lunes cuando designe a un encargado de despacho en la Secretar\u00eda de Comunicaciones para continuar los trabajos en la dependencia. Por lo que corresponde a la investigaci\u00f3n sobre el T\u00edtulo de Concesi\u00f3n del Viaducto Bicentenario a cargo de la empresa OHL, el gobernador enumer\u00f3 los avances que se tienen al momento. \u201cEs de mayor inter\u00e9s de este gobierno estatal transparentar las acciones que viene realizando esta empresa y si eventualmente hubiese alguna responsabilidad, tal como lo he dicho se proceder\u00e1 con todo el peso de la ley\u201d, afirm\u00f3 el gobernador. Por lo anterior asegur\u00f3 que una vez que concluyan estas tres etapas se har\u00e1n p\u00fablicas las resoluciones de la auditor\u00eda, que son independientes a las que otras instancias federales est\u00e1n llevando a cabo\u2026 En otro tema, al poner en marcha una Biblioteca Digital y una ciclopista en Jocotitl\u00e1n, el jefe del Ejecutivo estatal de M\u00e9xico inform\u00f3 que la entidad es pionera a nivel nacional en esta materia. Destac\u00f3 que con estas acciones se acerca a la poblaci\u00f3n a las nuevas tecnolog\u00edas de la informaci\u00f3n y se reduce la brecha digital.<\/p>\n<p><em><a href=\"mailto:montanezaguilar@gmail.com\" target=\"_blank\">montanezaguilar@gmail.com<\/a><\/em><\/p>\n","protected":false},"excerpt":{"rendered":"<p><span style=\"color: #005497;\"><strong>Jos\u00e9 Luis Monta\u00f1ez Aguilar<\/strong><\/span><br \/>\n<br \/>\nLa Contralor\u00eda del Estado de M\u00e9xico consider\u00f3 que el ahora ex secretario de Comunicaciones, Apolinar Mena Vargas, falt\u00f3 a los principios de la Ley de Responsabilidades de los Servidores P\u00fablicos, por lo que se hizo acreedor a una sanci\u00f3n de 189 mil pesos y present\u00f3 su renuncia al cargo, que le fue aceptada por el titular del Poder Ejecutivo estatal. Eruviel \u00c1vila Villegas inform\u00f3 que derivado del resultado parcial de la investigaci\u00f3n que se realiza respecto al t\u00edtulo de concesi\u00f3n del Viaducto Bicentenario y a las llamadas telef\u00f3nicas difundidas en internet.<\/p>\n","protected":false},"author":3,"featured_media":217713,"comment_status":"open","ping_status":"open","sticky":false,"template":"","format":"standard","meta":{"_monsterinsights_skip_tracking":false,"_monsterinsights_sitenote_active":false,"_monsterinsights_sitenote_note":"","_monsterinsights_sitenote_category":0,"footnotes":""},"categories":[5],"tags":[13284,43704,43674],"class_list":["post-217605","post","type-post","status-publish","format-standard","has-post-thumbnail","hentry","category-estado-de-mexico","tag-arco-norte","tag-jose-luis-montanez-aguilar","tag-opinion"],"_links":{"self":[{"href":"https:\/\/www.diarioimagen.net\/index.php?rest_route=\/wp\/v2\/posts\/217605","targetHints":{"allow":["GET"]}}],"collection":[{"href":"https:\/\/www.diarioimagen.net\/index.php?rest_route=\/wp\/v2\/posts"}],"about":[{"href":"https:\/\/www.diarioimagen.net\/index.php?rest_route=\/wp\/v2\/types\/post"}],"author":[{"embeddable":true,"href":"https:\/\/www.diarioimagen.net\/index.php?rest_route=\/wp\/v2\/users\/3"}],"replies":[{"embeddable":true,"href":"https:\/\/www.diarioimagen.net\/index.php?rest_route=%2Fwp%2Fv2%2Fcomments&post=217605"}],"version-history":[{"count":0,"href":"https:\/\/www.diarioimagen.net\/index.php?rest_route=\/wp\/v2\/posts\/217605\/revisions"}],"wp:featuredmedia":[{"embeddable":true,"href":"https:\/\/www.diarioimagen.net\/index.php?rest_route=\/wp\/v2\/media\/217713"}],"wp:attachment":[{"href":"https:\/\/www.diarioimagen.net\/index.php?rest_route=%2Fwp%2Fv2%2Fmedia&parent=217605"}],"wp:term":[{"taxonomy":"category","embeddable":true,"href":"https:\/\/www.diarioimagen.net\/index.php?rest_route=%2Fwp%2Fv2%2Fcategories&post=217605"},{"taxonomy":"post_tag","embeddable":true,"href":"https:\/\/www.diarioimagen.net\/index.php?rest_route=%2Fwp%2Fv2%2Ftags&post=217605"}],"curies":[{"name":"wp","href":"https:\/\/api.w.org\/{rel}","templated":true}]}}