{"id":217856,"date":"2015-05-19T00:04:10","date_gmt":"2015-05-19T05:04:10","guid":{"rendered":"http:\/\/www.diarioimagen.net\/?p=217856"},"modified":"2015-05-19T01:58:08","modified_gmt":"2015-05-19T06:58:08","slug":"lidiar-con-la-oposicion","status":"publish","type":"post","link":"https:\/\/www.diarioimagen.net\/?p=217856","title":{"rendered":"Lidiar con la oposici\u00f3n"},"content":{"rendered":"<h2>Acta P\u00fablica<\/h2>\n<h5>Claudia Rodr\u00edguez<\/h5>\n<p>&nbsp;<\/p>\n<p>El 30 de enero del 2009 en Davos, Suiza; se encontraron el ex presidente -no pri\u00edsta Ernesto Zedillo- y el panista Felipe Calder\u00f3n, este \u00faltimo, entonces presidente de M\u00e9xico.<\/p>\n<p>Zedillo en aquella ocasi\u00f3n le dijo a Calder\u00f3n: \u00bfQu\u00e9 se siente lidiar con la oposici\u00f3n\u201d. \u00a0A lo que Calder\u00f3n contest\u00f3: \u201cAhora te comprendo mucho mejor que antes\u201d, y abund\u00f3 que algunos dicen que estar en la oposici\u00f3n es como el para\u00edso, \u201cpero cuando est\u00e1s gobernando est\u00e1s en el infierno\u201d.<\/p>\n<p>Desde esta perspectiva calderonista, el presidente Enrique Pe\u00f1a se encuentra administrando un infierno heredado por el mismo Calder\u00f3n y otros m\u00e1s.<\/p>\n<p>En tanto, ahora Calder\u00f3n en la oposici\u00f3n estar\u00eda en el verdadero cielo, haciendo campa\u00f1a para los panistas.\u00a0Primero y sobre todo, para apoyar la candidatura al gobierno de Michoac\u00e1n, de su hermana Luisa Mar\u00eda \u201cCocoa\u201d Calder\u00f3n y para empujar a su esposa, Margarita Zavala hacia la dirigencia del Comit\u00e9 Ejecutivo Nacional del Partido Acci\u00f3n Nacional (CEN del PAN), una vez que Gustavo Madero deje esa silla; ya sea despu\u00e9s del 7 de junio o hasta el 31 de diciembre, seg\u00fan les vaya a los panistas en votos en las pr\u00f3ximas elecciones.<\/p>\n<p>El hecho es que Calder\u00f3n con un sueldo de ex presidente de m\u00e1s de 200 mil pesos mensuales, escoltas y otro tipo de \u201camenidades\u201d de las que goza como ex mandatario, se mueve como en un ed\u00e9n.<\/p>\n<p>La pregunta es si los ex mandatarios mexicanos, con las m\u00faltiples prestaciones vitalicias de las que gozan: \u00bfAcaso no deber\u00edan evitar pronunciarse por uno u otro partido en favor o en contra?<\/p>\n<p>Ser presidente de M\u00e9xico puede para muchos de nosotros, mostrarse como una tarea infernal, como si uno se sacara la rifa del tigre.\u00a0Pero cientos de mexicanos compiten en campa\u00f1as pol\u00edticas y hasta como candidatos independientes porque aspiran a ser parte del grupo de \u00e1ngeles ca\u00eddos en donde a\u00fan son vastas las prebendas econ\u00f3micas, al amparo de la corrupci\u00f3n y la impunidad\u00a0que ellos mismos construyen.<\/p>\n<p>Si Calder\u00f3n cree estar ahora en el para\u00edso, es pura ilusi\u00f3n.\u00a0Nadie puede salir del infierno que \u00e9l con tanto ah\u00ednco aviv\u00f3.<\/p>\n<p><strong><em>Acta Divina\u2026<\/em><\/strong> El ex presidente Felipe Calder\u00f3n defendiendo la transparencia de sus ingresos, se\u00f1al\u00f3 que hoy en d\u00eda gana m\u00e1s dinero con las charlas que imparte en distintas instituciones, que cuando era presidente.<\/p>\n<p><strong><em>Para advertir\u2026 <\/em><\/strong>Felipe Calder\u00f3n le cuesta mensualmente a los mexicanos un mill\u00f3n 21 mil 880 pesos, de acuerdo con informaci\u00f3n que se public\u00f3 bajo la firma de la periodista Yuridia Torres en el peri\u00f3dico <em>El Financiero<\/em>.<\/p>\n<p><em><a href=\"mailto:actapublica@gmail.com\" target=\"_blank\">actapublica@gmail.com<\/a><\/em><\/p>\n","protected":false},"excerpt":{"rendered":"<p><span style=\"color: #005497;\"><strong>Claudia Rodr\u00edguez<\/strong><\/span><\/p>\n","protected":false},"author":3,"featured_media":0,"comment_status":"open","ping_status":"open","sticky":false,"template":"","format":"standard","meta":{"_monsterinsights_skip_tracking":false,"_monsterinsights_sitenote_active":false,"_monsterinsights_sitenote_note":"","_monsterinsights_sitenote_category":0,"footnotes":""},"categories":[1281],"tags":[43674],"class_list":["post-217856","post","type-post","status-publish","format-standard","hentry","category-claudia-rodriguez","tag-opinion"],"_links":{"self":[{"href":"https:\/\/www.diarioimagen.net\/index.php?rest_route=\/wp\/v2\/posts\/217856","targetHints":{"allow":["GET"]}}],"collection":[{"href":"https:\/\/www.diarioimagen.net\/index.php?rest_route=\/wp\/v2\/posts"}],"about":[{"href":"https:\/\/www.diarioimagen.net\/index.php?rest_route=\/wp\/v2\/types\/post"}],"author":[{"embeddable":true,"href":"https:\/\/www.diarioimagen.net\/index.php?rest_route=\/wp\/v2\/users\/3"}],"replies":[{"embeddable":true,"href":"https:\/\/www.diarioimagen.net\/index.php?rest_route=%2Fwp%2Fv2%2Fcomments&post=217856"}],"version-history":[{"count":0,"href":"https:\/\/www.diarioimagen.net\/index.php?rest_route=\/wp\/v2\/posts\/217856\/revisions"}],"wp:attachment":[{"href":"https:\/\/www.diarioimagen.net\/index.php?rest_route=%2Fwp%2Fv2%2Fmedia&parent=217856"}],"wp:term":[{"taxonomy":"category","embeddable":true,"href":"https:\/\/www.diarioimagen.net\/index.php?rest_route=%2Fwp%2Fv2%2Fcategories&post=217856"},{"taxonomy":"post_tag","embeddable":true,"href":"https:\/\/www.diarioimagen.net\/index.php?rest_route=%2Fwp%2Fv2%2Ftags&post=217856"}],"curies":[{"name":"wp","href":"https:\/\/api.w.org\/{rel}","templated":true}]}}