{"id":218015,"date":"2015-05-20T00:08:57","date_gmt":"2015-05-20T05:08:57","guid":{"rendered":"http:\/\/www.diarioimagen.net\/?p=218015"},"modified":"2015-05-20T04:35:31","modified_gmt":"2015-05-20T09:35:31","slug":"uaem-y-tsjem-unen-esfuerzos-para-potenciar-beneficios-para-la-sociedad","status":"publish","type":"post","link":"https:\/\/www.diarioimagen.net\/?p=218015","title":{"rendered":"UAEM y TSJEM unen esfuerzos para potenciar beneficios para la sociedad"},"content":{"rendered":"<p><a href=\"http:\/\/www.diarioimagen.net\/?attachment_id=218098\" rel=\"attachment wp-att-218098\"><img loading=\"lazy\" decoding=\"async\" class=\"aligncenter size-large wp-image-218098\" src=\"http:\/\/www.diarioimagen.net\/wp-content\/uploads\/2015\/05\/uaem-2614-420x236.jpg\" alt=\"uaem-2614\" width=\"420\" height=\"236\" srcset=\"https:\/\/www.diarioimagen.net\/wp-content\/uploads\/2015\/05\/uaem-2614-420x236.jpg 420w, https:\/\/www.diarioimagen.net\/wp-content\/uploads\/2015\/05\/uaem-2614-240x135.jpg 240w, https:\/\/www.diarioimagen.net\/wp-content\/uploads\/2015\/05\/uaem-2614-235x132.jpg 235w, https:\/\/www.diarioimagen.net\/wp-content\/uploads\/2015\/05\/uaem-2614-202x114.jpg 202w, https:\/\/www.diarioimagen.net\/wp-content\/uploads\/2015\/05\/uaem-2614-350x196.jpg 350w, https:\/\/www.diarioimagen.net\/wp-content\/uploads\/2015\/05\/uaem-2614-220x123.jpg 220w, https:\/\/www.diarioimagen.net\/wp-content\/uploads\/2015\/05\/uaem-2614-237x132.jpg 237w, https:\/\/www.diarioimagen.net\/wp-content\/uploads\/2015\/05\/uaem-2614.jpg 480w\" sizes=\"auto, (max-width: 420px) 100vw, 420px\" \/><\/a><\/p>\n<p>La vinculaci\u00f3n entre instancias p\u00fablicas y el trabajo conjunto potencian los beneficios para la sociedad, coincidieron el rector de la UAEM, Jorge Olvera Garc\u00eda, y el presidente del Tribunal Superior de Justicia del Estado de M\u00e9xico y del Consejo de la Judicatura de la entidad, Javier Medina Pe\u00f1aloza, al encabezar la Firma del Convenio General de Colaboraci\u00f3n entre ambas instituciones.<\/p>\n","protected":false},"excerpt":{"rendered":"<p>La vinculaci\u00f3n entre instancias p\u00fablicas y el trabajo conjunto potencian los beneficios para la sociedad, coincidieron el rector de la UAEM, Jorge Olvera Garc\u00eda, y el presidente del Tribunal Superior de Justicia del Estado de M\u00e9xico y del Consejo de la Judicatura de la entidad, Javier Medina Pe\u00f1aloza, al encabezar la Firma del Convenio General de Colaboraci\u00f3n entre ambas instituciones.<\/p>\n","protected":false},"author":3,"featured_media":218098,"comment_status":"open","ping_status":"open","sticky":false,"template":"","format":"standard","meta":{"_monsterinsights_skip_tracking":false,"_monsterinsights_sitenote_active":false,"_monsterinsights_sitenote_note":"","_monsterinsights_sitenote_category":0,"footnotes":""},"categories":[5],"tags":[34028,41048,43675,4302,28336,1491],"class_list":["post-218015","post","type-post","status-publish","format-standard","has-post-thumbnail","hentry","category-estado-de-mexico","tag-beneficio","tag-esfuerzo","tag-estado-de-mexico","tag-sociedad","tag-tsjem","tag-uaem"],"_links":{"self":[{"href":"https:\/\/www.diarioimagen.net\/index.php?rest_route=\/wp\/v2\/posts\/218015","targetHints":{"allow":["GET"]}}],"collection":[{"href":"https:\/\/www.diarioimagen.net\/index.php?rest_route=\/wp\/v2\/posts"}],"about":[{"href":"https:\/\/www.diarioimagen.net\/index.php?rest_route=\/wp\/v2\/types\/post"}],"author":[{"embeddable":true,"href":"https:\/\/www.diarioimagen.net\/index.php?rest_route=\/wp\/v2\/users\/3"}],"replies":[{"embeddable":true,"href":"https:\/\/www.diarioimagen.net\/index.php?rest_route=%2Fwp%2Fv2%2Fcomments&post=218015"}],"version-history":[{"count":0,"href":"https:\/\/www.diarioimagen.net\/index.php?rest_route=\/wp\/v2\/posts\/218015\/revisions"}],"wp:featuredmedia":[{"embeddable":true,"href":"https:\/\/www.diarioimagen.net\/index.php?rest_route=\/wp\/v2\/media\/218098"}],"wp:attachment":[{"href":"https:\/\/www.diarioimagen.net\/index.php?rest_route=%2Fwp%2Fv2%2Fmedia&parent=218015"}],"wp:term":[{"taxonomy":"category","embeddable":true,"href":"https:\/\/www.diarioimagen.net\/index.php?rest_route=%2Fwp%2Fv2%2Fcategories&post=218015"},{"taxonomy":"post_tag","embeddable":true,"href":"https:\/\/www.diarioimagen.net\/index.php?rest_route=%2Fwp%2Fv2%2Ftags&post=218015"}],"curies":[{"name":"wp","href":"https:\/\/api.w.org\/{rel}","templated":true}]}}