{"id":218031,"date":"2015-05-20T00:05:10","date_gmt":"2015-05-20T05:05:10","guid":{"rendered":"http:\/\/www.diarioimagen.net\/?p=218031"},"modified":"2015-05-20T04:38:53","modified_gmt":"2015-05-20T09:38:53","slug":"fundacion-mundial-de-diabetes-invierte-2-2-mdd-en-mexico","status":"publish","type":"post","link":"https:\/\/www.diarioimagen.net\/?p=218031","title":{"rendered":"Fundaci\u00f3n Mundial de Diabetes invierte 2.2 mdd en M\u00e9xico"},"content":{"rendered":"<ul>\n<li><strong><em>Crea conciencia sobre este padecimiento<\/em><\/strong><\/li>\n<\/ul>\n<div id=\"attachment_218103\" style=\"width: 250px\" class=\"wp-caption alignleft\"><a href=\"http:\/\/www.diarioimagen.net\/?attachment_id=218103\" rel=\"attachment wp-att-218103\"><img loading=\"lazy\" decoding=\"async\" aria-describedby=\"caption-attachment-218103\" class=\"size-medium wp-image-218103\" src=\"http:\/\/www.diarioimagen.net\/wp-content\/uploads\/2015\/05\/diabetes-2614-240x135.jpg\" alt=\"En M\u00e9xico se estima que 15 por ciento de los adultos de m\u00e1s de 20 a\u00f1os padecen diabetes y muchos casos no est\u00e1n diagnosticados.\" width=\"240\" height=\"135\" srcset=\"https:\/\/www.diarioimagen.net\/wp-content\/uploads\/2015\/05\/diabetes-2614-240x135.jpg 240w, https:\/\/www.diarioimagen.net\/wp-content\/uploads\/2015\/05\/diabetes-2614-420x236.jpg 420w, https:\/\/www.diarioimagen.net\/wp-content\/uploads\/2015\/05\/diabetes-2614-235x132.jpg 235w, https:\/\/www.diarioimagen.net\/wp-content\/uploads\/2015\/05\/diabetes-2614-202x114.jpg 202w, https:\/\/www.diarioimagen.net\/wp-content\/uploads\/2015\/05\/diabetes-2614-350x196.jpg 350w, https:\/\/www.diarioimagen.net\/wp-content\/uploads\/2015\/05\/diabetes-2614-220x123.jpg 220w, https:\/\/www.diarioimagen.net\/wp-content\/uploads\/2015\/05\/diabetes-2614-237x132.jpg 237w, https:\/\/www.diarioimagen.net\/wp-content\/uploads\/2015\/05\/diabetes-2614.jpg 480w\" sizes=\"auto, (max-width: 240px) 100vw, 240px\" \/><\/a><p id=\"caption-attachment-218103\" class=\"wp-caption-text\">En M\u00e9xico se estima que 15 por ciento de los adultos de m\u00e1s de 20 a\u00f1os padecen diabetes y muchos casos no est\u00e1n diagnosticados.<\/p><\/div>\n<p>La Fundaci\u00f3n Mundial de Diabetes ha invertido 2.2 millones de d\u00f3lares en diversos proyectos en M\u00e9xico para apoyar a las autoridades de salud y a organizaciones no gubernamentales a mejorar la atenci\u00f3n m\u00e9dica y crear conciencia sobre este padecimiento.<\/p>\n<p>La misi\u00f3n de la fundaci\u00f3n es apoyar a los pa\u00edses para que afronten y prevengan la diabetes a trav\u00e9s de la capacitaci\u00f3n de los profesionales de salud, as\u00ed como llevar equipo necesario para diagn\u00f3stico y tratamiento en comunidades marginadas, dijo en entrevista el coordinador de programas de la Fundaci\u00f3n Mundial y asesor regional para Latinoam\u00e9rica, Bent Lautrup-Nielsen.<\/p>\n<p>En las comunidades pobres se capacita a los promotores de salud que colaboran en las cl\u00ednicas para dar asesor\u00eda a los pacientes en c\u00f3mo llevar una alimentaci\u00f3n nutritiva y de los beneficios de la pr\u00e1ctica de ejercicio, as\u00ed como campa\u00f1as de concientizaci\u00f3n, indic\u00f3.<\/p>\n<p>En M\u00e9xico se estima que 15 por ciento de los adultos de m\u00e1s de 20 a\u00f1os padecen diabetes y muchos casos no est\u00e1n diagnosticados, por lo que un c\u00e1lculo m\u00e1s realista indicar\u00eda que hay m\u00e1s de seis millones de diab\u00e9ticos, una cifra alarmante y que representa la prevalencia m\u00e1s alta en Latinoam\u00e9rica, asegur\u00f3.<\/p>\n<p>\u201cHemos reconocido que tambi\u00e9n es importante hacer investigaci\u00f3n operativa, es decir, proyectos piloto para ver si funciona un modelo o no\u201d, como son los tres planes contra la enfermedad que realiza la fundaci\u00f3n con el Instituto Nacional de Salud P\u00fablica (INSP).<\/p>\n<p>Una de las estrategias contra la enfermedad es el an\u00e1lisis de la retinopat\u00eda diab\u00e9tica, una de las complicaciones m\u00e1s graves y comunes de los enfermos, por lo que el estudio pretende afrontar de una mejor manera esta complicaci\u00f3n ocular y evitar la ceguera.<\/p>\n<p>El segundo proyecto se enfoca en la prevenci\u00f3n de la enfermedad en poblaciones ind\u00edgenas en Morelos, pues no se conoce la incidencia de la diabetes en estas comunidades, adem\u00e1s la alimentaci\u00f3n tradicional que llevaban se modific\u00f3.<\/p>\n<p>\u201cEn muy poco tiempo cambi\u00f3 el estilo de comer, por un estilo poco saludable con comida procesada y con bebidas azucaradas (\u2026) esperamos que este proyecto nos pueda brindar datos claros sobre la incidencia y tener m\u00e1s evidencia de c\u00f3mo ayudar a este grupo marginado, dijo Lautrup-Nielsen, quien a\u00f1adi\u00f3 que el otro proyecto se enfoca en estudiar la diabetes en mujeres embarazadas.<\/p>\n<p>&nbsp;<\/p>\n","protected":false},"excerpt":{"rendered":"<p>La Fundaci\u00f3n Mundial de Diabetes ha invertido 2.2 millones de d\u00f3lares en diversos proyectos en M\u00e9xico para apoyar a las autoridades de salud y a organizaciones no gubernamentales a mejorar la atenci\u00f3n m\u00e9dica y crear conciencia sobre este padecimiento.<\/p>\n","protected":false},"author":3,"featured_media":218103,"comment_status":"open","ping_status":"open","sticky":false,"template":"","format":"standard","meta":{"_monsterinsights_skip_tracking":false,"_monsterinsights_sitenote_active":false,"_monsterinsights_sitenote_note":"","_monsterinsights_sitenote_category":0,"footnotes":""},"categories":[877],"tags":[9277,5247,44],"class_list":["post-218031","post","type-post","status-publish","format-standard","has-post-thumbnail","hentry","category-salud","tag-diabetes","tag-inversion","tag-mexico"],"_links":{"self":[{"href":"https:\/\/www.diarioimagen.net\/index.php?rest_route=\/wp\/v2\/posts\/218031","targetHints":{"allow":["GET"]}}],"collection":[{"href":"https:\/\/www.diarioimagen.net\/index.php?rest_route=\/wp\/v2\/posts"}],"about":[{"href":"https:\/\/www.diarioimagen.net\/index.php?rest_route=\/wp\/v2\/types\/post"}],"author":[{"embeddable":true,"href":"https:\/\/www.diarioimagen.net\/index.php?rest_route=\/wp\/v2\/users\/3"}],"replies":[{"embeddable":true,"href":"https:\/\/www.diarioimagen.net\/index.php?rest_route=%2Fwp%2Fv2%2Fcomments&post=218031"}],"version-history":[{"count":0,"href":"https:\/\/www.diarioimagen.net\/index.php?rest_route=\/wp\/v2\/posts\/218031\/revisions"}],"wp:featuredmedia":[{"embeddable":true,"href":"https:\/\/www.diarioimagen.net\/index.php?rest_route=\/wp\/v2\/media\/218103"}],"wp:attachment":[{"href":"https:\/\/www.diarioimagen.net\/index.php?rest_route=%2Fwp%2Fv2%2Fmedia&parent=218031"}],"wp:term":[{"taxonomy":"category","embeddable":true,"href":"https:\/\/www.diarioimagen.net\/index.php?rest_route=%2Fwp%2Fv2%2Fcategories&post=218031"},{"taxonomy":"post_tag","embeddable":true,"href":"https:\/\/www.diarioimagen.net\/index.php?rest_route=%2Fwp%2Fv2%2Ftags&post=218031"}],"curies":[{"name":"wp","href":"https:\/\/api.w.org\/{rel}","templated":true}]}}