{"id":218177,"date":"2015-05-21T00:06:01","date_gmt":"2015-05-21T05:06:01","guid":{"rendered":"http:\/\/www.diarioimagen.net\/?p=218177"},"modified":"2015-05-22T05:53:57","modified_gmt":"2015-05-22T10:53:57","slug":"inauguran-la-plaza-estado-de-mexico-de-malinalco","status":"publish","type":"post","link":"https:\/\/www.diarioimagen.net\/?p=218177","title":{"rendered":"Inauguran la Plaza Estado de M\u00e9xico de Malinalco"},"content":{"rendered":"<ul>\n<li><strong><em>Entrega el gobernador obras por m\u00e1s de 68 mdp<\/em><\/strong><\/li>\n<\/ul>\n<h6>Redacci\u00f3n<\/h6>\n<p>&nbsp;<\/p>\n<p>&nbsp;<\/p>\n<div id=\"attachment_218261\" style=\"width: 250px\" class=\"wp-caption alignleft\"><a href=\"http:\/\/www.diarioimagen.net\/wp-content\/uploads\/2015\/05\/eruviel-2615.jpg\"><img loading=\"lazy\" decoding=\"async\" aria-describedby=\"caption-attachment-218261\" class=\"size-medium wp-image-218261\" src=\"http:\/\/www.diarioimagen.net\/wp-content\/uploads\/2015\/05\/eruviel-2615-240x135.jpg\" alt=\"El gobernador del Estado de M\u00e9xico puso en marcha en Malinalco obras de alcantarillado y de distribuci\u00f3n de agua potable, as\u00ed como dos plantas de tratamiento de aguas residuales.\" width=\"240\" height=\"135\" srcset=\"https:\/\/www.diarioimagen.net\/wp-content\/uploads\/2015\/05\/eruviel-2615-240x135.jpg 240w, https:\/\/www.diarioimagen.net\/wp-content\/uploads\/2015\/05\/eruviel-2615-420x236.jpg 420w, https:\/\/www.diarioimagen.net\/wp-content\/uploads\/2015\/05\/eruviel-2615-235x132.jpg 235w, https:\/\/www.diarioimagen.net\/wp-content\/uploads\/2015\/05\/eruviel-2615-202x114.jpg 202w, https:\/\/www.diarioimagen.net\/wp-content\/uploads\/2015\/05\/eruviel-2615-350x196.jpg 350w, https:\/\/www.diarioimagen.net\/wp-content\/uploads\/2015\/05\/eruviel-2615-220x123.jpg 220w, https:\/\/www.diarioimagen.net\/wp-content\/uploads\/2015\/05\/eruviel-2615-237x132.jpg 237w, https:\/\/www.diarioimagen.net\/wp-content\/uploads\/2015\/05\/eruviel-2615.jpg 480w\" sizes=\"auto, (max-width: 240px) 100vw, 240px\" \/><\/a><p id=\"caption-attachment-218261\" class=\"wp-caption-text\">El gobernador del Estado de M\u00e9xico puso en marcha en Malinalco obras de alcantarillado y de distribuci\u00f3n de agua potable, as\u00ed como dos plantas de tratamiento de aguas residuales.<\/p><\/div>\n<p>En beneficio de m\u00e1s de 10 mil habitantes de este municipio, el gobernador mexiquense puso en marcha obras de alcantarillado y de distribuci\u00f3n de agua potable, dos plantas de tratamiento de aguas residuales, la Plaza Estado de M\u00e9xico de Malinalco y la remodelaci\u00f3n del alumbrado p\u00fablico de la cabecera municipal, que tuvieron una inversi\u00f3n superior a los 68 millones de pesos.<\/p>\n<p>\u201cEstamos entregando obras de infraestructura sanitaria, hidr\u00e1ulica para Malinalco, que van a permitir dar y proporcionar agua a una regi\u00f3n de Malinalco; las plantas de tratamiento de agua que nos permiten evitar contaminaci\u00f3n al medio ambiente y que genera enfermedades a la poblaci\u00f3n, y que como un lugar tur\u00edstico debemos cuidarlo muy bien y verificar que las aguas que finalmente son tratadas, est\u00e9n sin contaminantes para que se evite la afectaci\u00f3n a la poblaci\u00f3n y el municipio siga siendo mucho m\u00e1s atractivo\u201d, se\u00f1al\u00f3.<\/p>\n<p>En la Plaza Estado de M\u00e9xico de Malinalco, la n\u00famero 57 en la actual administraci\u00f3n, el gobernador destac\u00f3 que mediante estas acciones se impulsa el desarrollo de la regi\u00f3n, a la par de mejorar tanto las condiciones de vida de los habitantes como la imagen urbana de Malinalco.<\/p>\n<p>En \u00e9ste, que es uno de los cinco pueblos m\u00e1gicos de la entidad, inform\u00f3 que durante su administraci\u00f3n se han destinado m\u00e1s de 2 mil 100 millones de pesos en la recuperaci\u00f3n de 417 espacios p\u00fablicos, como deportivos, parques, \u00e1reas verdes, ciclov\u00edas, entre otros, ya que estos lugares son propicios para la convivencia familiar, as\u00ed como para alejar a los j\u00f3venes de problemas como la delincuencia o las adicciones.<\/p>\n<p>Esta plaza fue construida en una superficie de 8 mil metros cuadrados, cont\u00f3\u00a0 con una inversi\u00f3n de m\u00e1s de 12 millones de pesos y tiene andadores, velaria, pista, tirolesa, juegos infantiles y para adultos mayores, \u00e1reas verdes, espejos de agua, puente colgante y cancha de usos m\u00faltiples.<\/p>\n<p>En este evento, el titular del Ejecutivo estatal tambi\u00e9n entreg\u00f3 la modernizaci\u00f3n del alumbrado p\u00fablico de la cabecera municipal, que consta de la instalaci\u00f3n de 250 luminarias de energ\u00eda solar, la cual llegar\u00e1 a 310 con la instalaci\u00f3n de otras 60 l\u00e1mparas m\u00e1s en los pr\u00f3ximos meses, lo que requiri\u00f3 una inversi\u00f3n de m\u00e1s \u00a014 millones de pesos.<\/p>\n<p>El secretario de Agua y Obra P\u00fablica detall\u00f3 que en la comunidad de Jalmolonga se reforz\u00f3 la red de alcantarillado, con la instalaci\u00f3n de 4 mil 102 metros de tuber\u00eda y se construyeron dos plantas de tratamiento de aguas residuales, cuya inversi\u00f3n total fue de m\u00e1s de 14 millones de pesos, en beneficio de cerca de 7 mil habitantes; en la comunidad La Ladrillera se construy\u00f3 un pozo para mejorar la distribuci\u00f3n de agua potable, ya que abastecer\u00e1 a las comunidades El Puentecito y La Loma, con una tuber\u00eda de 14 kil\u00f3metros de longitud y 590 tomas domiciliarias, en beneficio de 2 mil 500 habitantes que no contaban con este servicio, y una inversi\u00f3n de 12.6 millones de pesos.<\/p>\n<p>Adicionalmente se construy\u00f3 otro sistema de distribuci\u00f3n de agua potable en la comunidad El Platanar, que consta de 6 kil\u00f3metros de tuber\u00edas y 254 tomas domiciliarias y para su construcci\u00f3n de destin\u00f3 un monto de casi 3 millones de pesos, la cual atender\u00e1 las necesidades de 850 habitantes; en tanto que en la localidad de San Andr\u00e9s Nicol\u00e1s Bravo se entreg\u00f3 el sistema de alcantarillado, que tuvo con una inversi\u00f3n de 11 millones de pesos.<\/p>\n<p>&nbsp;<\/p>\n","protected":false},"excerpt":{"rendered":"<p>En beneficio de m\u00e1s de 10 mil habitantes de este municipio, el gobernador mexiquense puso en marcha obras de alcantarillado y de distribuci\u00f3n de agua potable, dos plantas de tratamiento de aguas residuales, la Plaza Estado de M\u00e9xico de Malinalco y la remodelaci\u00f3n del alumbrado p\u00fablico de la cabecera municipal, que tuvieron una inversi\u00f3n superior a los 68 millones de pesos.  <\/p>\n","protected":false},"author":3,"featured_media":218261,"comment_status":"open","ping_status":"open","sticky":false,"template":"","format":"standard","meta":{"_monsterinsights_skip_tracking":false,"_monsterinsights_sitenote_active":false,"_monsterinsights_sitenote_note":"","_monsterinsights_sitenote_category":0,"footnotes":""},"categories":[5],"tags":[5828,43675,4975],"class_list":["post-218177","post","type-post","status-publish","format-standard","has-post-thumbnail","hentry","category-estado-de-mexico","tag-eruviel-avila-villegas","tag-estado-de-mexico","tag-malinalco"],"_links":{"self":[{"href":"https:\/\/www.diarioimagen.net\/index.php?rest_route=\/wp\/v2\/posts\/218177","targetHints":{"allow":["GET"]}}],"collection":[{"href":"https:\/\/www.diarioimagen.net\/index.php?rest_route=\/wp\/v2\/posts"}],"about":[{"href":"https:\/\/www.diarioimagen.net\/index.php?rest_route=\/wp\/v2\/types\/post"}],"author":[{"embeddable":true,"href":"https:\/\/www.diarioimagen.net\/index.php?rest_route=\/wp\/v2\/users\/3"}],"replies":[{"embeddable":true,"href":"https:\/\/www.diarioimagen.net\/index.php?rest_route=%2Fwp%2Fv2%2Fcomments&post=218177"}],"version-history":[{"count":0,"href":"https:\/\/www.diarioimagen.net\/index.php?rest_route=\/wp\/v2\/posts\/218177\/revisions"}],"wp:featuredmedia":[{"embeddable":true,"href":"https:\/\/www.diarioimagen.net\/index.php?rest_route=\/wp\/v2\/media\/218261"}],"wp:attachment":[{"href":"https:\/\/www.diarioimagen.net\/index.php?rest_route=%2Fwp%2Fv2%2Fmedia&parent=218177"}],"wp:term":[{"taxonomy":"category","embeddable":true,"href":"https:\/\/www.diarioimagen.net\/index.php?rest_route=%2Fwp%2Fv2%2Fcategories&post=218177"},{"taxonomy":"post_tag","embeddable":true,"href":"https:\/\/www.diarioimagen.net\/index.php?rest_route=%2Fwp%2Fv2%2Ftags&post=218177"}],"curies":[{"name":"wp","href":"https:\/\/api.w.org\/{rel}","templated":true}]}}