{"id":218225,"date":"2015-05-21T00:01:05","date_gmt":"2015-05-21T05:01:05","guid":{"rendered":"http:\/\/www.diarioimagen.net\/?p=218225"},"modified":"2015-05-22T02:50:34","modified_gmt":"2015-05-22T07:50:34","slug":"linchamiento-del-arbitro-electoral","status":"publish","type":"post","link":"https:\/\/www.diarioimagen.net\/?p=218225","title":{"rendered":"Linchamiento del \u00e1rbitro electoral"},"content":{"rendered":"<h2>Poder y dinero<\/h2>\n<h5>V\u00edctor S\u00e1nchez Ba\u00f1os<\/h5>\n<p>&nbsp;<\/p>\n<p style=\"text-align: right;\"><em>La mujer del C\u00e9sar no debe ser \u00fanicamente casta y pura, sino parecerlo<br \/>\n<strong>Plutarco, historiador romano<\/strong><\/em><\/p>\n<p>No hay la menor duda que \u201cde que la perra es brava, hasta los de casa muerde\u201d. Esto ocurre con los partidos pol\u00edticos, absolutamente todos est\u00e1n en una guerra por el poder y el dinero, donde lo primero que hacen es descalificar al \u00e1rbitro, el Instituto Nacional Electoral.<\/p>\n<p>Si bien Lorenzo C\u00f3rdova, el consejero presidente, no entiende de que lo que diga, a\u00fan en privado, va a ser usado en su contra, hace comentarios absurdos e infantiles en una llamada telef\u00f3nica por celular, aparatos que son los m\u00e1s vulnerables para ser usados por los \u201cesp\u00edas\u201d.<\/p>\n<p>Hablar mal de un sector desprotegido es un pecado capital en M\u00e9xico. Los ind\u00edgenas definitivamente, no hablan correctamente el castellano y colocan al presidente del INE, un \u201cestudiado y preparado acad\u00e9micamente\u201d en instituciones educativas europeas con un idioma que no comprende. Lo convierten en un personaje que discrimina, con expresiones que se divulgaron en Youtube, como discriminatorias.<\/p>\n<p>No importa que ese interlocutor, del cual C\u00f3rdova arremedaba como \u201cindio apache\u201d o \u201ctoro sentado\u201d, amenazara con cometer un delito e impedir las elecciones.<\/p>\n<p>Claro, la cobard\u00eda de los pol\u00edticos se aprecia en el momento que no dice, ni el mismo presidente del INE, de qui\u00e9n se trata y por qu\u00e9 motivo eran las amenazas.<\/p>\n<p>Hoy, los pol\u00edticos piden la cabeza de C\u00f3rdova, a estas alturas de la contienda electoral. Quieren sacarlo, porque temen que aplique la ley estrictamente y cuestione a los mimos partidos.<\/p>\n<p>El tiene el voto de calidad en los conflictos pre y post electorales. Dominado por los partidos, entonces tendr\u00e1 que agachar la cabeza ante la partidocracia.<\/p>\n<p>Grave error para la min\u00fasvalidada democracia mexicana que renunciara o se sometiera a los caprichos de los partidos pol\u00edticos que quieren obtener m\u00e1s y m\u00e1s ventajas as\u00ed como prebendas en este proceso electoral. Someterse, pues, a las bajas pasiones de poder y dinero de las organizaciones pol\u00edticas.<\/p>\n<p>Entiendo que cometi\u00f3 un error, pero no se rob\u00f3 miles de millones de pesos, ni us\u00f3 helic\u00f3pteros oficiales, ni le pidi\u00f3 dinero a los partidos pol\u00edticos para apoyarlos. Eso ser\u00eda muy grave. S\u00f3lo fue pol\u00edticamente incorrecto.<\/p>\n<p>Claro, no era un discurso p\u00fablico, pero eso ser\u00eda lo correcto.<\/p>\n<p>Pero, a\u00fan no aclara a la opini\u00f3n p\u00fablica, NO a los partidos, el fondo y trasfondo de la conversaci\u00f3n \u201cespiada\u201d.<\/p>\n<p><strong>PODEROSOS CABALLEROS<\/strong>.- Ayer publicamos en esta columna, el malestar de participantes en la licitaci\u00f3n p\u00fablica del IMSS, para surtirle tiras para probar glucosa y colesterol. Las empresas que resultaron adjudicadas fueron el Grupo Ulten, para las tiras de Glucosa y Colesterol; y en el caso de las tiras para 10 par\u00e1metros en orina fue Diagnoqualitys.<\/p>\n<p>De acuerdo con el IMSS, que dirige Jos\u00e9 Antonio Gonz\u00e1lez, estas empresas cumplieron con las condiciones de calidad y seguridad requeridas por el instituto. En cuanto a la tira reactiva para la determinaci\u00f3n cuantitativa de triglic\u00e9ridos, de acuerdo a la Ley en la materia el proceso se declar\u00f3 desierto por posibles inconsistencias. En los pr\u00f3ximos d\u00edas el IMSS buscar\u00e1 un nuevo esquema de contrataci\u00f3n que garantice las mejores condiciones de precio y calidad para su adquisici\u00f3n, aunque menciona que esta licitaci\u00f3n, mediante la competencia, permiti\u00f3 obtener ahorros por 35 millones de pesos respecto de lo comprado en 2014.<\/p>\n<p>*** Citla Energy, que dirige Alejandro Morphy, ACON Investments, que encabeza Mauricio Cort\u00e9s, iniciaron la exploraci\u00f3n de oportunidades para participar en la apertura del sector energ\u00e9tico en M\u00e9xico, con un enfoque en actividades de exploraci\u00f3n y producci\u00f3n petrolera. ACON es inversionista en el sector petrolero en Estados Unidos y Latinoam\u00e9rica, la cual incluye exploraci\u00f3n, desarrollo y producci\u00f3n en aguas del Golfo de M\u00e9xico; adquisici\u00f3n y operaci\u00f3n de campos petroleros en tierra en los Estados Unidos, principalmente en Texas, Louisiana, Oklahoma y Mississippi, as\u00ed como en exploraci\u00f3n y producci\u00f3n en tierra en Colombia.<\/p>\n<p>*** De manera contundente el candidato a gobernador por la coalici\u00f3n PRI-PVEM-PNA, Juan Manuel Carreras L\u00f3pez, rechaz\u00f3 la versi\u00f3n de que cuenta con propiedades por m\u00e1s de 60 millones de pesos y la calific\u00f3 de informaci\u00f3n falsa, generada en el contexto de los tiempos electorales, en los que se le busca descalificarlo con informaci\u00f3n err\u00f3nea. Afirmo que tiene propiedades cercanas a los 14 millones de pesos, despu\u00e9s de 30 a\u00f1os de trabajo en el sector privado y p\u00fablico.<\/p>\n<p><strong>RESPONSABILIDAD SOCIAL CORPORATIVA<\/strong>.- La Holcim Foundation for Sustainable Construction anunci\u00f3 a los proyectos ganadores de la final global del 4\u00ba Ciclo de los Premios Holcim para la Construcci\u00f3n Sustentable, en los que Colombia obtuvo el oro, Sri Lanka la plata y Estados Unidos el bronce. M\u00e9xico compiti\u00f3 con el proyecto que gan\u00f3 el trofeo de plata en la final regional de Latinoam\u00e9rica: \u201cPlataforma arb\u00f3rea\u201d de Rom\u00e1n Cordero Tovar e Izbeth Mendoza Fragoso del despacho PLUG Arquitecture; y los ganadores de la presea de bronce, Francisco Pardo y Julio C\u00e9sar Amezcua Ch\u00e1zaro, del despacho de arquitectura AT103 con el proyecto \u201cCasa de ni\u00f1os Kokocali\u201d.<\/p>\n<p><a href=\"mailto:vsanchezb@gmail.com\" target=\"_blank\"><em>vsanchezb@gmail.com<\/em><\/a><\/p>\n<p><em>Twitter, Facebook y Printerest:<strong> vsanchezbano<\/strong><\/em><\/p>\n","protected":false},"excerpt":{"rendered":"<p><span style=\"color: #005497;\"><strong>V\u00edctor S\u00e1nchez Ba\u00f1os<\/strong><\/span><\/p>\n","protected":false},"author":3,"featured_media":0,"comment_status":"open","ping_status":"open","sticky":false,"template":"","format":"standard","meta":{"_monsterinsights_skip_tracking":false,"_monsterinsights_sitenote_active":false,"_monsterinsights_sitenote_note":"","_monsterinsights_sitenote_category":0,"footnotes":""},"categories":[38844],"tags":[43674,38847,38848],"class_list":["post-218225","post","type-post","status-publish","format-standard","hentry","category-victor-sanchez-banos","tag-opinion","tag-poder-y-dinero","tag-victor-sanchez-banos"],"_links":{"self":[{"href":"https:\/\/www.diarioimagen.net\/index.php?rest_route=\/wp\/v2\/posts\/218225","targetHints":{"allow":["GET"]}}],"collection":[{"href":"https:\/\/www.diarioimagen.net\/index.php?rest_route=\/wp\/v2\/posts"}],"about":[{"href":"https:\/\/www.diarioimagen.net\/index.php?rest_route=\/wp\/v2\/types\/post"}],"author":[{"embeddable":true,"href":"https:\/\/www.diarioimagen.net\/index.php?rest_route=\/wp\/v2\/users\/3"}],"replies":[{"embeddable":true,"href":"https:\/\/www.diarioimagen.net\/index.php?rest_route=%2Fwp%2Fv2%2Fcomments&post=218225"}],"version-history":[{"count":0,"href":"https:\/\/www.diarioimagen.net\/index.php?rest_route=\/wp\/v2\/posts\/218225\/revisions"}],"wp:attachment":[{"href":"https:\/\/www.diarioimagen.net\/index.php?rest_route=%2Fwp%2Fv2%2Fmedia&parent=218225"}],"wp:term":[{"taxonomy":"category","embeddable":true,"href":"https:\/\/www.diarioimagen.net\/index.php?rest_route=%2Fwp%2Fv2%2Fcategories&post=218225"},{"taxonomy":"post_tag","embeddable":true,"href":"https:\/\/www.diarioimagen.net\/index.php?rest_route=%2Fwp%2Fv2%2Ftags&post=218225"}],"curies":[{"name":"wp","href":"https:\/\/api.w.org\/{rel}","templated":true}]}}