{"id":218245,"date":"2015-05-21T00:07:31","date_gmt":"2015-05-21T05:07:31","guid":{"rendered":"http:\/\/www.diarioimagen.net\/?p=218245"},"modified":"2015-05-21T02:10:48","modified_gmt":"2015-05-21T07:10:48","slug":"leyes-decretos-y-la-terca-realidad","status":"publish","type":"post","link":"https:\/\/www.diarioimagen.net\/?p=218245","title":{"rendered":"Leyes, decretos y la terca realidad"},"content":{"rendered":"<h2>\u00cdndice pol\u00edtico<\/h2>\n<h5>Francisco Rodr\u00edguez<\/h5>\n<p>&nbsp;<\/p>\n<p>Acaba de dejarnos \u2014hace apenas cuatro a\u00f1os\u2014 Pablo Lucas Verd\u00fa, constitucionalista, una de las mentes m\u00e1s l\u00facidas que ha producido el foro espa\u00f1ol. Adalid de los estudios hispanohablantes de derecho pol\u00edtico. Todo un cl\u00e1sico.<\/p>\n<p>Sus teor\u00edas giraron en torno del poder de cambio de la ley. En M\u00e9xico, las tesis del derecho pol\u00edtico prendieron gratamente, en virtud de que por la Constituci\u00f3n las causas que reclama el inter\u00e9s p\u00fablico pueden aplicarse retroactivamente en beneficio del pueblo.<\/p>\n<p>El maestro de la Complutense ha sido muchas veces mal interpretado por te\u00f3ricos locales. Yo s\u00ed creo en el poder transformador del derecho, para eso est\u00e1, por eso es una ciencia social. Pero no es m\u00e1gico. Es una disciplina pragm\u00e1tica.<\/p>\n<p>El derecho no es igual que la literatura o el arte pl\u00e1stico, productores de realidades virtuales que pueden cambiar de un plumazo o de un brochazo todo aquello que la naturaleza de las cosas ordena. El derecho norma sobre las condiciones objetivas e hist\u00f3ricas de cada sociedad, jam\u00e1s sobre fantas\u00edas. Lo dem\u00e1s son pamplinas.<\/p>\n<p>El emblema del abogado, desde hace siglos, es el b\u00faho. No responde a un capricho de estudiantina. El b\u00faho representa para las filosof\u00edas pol\u00edticas de todos los tiempos, aquella ave que emprende el vuelo al atardecer de las sociedades.<\/p>\n<p>Proyecta sobre el colectivo sus alas. Quiere parecer, y as\u00ed lo rese\u00f1\u00f3 Hegel en su Fenomenolog\u00eda del Esp\u00edritu, un similar de la ley, que extiende su protecci\u00f3n sobre conductas que ya se estilan, sobre el modo de vida, las costumbres, los usos del cu\u00f1o corriente de un pueblo.<\/p>\n<p>No puede ser de otra manera. Lo contrario en los extremos ser\u00eda concederle a la ley poderes que no tiene, o condenarla al cl\u00e1sico de las cortes castellanas \u201cobed\u00e9zcase, pero no se cumpla\u201d\u200e y resignarse a archivar para siempre su contenido, por m\u00e1s revolucionario que pueda ser.<\/p>\n<p>Ser\u00eda tanto como pensar que a trav\u00e9s de un decreto pudi\u00e9ramos recuperar las dos terceras partes del suelo que hemos erosionado o arruinado los mexicanos. Nos quedamos, como aqu\u00ed lo comentamos con usted querido lector, con una extensi\u00f3n agr\u00edcola laborable rid\u00edcula.<\/p>\n<p>Una superficie agr\u00edcola equivalente a unas cuantas veces el tama\u00f1o del Valle de M\u00e9xico, pero en todo el pa\u00eds, lo que representa un dato alarmante, que por lo visto para nada preocupa a nuestras altas autoridades del agua, de Sagarpa o de la Semarnat. En unos cuantos a\u00f1os pasamos de 90 a 20 millones de hect\u00e1reas.<\/p>\n<p>No podemos pensar que a trav\u00e9s de la ley vamos a recuperar los suelos agr\u00edcolas perdidos, as\u00ed como tampoco la virginidad. Ni vamos a poder lograr que la mitad de la poblaci\u00f3n femenina se convierta en un activo pol\u00edtico desatado y militante, porque la ley as\u00ed lo haya ordenado.<\/p>\n<p style=\"text-align: center;\"><strong>Feminismo \u00bfpor decreto?<\/strong><\/p>\n<p>Para poder cubrir las cuotas de g\u00e9nero que la ley suprema indica, tendr\u00edamos que vivir en la legendaria Amazonia que relataban los cl\u00e1sicos griegos. Un lugar en donde las mujeres ten\u00edan el bast\u00f3n del mando y eran m\u00e1s abocadas a esos quehaceres que cualquier hombre.<\/p>\n<p>En los momentos que vive M\u00e9xico, la condici\u00f3n femenina merece un trato decente y comedido, pero de ah\u00ed a pensar que por ley deben ocupar el 50% de las curules, los esca\u00f1os y todos los puestos de mando, ser\u00eda demasiado optimista.<\/p>\n<p>Es como pensar, en el terreno pol\u00edtico, que por ser mujeres, las abanderadas del tricolor arrasar\u00edan en las elecciones para gobernador de Nuevo Le\u00f3n y Sonora. Que ganar\u00edan por la decisi\u00f3n del partido oficial de que as\u00ed sea.\u200e \u00a1Menudo frentazo!<\/p>\n<p>\u200eO pensar que una ley puede fabricar un buen gobernador sustituto como Rogelio Ortega, el \u201cpacificador\u201d de Guerrero.<\/p>\n<p>Tampoco por la ley pueden frenarse las exhalaciones del Popo y del Volc\u00e1n de Colima, \u00a1eh!\u200e No pueden enlatarse los huevos rancheros, ni el pulque del Valle de Ixmiquilpan. La ley tambi\u00e9n exige cierto respeto, cierto decoro para poder ser quien es.<\/p>\n<p style=\"text-align: center;\"><strong>Un le\u00f3n que se lima las u\u00f1as<\/strong><\/p>\n<p>Creo en el poder transformador del derecho. Pero de ah\u00ed a pensar que gracias a la Ley General de Transparencia que obliga\u200e a sindicatos, universidades, partidos, organizaciones, poderes a rendir cuentas sobre los recursos presupuestales que ejercen, ser\u00eda tanto como pedirle a un le\u00f3n se limara las u\u00f1as antes de comer.<\/p>\n<p>Los mexicanos somos as\u00ed. No nos mandaron a hacer. Es famosa la caricatura de Abel Quezada, recogida en su libro sobre Nosotros, los hombres verdes, donde San Pedro le reclama al Creador habernos dotado con todos los recursos naturales y minerales de la tierra.<\/p>\n<p>A lo que el Creador responde: \u201c S\u00ed, pero es que no sabes quienes habitar\u00e1n en ese territorio. Para que se empareje la decisi\u00f3n le pongo a los mexicanos\u201d.<\/p>\n<p>\u200eEso no lo puede cambiar la ley. La caracterolog\u00eda y los perfiles conductuales de un pueblo son un sedimento de siglos. No nace por decreto. Creer lo contrario no s\u00f3lo es anticient\u00edfico, sino anti\u00e9tico por ingenuo.<\/p>\n<p>Lo que hace la ley, para delimitar los t\u00e9rminos de la convivencia, es poner cotos, decir hasta aqu\u00ed. No por nada la m\u00e1s certera definici\u00f3n del estado de Derecho consiste en s\u00f3lo dejar hacer \u201ca los particulares lo que la ley les autoriza, a los mandatarios s\u00f3lo lo que la ley no les proh\u00edbe\u201d.<\/p>\n<p>Es la regla de oro, y \u00e9sta debe sujetarse a no lastimar el orden p\u00fablico, la paz social, los t\u00e9rminos de la vida en com\u00fan dentro de una colectividad.\u200e Lo dem\u00e1s es s\u00f3lo parte de \u201cun mundo raro\u201d. Puras buenas intenciones.<\/p>\n<p style=\"text-align: center;\"><strong>La Jalada del #3de3<\/strong><\/p>\n<p>La terca realidad a que se refer\u00eda el enorme Gramsci en sus Cuadernos desde la c\u00e1rcel, es ni m\u00e1s ni menos que el l\u00edmite de lo que se puede y se debe. M\u00e1s all\u00e1 no existe nada. \u201cEl pesimismo es asunto de la inteligencia; el optimismo es de la voluntad\u201d, sol\u00eda decir.<\/p>\n<p>Lo que pasa es que c\u00edclicamente aparecen te\u00f3ricos de toda laya que quieren vendernos espejitos y dem\u00e1s bisuter\u00eda, a cambio de nuestros munificentes favores\u200e. Como su ambici\u00f3n se ha desatado o no conocen el pa\u00eds, quieren que \u00e9ste se ajuste a g\u00fcevo a lo que ellos piensan que debe ser.<\/p>\n<p>Se pasan de lanzas. Ahora traen el retint\u00edn de lo que hasta hace poco era el famoso hashtag #3de3. Idea importada de sociedades protestantes. Se trata de que un aspirante a cargo p\u00fablico no s\u00f3lo sea pasado por las armas del pol\u00edgrafo, la orina, el ADN del pelo, los ex\u00e1menes de actitudes ante los dem\u00e1s y las aptitudes f\u00edsicas \u201cque el cargo requiere\u201d.<\/p>\n<p>Aparte, debe presentar declaraciones patrimoniales, de impuestos y hasta de posible conflicto de inter\u00e9s . Con eso, dicen ellos, M\u00e9xico se transformar\u00e1 en un pa\u00eds con gobernantes honestos \u00a1y una democracia de rechupete!<\/p>\n<p>Absolutamente de acuerdo. Pero los primeros que deber\u00edan presentar esos ex\u00e1menes son los propios promotores de la idea. Los m\u00e1s acerados, los que presumen de larga lengua, lo que en realidad tienen es la cola muy larga. Algunos obedecen consignas de sus patrones imperiales, otros, los sultanes de la transparencia, han construido su actual confort gracias a los contratos petroleros que sus padres les agenciaron desde su infancia. Fueron muy previsores, \u00bfno?<\/p>\n<p>Los otros, s\u00f3lo ladran como perros de rancho, sin saber por qu\u00e9 empezaron en la otra loma los ladridos, s\u00f3lo se dejan llevar por el eco.\u200e Parecen no saber que entre las miles de leyes que en M\u00e9xico no se aplican, se encuentra un derecho positivo \u2014que deber\u00eda ser vigente\u2014 de larga data.<\/p>\n<p>\u200e\u00bfPor qu\u00e9 se empe\u00f1an en torear a la inteligencia burocr\u00e1tica?<\/p>\n<p>Es generalmente aceptado en el mundo, que la m\u00e1s antigua legislaci\u00f3n sobre transparencia y tribunales de cuentas, se basa en la tradici\u00f3n moz\u00e1rabe, recopilada y actualizada por sabios jud\u00edos y musulmanes de la famosa Escuela de Int\u00e9rpretes de Toledo.<\/p>\n<p>De ah\u00ed pas\u00f3 a M\u00e9xico. La legislaci\u00f3n penal, civil, constitucional, mercantil de nuestro pa\u00eds es de avanzada. En ella se recogen todos los planteamientos y la legislaci\u00f3n vigente para recortar las u\u00f1as de los truchimanes.<\/p>\n<p>Es decir, ya la tenemos. Es derecho positivo aprobado por los congresos hist\u00f3ricos desde que tenemos memoria independiente.\u200e Los famosos conflictos de inter\u00e9s ya exist\u00edan en nuestras leyes, desde antes que llegaran los saqueadores alemanistas.<\/p>\n<p>Una gran legislaci\u00f3n apoyada en el derecho germano de la escuela del bienestar\u200e fue trasladada a M\u00e9xico para echar a funcionar la \u00e9poca de las instituciones de los caudillos sonorenses. Ellos tambi\u00e9n creyeron que todo era cuesti\u00f3n de leyes.<\/p>\n<p>Pero, \u00a1oh sorpresa! No tomaron en cuenta el factor humano, el que da al traste con \u200elas mejores intenciones.<\/p>\n<p>Al d\u00eda de hoy, nuestros pontificadores e \u201cintelecuales\u201d org\u00e1nicos de toda ralea, a\u00fan no saben que existe la terca realidad.<\/p>\n<p><strong><em>\u00cdndice Flam\u00edgero: <\/em><\/strong>Enrique Pe\u00f1a Nieto felicit\u00f3 al futbolista Andr\u00e9s Guardado por ser el mejor jugador de la liga holandesa, mientras que el joven Felipe G\u00f3mez del Campo ha sido palmariamente ignorado, no obstante que desarroll\u00f3 una tecnolog\u00eda para reducir el costo del combustible que usan los aviones. A los 21 a\u00f1os ya preside su propia compa\u00f1\u00eda. Es un verdadero emprendedor. Y por tal fue que el viernes anterior Barack Obama lo premi\u00f3 en la Casa Blanca.\u00a0+ + + Gran dolor de cabeza tienen los desaparecidos pri\u00edstas y los ventajosos perredistas de la capital nacional. Se los provoca el zacatecano Ricardo Monreal, quien se enfila a ser el pr\u00f3ximo delegado en Cuauht\u00e9moc. + + + Y desde ayer el Sistema Nacional Anticorrupci\u00f3n ya es constitucional. \u00a1Se acabaron los bandidos!, jejeje. Gran distancia entre las leyes, decretos&#8230; y la terca realidad.<\/p>\n<p><em><a href=\"http:\/\/www.indicepolitico.com\" target=\"_blank\">www.indicepolitico.com<\/a><\/em><br \/>\n<em><a href=\"mailto:pacorodriguez@journalist.com\" target=\"_blank\">pacorodriguez@journalist.com<\/a><\/em><\/p>\n","protected":false},"excerpt":{"rendered":"<p><span style=\"color: #005497;\"><strong>Francisco Rodr\u00edguez<\/strong><\/span><\/p>\n","protected":false},"author":3,"featured_media":0,"comment_status":"open","ping_status":"open","sticky":false,"template":"","format":"standard","meta":{"_monsterinsights_skip_tracking":false,"_monsterinsights_sitenote_active":false,"_monsterinsights_sitenote_note":"","_monsterinsights_sitenote_category":0,"footnotes":""},"categories":[549],"tags":[43689,550,43674],"class_list":["post-218245","post","type-post","status-publish","format-standard","hentry","category-francisco-rodriguez","tag-francisco-rodriguez","tag-indice-politico","tag-opinion"],"_links":{"self":[{"href":"https:\/\/www.diarioimagen.net\/index.php?rest_route=\/wp\/v2\/posts\/218245","targetHints":{"allow":["GET"]}}],"collection":[{"href":"https:\/\/www.diarioimagen.net\/index.php?rest_route=\/wp\/v2\/posts"}],"about":[{"href":"https:\/\/www.diarioimagen.net\/index.php?rest_route=\/wp\/v2\/types\/post"}],"author":[{"embeddable":true,"href":"https:\/\/www.diarioimagen.net\/index.php?rest_route=\/wp\/v2\/users\/3"}],"replies":[{"embeddable":true,"href":"https:\/\/www.diarioimagen.net\/index.php?rest_route=%2Fwp%2Fv2%2Fcomments&post=218245"}],"version-history":[{"count":0,"href":"https:\/\/www.diarioimagen.net\/index.php?rest_route=\/wp\/v2\/posts\/218245\/revisions"}],"wp:attachment":[{"href":"https:\/\/www.diarioimagen.net\/index.php?rest_route=%2Fwp%2Fv2%2Fmedia&parent=218245"}],"wp:term":[{"taxonomy":"category","embeddable":true,"href":"https:\/\/www.diarioimagen.net\/index.php?rest_route=%2Fwp%2Fv2%2Fcategories&post=218245"},{"taxonomy":"post_tag","embeddable":true,"href":"https:\/\/www.diarioimagen.net\/index.php?rest_route=%2Fwp%2Fv2%2Ftags&post=218245"}],"curies":[{"name":"wp","href":"https:\/\/api.w.org\/{rel}","templated":true}]}}