{"id":218614,"date":"2015-05-25T00:06:41","date_gmt":"2015-05-25T05:06:41","guid":{"rendered":"http:\/\/www.diarioimagen.net\/?p=218614"},"modified":"2015-05-26T02:26:05","modified_gmt":"2015-05-26T07:26:05","slug":"mas-violencia","status":"publish","type":"post","link":"https:\/\/www.diarioimagen.net\/?p=218614","title":{"rendered":"M\u00e1s violencia"},"content":{"rendered":"<h2>Punto por punto<\/h2>\n<h5>Augusto Corro<\/h5>\n<p>&nbsp;<\/p>\n<p>Cuarenta y dos presuntos sicarios y un polic\u00eda resultaron muertos en el \u00faltimo enfrentamiento entre representantes de la ley y elementos del crimen organizado.<\/p>\n<p>El hecho cruento se registr\u00f3 en Tanhuato, Michoac\u00e1n, en los l\u00edmites con Jalisco.<\/p>\n<p>Como ocurri\u00f3 en casos anteriores, el gobierno estatal dej\u00f3 a las autoridades federales la responsabilidad de combatir a la delincuencia.<\/p>\n<p>Ante la pasividad de los gobernadores, cabe preguntarles qu\u00e9 hacen para brindar seguridad a la sociedad. No tendr\u00edan que responder, pues su ineptitud se ve desde cualquier \u00e1ngulo.<\/p>\n<p>En Michoac\u00e1n, como en Guerrero, Tamaulipas y Jalisco, es tal la inseguridad que sus gobiernos podr\u00edan considerarse como fallidos. Son decenas de muertes las que confirman lo dicho.<\/p>\n<p>\u00bfC\u00f3mo es posible que las autoridades estatales no se enteren de la integraci\u00f3n de bandas delincuenciales que aterrorizan a la poblaci\u00f3n?<\/p>\n<p>Por ejemplo, en el caso de Tanhuato, \u00bfc\u00f3mo es posible que el gobierno michoacano ignorase que la banda de narcos ten\u00eda en su poder un sinn\u00famero de armas de todos los calibres? \u00bfNo existen los cuerpos de inteligencia?<\/p>\n<p>Sin duda, cada hecho violento nos lleva a reflexionar sobre la duraci\u00f3n de una espiral de violencia que no se controla; pero que a los gobernadores los mantiene sin preocupaci\u00f3n, al fin y al cabo, las autoridades federales son los que les van a resolver sus problemas.<\/p>\n<p>Por pura curiosidad, ser\u00eda interesante saber qu\u00e9 planes aplican los gobiernos estatales para prevenir la delincuencia. Aunque de antemano conocemos que ninguno, pues los mandatarios estatales le apuestan m\u00e1s a la ingobernabilidad.<\/p>\n<p>As\u00ed la espiral de violencia continuar\u00e1 hasta el infinito.<\/p>\n<p style=\"text-align: center;\"><strong>LOS MENORES DE EDAD<\/strong><\/p>\n<p>Para el crimen organizado no hay edades para sus militantes y si se trata de ni\u00f1os y adolescentes, mejor, porque la ley para castigarlos es m\u00e1s el\u00e1stica.<\/p>\n<p>En ese escenario de vinculaci\u00f3n entre menores y delincuencia ya surgieron verdaderos asesinos como Edgar \u201cN\u201d, El Ponchis\u201d, de 14 a\u00f1os, acusado de degollar a sus enemigos, en el estado de Morelos.<\/p>\n<p>El fin de semana en Oaxaca, Juan Mart\u00edn P\u00e9rez Garc\u00eda, integrante de la Red por los Derechos de la Infancia en M\u00e9xico, inform\u00f3 que entre 25 a 30 mil adolescentes se encuentran vinculados al crimen organizado, como informantes, procesadores de sustancias, etc.<\/p>\n<p>Por otra parte, las escenas cruentas de la delincuencia ya llegaron a las mentes de los ni\u00f1os. Ah\u00ed se est\u00e1 el caso del menor que muri\u00f3 a manos de otros adolescentes cuando jugaban \u201cal secuestro\u201d.<\/p>\n<p>Algo no funciona en nuestra sociedad que tiene presos a 5 mil menores de edad y m\u00e1s de mil de \u00e9stos, acusados de delitos graves, como sicarios del crimen organizado.<\/p>\n<p>Las conductas delincuenciales de los ni\u00f1os deben ser atendidas por todas las autoridades, sin escatimar recursos, para evitar que el crimen avance en uno de los sectores m\u00e1s vulnerables: la ni\u00f1ez.<\/p>\n<p style=\"text-align: center;\"><strong>LOS MEDINA<\/strong><\/p>\n<p>Es m\u00e1s que incierto el futuro del gobernador de Nuevo Le\u00f3n, Rodrigo Medina de la Cruz, pues es acusado de enriquecimiento il\u00edcito y corrupci\u00f3n.<\/p>\n<p>\u00bfSer\u00e1 el nuevo Andr\u00e9s Granier Melo pri\u00edsta? El tabasque\u00f1o es el \u00fanico ex mandatario estatal preso por el saqueo a las arcas p\u00fablicas. \u00bfCorrer\u00e1 la misma suerte el neoleon\u00e9s? Es posible. Aunque todo depender\u00e1 qu\u00e9 candidato gane la gubernatura.<\/p>\n<p>Y precisamente, la incertidumbre crece en Medina de la Cruz, conforme se acerca el 7 de junio, d\u00eda de las elecciones para renovar el gobierno de Nuevo Le\u00f3n.<\/p>\n<p>De acuerdo con las acusaciones de sus adversarios pol\u00edticos, el gobernador permiti\u00f3 a sus colaboradores numerosos actos de deshonestidad, as\u00ed como la participaci\u00f3n de su padre, Humberto Medina Ainslie, en negocios turbios.<\/p>\n<p>Los panistas neoleoneses se\u00f1alaron que la familia Medina adquiri\u00f3 bienes inmuebles en M\u00e9xico y el extranjero por 500 millones de pesos, cantidad inaccesible para ellos (los Medina) si se toman en cuenta sus ingresos.<\/p>\n<p>En este espacio dijimos que con el abuso total del poder, intentaron enga\u00f1ar a ejidatarios para adquirir terrenos de manera il\u00edcita.<\/p>\n<p>El panorama es sombr\u00edo para el mandatario Medina, porque el candidato independiente Jaime Rodr\u00edguez Calder\u00f3n, \u201cEl Bronco\u201d, encabeza la preferencia electoral para ganar la gubernatura, y de lograrlo investigar\u00e1 la riqueza del gobernador y su familia, seg\u00fan promesa de campa\u00f1a.<\/p>\n<p>&nbsp;<\/p>\n<p style=\"text-align: center;\"><strong>\u201cLOS CHUCHOS\u201d Y AGUIRRE<\/strong><\/p>\n<p>Como era de esperarse, la corriente Nueva Izquierda (NI) de \u201cLos Chuchos\u201d, los due\u00f1os del Partido de la Revoluci\u00f3n Democr\u00e1tica (PRD) revivieron al ex gobernador de Guerrero, \u00c1ngel Aguirre Rivero, quien pidi\u00f3 licencia al cargo, luego de los sangrientos acontecimientos en Iguala, Guerrero, hace siete meses.<\/p>\n<p>Tras un sinn\u00famero de esc\u00e1ndalos, el citado Aguirre Rivero pas\u00f3 al ostracismo pol\u00edtico, pero a la c\u00fapula perredista ya se le hac\u00eda tarde para reactivarlo.<\/p>\n<p>El martes pasado, uno de \u201cLos Chuchos\u201d, Guadalupe Acosta Naranjo, coordinador de la campa\u00f1a de Beatriz Mojica, candidata perredista a la gubernatura de Guerrero, se reuni\u00f3 con el ex mandatario para resucitarlo pol\u00edticamente.<\/p>\n<p>Ante esta consideraci\u00f3n, Acosta Naranjo dijo que no se puede hablar de una resurrecci\u00f3n en la pol\u00edtica de Aguirre Rivero, porque lo ha visto muerto.<\/p>\n<p>Los perredistas, est\u00e1 claro, tratan de jugar con la memoria de los guerrerenses, que saben muy bien qu\u00e9 clase de pillo es el ex gobernador, quien llev\u00f3 a su estado a la situaci\u00f3n de violencia incontenible ya convertirlo en un gigantesco cementerio.<\/p>\n<p>La izquierda en Guerrero perdi\u00f3 todo cuando ocurri\u00f3 la desaparici\u00f3n de los 43 normalistas de Ayotzinapa a manos de los narcopol\u00edticos de Iguala.<\/p>\n<p>A prop\u00f3sito de Iguala, \u00bfqu\u00e9 sabe Aguirre Rivero del plagio de los estudiantes?<\/p>\n<p><em><a href=\"mailto:aco2742@hotmail.com\" target=\"_blank\">aco2742@hotmail.com<\/a><\/em><\/p>\n","protected":false},"excerpt":{"rendered":"<p><span style=\"color: #005497;\"><strong>Augusto Corro<\/strong><\/span><\/p>\n","protected":false},"author":3,"featured_media":0,"comment_status":"open","ping_status":"open","sticky":false,"template":"","format":"standard","meta":{"_monsterinsights_skip_tracking":false,"_monsterinsights_sitenote_active":false,"_monsterinsights_sitenote_note":"","_monsterinsights_sitenote_category":0,"footnotes":""},"categories":[157],"tags":[43686,43674,11515],"class_list":["post-218614","post","type-post","status-publish","format-standard","hentry","category-augusto-corro","tag-augusto-corro","tag-opinion","tag-punto-por-punto"],"_links":{"self":[{"href":"https:\/\/www.diarioimagen.net\/index.php?rest_route=\/wp\/v2\/posts\/218614","targetHints":{"allow":["GET"]}}],"collection":[{"href":"https:\/\/www.diarioimagen.net\/index.php?rest_route=\/wp\/v2\/posts"}],"about":[{"href":"https:\/\/www.diarioimagen.net\/index.php?rest_route=\/wp\/v2\/types\/post"}],"author":[{"embeddable":true,"href":"https:\/\/www.diarioimagen.net\/index.php?rest_route=\/wp\/v2\/users\/3"}],"replies":[{"embeddable":true,"href":"https:\/\/www.diarioimagen.net\/index.php?rest_route=%2Fwp%2Fv2%2Fcomments&post=218614"}],"version-history":[{"count":0,"href":"https:\/\/www.diarioimagen.net\/index.php?rest_route=\/wp\/v2\/posts\/218614\/revisions"}],"wp:attachment":[{"href":"https:\/\/www.diarioimagen.net\/index.php?rest_route=%2Fwp%2Fv2%2Fmedia&parent=218614"}],"wp:term":[{"taxonomy":"category","embeddable":true,"href":"https:\/\/www.diarioimagen.net\/index.php?rest_route=%2Fwp%2Fv2%2Fcategories&post=218614"},{"taxonomy":"post_tag","embeddable":true,"href":"https:\/\/www.diarioimagen.net\/index.php?rest_route=%2Fwp%2Fv2%2Ftags&post=218614"}],"curies":[{"name":"wp","href":"https:\/\/api.w.org\/{rel}","templated":true}]}}