{"id":218702,"date":"2015-05-26T00:13:45","date_gmt":"2015-05-26T05:13:45","guid":{"rendered":"http:\/\/www.diarioimagen.net\/?p=218702"},"modified":"2015-05-26T02:10:57","modified_gmt":"2015-05-26T07:10:57","slug":"los-juegos-hermanan-a-las-naciones","status":"publish","type":"post","link":"https:\/\/www.diarioimagen.net\/?p=218702","title":{"rendered":"Los juegos hermanan a las naciones"},"content":{"rendered":"<h2>Arco Norte<\/h2>\n<h5>Jos\u00e9 Luis Monta\u00f1ez Aguilar<\/h5>\n<p>&nbsp;<\/p>\n<div id=\"attachment_218773\" style=\"width: 250px\" class=\"wp-caption alignleft\"><a href=\"http:\/\/www.diarioimagen.net\/?attachment_id=218773\" rel=\"attachment wp-att-218773\"><img loading=\"lazy\" decoding=\"async\" aria-describedby=\"caption-attachment-218773\" class=\"size-medium wp-image-218773\" src=\"http:\/\/www.diarioimagen.net\/wp-content\/uploads\/2015\/05\/arco-2618-240x135.jpg\" alt=\"Encendido de la Antorcha de los Juegos Panamericanos 2015\" width=\"240\" height=\"135\" srcset=\"https:\/\/www.diarioimagen.net\/wp-content\/uploads\/2015\/05\/arco-2618-240x135.jpg 240w, https:\/\/www.diarioimagen.net\/wp-content\/uploads\/2015\/05\/arco-2618-420x236.jpg 420w, https:\/\/www.diarioimagen.net\/wp-content\/uploads\/2015\/05\/arco-2618-235x132.jpg 235w, https:\/\/www.diarioimagen.net\/wp-content\/uploads\/2015\/05\/arco-2618-202x114.jpg 202w, https:\/\/www.diarioimagen.net\/wp-content\/uploads\/2015\/05\/arco-2618-350x196.jpg 350w, https:\/\/www.diarioimagen.net\/wp-content\/uploads\/2015\/05\/arco-2618-220x123.jpg 220w, https:\/\/www.diarioimagen.net\/wp-content\/uploads\/2015\/05\/arco-2618-237x132.jpg 237w, https:\/\/www.diarioimagen.net\/wp-content\/uploads\/2015\/05\/arco-2618.jpg 480w\" sizes=\"auto, (max-width: 240px) 100vw, 240px\" \/><\/a><p id=\"caption-attachment-218773\" class=\"wp-caption-text\">Encendido de la Antorcha de los Juegos Panamericanos 2015<\/p><\/div>\n<p>Al encabezar la ceremonia del Encendido del Fuego Nuevo de los XVII Juegos Deportivos Panamericanos Toronto 2015, junto con el presidente de la Organizaci\u00f3n Deportiva Panamericana, Julio C\u00e9sar Maglione e integrantes de los comit\u00e9s organizador y ol\u00edmpico mexicano, el\u00a0\u00a0gobernador del Estado de M\u00e9xico afirm\u00f3 que los atletas que participar\u00e1n en esta justa deportiva fortalecer\u00e1n la hermandad de las naciones del continente americano, a trav\u00e9s\u00a0\u00a0de la sana competencia y de la unidad, por lo que dese\u00f3 buena suerte a los deportistas que acudir\u00e1n a este evento, que tendr\u00e1 lugar del 10 al 25 de julio pr\u00f3ximo.\u00a0\u00a0\u201cNuestros atletas panamericanos y parapanamericanos son los embajadores de la unidad, la fraternidad y la sana competencia entre las naciones. Hoy en el Estado de M\u00e9xico tenemos el alto honor de encender y dar salida a la antorcha de los Juegos de Toronto 2015, sabemos que esta antorcha estar\u00e1 en muy buenas manos all\u00e1 en Canad\u00e1, esta antorcha panamericana representa el movimiento y el calor del gran esp\u00edritu deportivo\u201d, expres\u00f3.\u00a0En la zona arqueol\u00f3gica de Teotihuac\u00e1n, el gobernador destac\u00f3 que este encuentro es uno de los eventos deportivos m\u00e1s trascendentes en el continente, y que en su edici\u00f3n 2015 participar\u00e1n 7 mil 600 atletas de 41 pa\u00edses, quienes competir\u00e1n en alguna de las 60 disciplinas incluidas.En presencia de David Robert Peterson, presidente del comit\u00e9 organizador, el titular del Ejecutivo estatal confi\u00f3 en que la llama\u00a0\u00a0panamericana, encendida en esta ceremonia, contagiar\u00e1 con buena energ\u00eda y con el esp\u00edritu transformador de los mexiquenses a los deportistas y organizadores, adem\u00e1s de que se convertir\u00e1 en el s\u00edmbolo de los valores de fraternidad entre los pueblos de Am\u00e9rica.<\/p>\n<p><em><a href=\"mailto:montanezaguilar@gmail.com\" target=\"_blank\">montanezaguilar@gmail.com<\/a><\/em><\/p>\n","protected":false},"excerpt":{"rendered":"<p><span style=\"color: #005497;\"><strong>Jos\u00e9 Luis Monta\u00f1ez Aguilar<\/strong><\/span><br \/>\n<br \/>\nAl encabezar la ceremonia del Encendido del Fuego Nuevo de los XVII Juegos Deportivos Panamericanos Toronto 2015, junto con el presidente de la Organizaci\u00f3n Deportiva Panamericana, Julio C\u00e9sar Maglione e integrantes de los comit\u00e9s organizador y ol\u00edmpico mexicano, el  gobernador del Estado de M\u00e9xico afirm\u00f3 que los atletas que participar\u00e1n en esta justa deportiva fortalecer\u00e1n la hermandad de las naciones del continente americano, a trav\u00e9s  de la sana competencia y de la unidad, por lo que dese\u00f3 buena suerte a los deportistas que acudir\u00e1n a este evento, que tendr\u00e1 lugar del 10 al 25 de julio pr\u00f3ximo. <\/p>\n","protected":false},"author":3,"featured_media":218773,"comment_status":"open","ping_status":"open","sticky":false,"template":"","format":"standard","meta":{"_monsterinsights_skip_tracking":false,"_monsterinsights_sitenote_active":false,"_monsterinsights_sitenote_note":"","_monsterinsights_sitenote_category":0,"footnotes":""},"categories":[5],"tags":[13284,43704,43674],"class_list":["post-218702","post","type-post","status-publish","format-standard","has-post-thumbnail","hentry","category-estado-de-mexico","tag-arco-norte","tag-jose-luis-montanez-aguilar","tag-opinion"],"_links":{"self":[{"href":"https:\/\/www.diarioimagen.net\/index.php?rest_route=\/wp\/v2\/posts\/218702","targetHints":{"allow":["GET"]}}],"collection":[{"href":"https:\/\/www.diarioimagen.net\/index.php?rest_route=\/wp\/v2\/posts"}],"about":[{"href":"https:\/\/www.diarioimagen.net\/index.php?rest_route=\/wp\/v2\/types\/post"}],"author":[{"embeddable":true,"href":"https:\/\/www.diarioimagen.net\/index.php?rest_route=\/wp\/v2\/users\/3"}],"replies":[{"embeddable":true,"href":"https:\/\/www.diarioimagen.net\/index.php?rest_route=%2Fwp%2Fv2%2Fcomments&post=218702"}],"version-history":[{"count":0,"href":"https:\/\/www.diarioimagen.net\/index.php?rest_route=\/wp\/v2\/posts\/218702\/revisions"}],"wp:featuredmedia":[{"embeddable":true,"href":"https:\/\/www.diarioimagen.net\/index.php?rest_route=\/wp\/v2\/media\/218773"}],"wp:attachment":[{"href":"https:\/\/www.diarioimagen.net\/index.php?rest_route=%2Fwp%2Fv2%2Fmedia&parent=218702"}],"wp:term":[{"taxonomy":"category","embeddable":true,"href":"https:\/\/www.diarioimagen.net\/index.php?rest_route=%2Fwp%2Fv2%2Fcategories&post=218702"},{"taxonomy":"post_tag","embeddable":true,"href":"https:\/\/www.diarioimagen.net\/index.php?rest_route=%2Fwp%2Fv2%2Ftags&post=218702"}],"curies":[{"name":"wp","href":"https:\/\/api.w.org\/{rel}","templated":true}]}}