{"id":218860,"date":"2015-05-27T00:02:07","date_gmt":"2015-05-27T05:02:07","guid":{"rendered":"http:\/\/www.diarioimagen.net\/?p=218860"},"modified":"2015-05-27T02:17:13","modified_gmt":"2015-05-27T07:17:13","slug":"produce-hijo-de-cantinflas-el-baazar-de-los-artistas-en-campo-marte","status":"publish","type":"post","link":"https:\/\/www.diarioimagen.net\/?p=218860","title":{"rendered":"Instala hijo de <em>Cantinflas<\/em> \u201cEl Bazaar de los Artistas\u201d en Campo Marte"},"content":{"rendered":"<ul>\n<li><strong><em>Es a beneficio de la Fundaci\u00f3n C\u00e1ritas San Mar\u00f3n; asistir\u00e1n personajes de la far\u00e1ndula y deportistas invitados<\/em><\/strong><\/li>\n<\/ul>\n<div id=\"attachment_218861\" style=\"width: 250px\" class=\"wp-caption alignleft\"><img loading=\"lazy\" decoding=\"async\" aria-describedby=\"caption-attachment-218861\" class=\"wp-image-218861 size-medium\" src=\"http:\/\/www.diarioimagen.net\/wp-content\/uploads\/2015\/05\/cantinflas-PORTAL-240x140.jpg\" alt=\"Habr\u00e1 t\u00f3mbola con art\u00edculos donados por los invitados famosos. Una guitarra de Diego Verdaguer, m\u00e1scara de Blue Demon Jr. Vestido de Tatiana \u201cLa Reina de los ni\u00f1os\u201d, cuadro de Martha Chapa, boletos para el teatro y m\u00e1s.\" width=\"240\" height=\"140\" srcset=\"https:\/\/www.diarioimagen.net\/wp-content\/uploads\/2015\/05\/cantinflas-PORTAL-240x140.jpg 240w, https:\/\/www.diarioimagen.net\/wp-content\/uploads\/2015\/05\/cantinflas-PORTAL-420x245.jpg 420w, https:\/\/www.diarioimagen.net\/wp-content\/uploads\/2015\/05\/cantinflas-PORTAL.jpg 480w\" sizes=\"auto, (max-width: 240px) 100vw, 240px\" \/><p id=\"caption-attachment-218861\" class=\"wp-caption-text\">Habr\u00e1 t\u00f3mbola con art\u00edculos donados por los invitados famosos. Una guitarra de Diego Verdaguer, m\u00e1scara de <em>Blue Demon Jr<\/em>. Vestido de Tatiana \u201cLa reina de los ni\u00f1os\u201d, cuadro de Martha Chapa, boletos para el teatro y m\u00e1s\u2026<\/p><\/div>\n<p>Con la finalidad de seguir el ejemplo de su padre, Mario Moreno Ivanova decidi\u00f3 producir \u201cEl Bazaar de los Artistas\u201d, evento destinado a procurar fondos para donarlos a la Fundaci\u00f3n C\u00e1ritas de San Mar\u00f3n, la cual ayuda a ni\u00f1os en extrema pobreza del Estado de M\u00e9xico.<\/p>\n<p>\u201cPara m\u00ed es un privilegio continuar con una de las labores m\u00e1s nobles de mi padre, dar y compartir con la gente m\u00e1s desprotegida. A diferencia de lo que mucha gente ha cre\u00eddo por tantos a\u00f1os, mi pap\u00e1, Mario Moreno \u2018Cantinflas\u2019 nunca tuvo una fundaci\u00f3n. \u00c9l ayudaba de manera directa y personal a todo aquel que se acercaba con una buena causa. Por ello, yo he decidido no hacer ninguna fundaci\u00f3n, sino participar directamente con instituciones ya formadas, que desde luego tengan el respaldo social que las avale\u201d, dijo Mario Moreno Ivanova.<\/p>\n<p>Es por ello que se llevar\u00e1 a cabo \u201cEl Bazaar de los Artistas\u201d, los pr\u00f3ximos 29 y 30 de mayo, de 11:00 a 20:00 horas en el Casino del Campo Marte, ubicado a un costado del Auditorio Nacional de la ciudad de M\u00e9xico. La entrada ser\u00e1 gratuita. Habr\u00e1 100 locales, los cuales vender\u00e1n diferentes productos; habr\u00e1 desde pinturas, hasta ropa, joyer\u00eda y productos para el hogar.<\/p>\n<p>Los artistas estar\u00e1n yendo a lo largo de los dos d\u00edas. Sin embargo, la inauguraci\u00f3n oficial se llevar\u00e1 a cabo el viernes 29 de mayo a las 19:00 horas, con un corte de list\u00f3n. Luego de eso, se celebrar\u00e1 el evento m\u00e1s importante de \u201cEl Baazar de los Artistas\u201d, que consta de una t\u00f3mbola, la cual tendr\u00e1 un costo por boleto para los participantes. Entre los maravillosos regalos que podr\u00e1n llevarse, est\u00e1n una guitarra que Diego Verdaguer don\u00f3, el vestido original de Tatiana \u201cLa reina de los ni\u00f1os\u201d, la m\u00e1scara y las mallas autografiadas del luchador <em>Blue Demon Jr<\/em>. y un cuadro de la gran pintora Martha Chapa.<\/p>\n","protected":false},"excerpt":{"rendered":"<p> Con la finalidad de seguir el ejemplo de su padre, Mario Moreno Ivanova decidi\u00f3 producir \u201cEl Bazaar de los Artistas\u201d, evento destinado a procurar fondos para donarlos a la Fundaci\u00f3n C\u00e1ritas de San Mar\u00f3n, la cual ayuda a ni\u00f1os en extrema pobreza del Estado de M\u00e9xico.<\/p>\n","protected":false},"author":5,"featured_media":218861,"comment_status":"open","ping_status":"open","sticky":false,"template":"","format":"standard","meta":{"_monsterinsights_skip_tracking":false,"_monsterinsights_sitenote_active":false,"_monsterinsights_sitenote_note":"","_monsterinsights_sitenote_category":0,"footnotes":""},"categories":[17,12],"tags":[43682],"class_list":["post-218860","post","type-post","status-publish","format-standard","has-post-thumbnail","hentry","category-especiales","category-espectaculos","tag-espectaculos"],"_links":{"self":[{"href":"https:\/\/www.diarioimagen.net\/index.php?rest_route=\/wp\/v2\/posts\/218860","targetHints":{"allow":["GET"]}}],"collection":[{"href":"https:\/\/www.diarioimagen.net\/index.php?rest_route=\/wp\/v2\/posts"}],"about":[{"href":"https:\/\/www.diarioimagen.net\/index.php?rest_route=\/wp\/v2\/types\/post"}],"author":[{"embeddable":true,"href":"https:\/\/www.diarioimagen.net\/index.php?rest_route=\/wp\/v2\/users\/5"}],"replies":[{"embeddable":true,"href":"https:\/\/www.diarioimagen.net\/index.php?rest_route=%2Fwp%2Fv2%2Fcomments&post=218860"}],"version-history":[{"count":0,"href":"https:\/\/www.diarioimagen.net\/index.php?rest_route=\/wp\/v2\/posts\/218860\/revisions"}],"wp:featuredmedia":[{"embeddable":true,"href":"https:\/\/www.diarioimagen.net\/index.php?rest_route=\/wp\/v2\/media\/218861"}],"wp:attachment":[{"href":"https:\/\/www.diarioimagen.net\/index.php?rest_route=%2Fwp%2Fv2%2Fmedia&parent=218860"}],"wp:term":[{"taxonomy":"category","embeddable":true,"href":"https:\/\/www.diarioimagen.net\/index.php?rest_route=%2Fwp%2Fv2%2Fcategories&post=218860"},{"taxonomy":"post_tag","embeddable":true,"href":"https:\/\/www.diarioimagen.net\/index.php?rest_route=%2Fwp%2Fv2%2Ftags&post=218860"}],"curies":[{"name":"wp","href":"https:\/\/api.w.org\/{rel}","templated":true}]}}